{"id":954,"date":"2024-08-12T15:14:31","date_gmt":"2024-08-12T13:14:31","guid":{"rendered":"https:\/\/www.protopopiatebn.ro\/?p=954"},"modified":"2024-08-16T06:52:00","modified_gmt":"2024-08-16T04:52:00","slug":"hramul-bisericii-greco-catolice-adormirea-maicii-domnului-feldru-15-august-2024","status":"publish","type":"post","link":"https:\/\/www.protopopiatebn.ro\/index.php\/2024\/08\/12\/hramul-bisericii-greco-catolice-adormirea-maicii-domnului-feldru-15-august-2024\/","title":{"rendered":"Invita\u021bie la Hramul Bisericii Greco-Catolice \u201dAdormirea Maicii Domnului\u201d Feldru &#8211; 15 august 2024"},"content":{"rendered":"<p>Cu mare bucurie v\u0103 invit\u0103m joi, 15 august 2024, la s\u0103rb\u0103torirea Hramului Bisericii Greco-Catolice \u201dAdormirea Maicii Domnului\u201d Feldru. Sf\u00e2nta Liturghie va fi celebrat\u0103 de Pr. Cristian Goia, protopop de Beclean, Bistri\u021ba \u0219i Rodna \u00eempreun\u0103 cu Pr. Claudiu Oltean, parohul locului \u0219i un sobor de preo\u021bi. \u00cen cadrul Sfintei Liturghii, 8 copii din parohie vor face Prima \u00cemp\u0103rt\u0103\u0219anie Solemn\u0103. R\u0103spunsurile la Sf\u00e2nta Liturghie vor fi date de Corul parohiei \u201dS\u00e2ngeorz B\u0103i\u201d. Pelerinajul la Biserica \u201dAdormirea Maicii Domnului\u201d din Feldru a fost ini\u021biat cu ocazia sfin\u021birii Bisericii \u00een anul 1993, c\u00e2nd s-a primit pentru venerare ca relicv\u0103 o bucat\u0103 din V\u0103lul Maicii Sfinte.\u00a0 V\u0103 a\u0219tept\u0103m cu mult drag pentru a ne ruga \u00eempreun\u0103, l\u0103ud\u00e2ndu-L \u0219i pream\u0103rindu-L pe Dumnezeu!<\/p>\n<p><img loading=\"lazy\" decoding=\"async\" class=\"size-large wp-image-955 aligncenter\" src=\"https:\/\/www.protopopiatebn.ro\/wp-content\/uploads\/2024\/08\/afishram2024-724x1024.jpg\" alt=\"\" width=\"700\" height=\"990\" srcset=\"https:\/\/www.protopopiatebn.ro\/wp-content\/uploads\/2024\/08\/afishram2024-724x1024.jpg 724w, https:\/\/www.protopopiatebn.ro\/wp-content\/uploads\/2024\/08\/afishram2024-212x300.jpg 212w, https:\/\/www.protopopiatebn.ro\/wp-content\/uploads\/2024\/08\/afishram2024-768x1086.jpg 768w, https:\/\/www.protopopiatebn.ro\/wp-content\/uploads\/2024\/08\/afishram2024-1086x1536.jpg 1086w, https:\/\/www.protopopiatebn.ro\/wp-content\/uploads\/2024\/08\/afishram2024-1448x2048.jpg 1448w, https:\/\/www.protopopiatebn.ro\/wp-content\/uploads\/2024\/08\/afishram2024-scaled.jpg 1810w\" sizes=\"auto, (max-width: 700px) 100vw, 700px\" \/><\/p>\n<h3><strong><a href=\"https:\/\/youtube.com\/live\/K73TX4Sqlek\">Transmisie live &#8211; Joi 15 august 2024, ora 10.00, Sf. Liturghie<\/a><\/strong><\/h3>\n<p><iframe loading=\"lazy\" title=\"YouTube video player\" src=\"https:\/\/www.youtube.com\/embed\/K73TX4Sqlek?si=l0ZjPbyTvY2hNRbi\" width=\"560\" height=\"315\" frameborder=\"0\" allowfullscreen=\"allowfullscreen\"><\/iframe><\/p>\n<h2 style=\"text-align: center;\"><a href=\"http:\/\/protopopiatebn.ro\/turbisFeldruAM.html\">TUR VIRTUAL BISERICA<\/a><\/h2>\n<h2 style=\"text-align: center;\"><a href=\"https:\/\/www.protopopiatebn.ro\/index.php\/parohia-greco-catolica-feldru-valea-secerului\/\">Parohia Greco-Catolic\u0103 Feldru &#8211; Valea Secerului istoric<\/a><\/h2>\n<h2 style=\"text-align: center;\"><a href=\"https:\/\/photos.app.goo.gl\/Rh73T2Z7pFn9SH476\">ALBUM FOTO BISERICA \u201dADORMIREA MAICII DOMNULUI\u201d FELDRU<\/a><\/h2>\n","protected":false},"excerpt":{"rendered":"<p>Cu mare bucurie v\u0103 invit\u0103m joi, 15 august 2024, la s\u0103rb\u0103torirea Hramului Bisericii Greco-Catolice \u201dAdormirea Maicii Domnului\u201d Feldru. Sf\u00e2nta Liturghie va fi celebrat\u0103 de Pr. Cristian Goia, protopop de Beclean, Bistri\u021ba \u0219i Rodna \u00eempreun\u0103 cu Pr. Claudiu Oltean, parohul locului \u0219i un sobor de preo\u021bi. \u00cen cadrul Sfintei Liturghii, 8 copii din parohie vor face &#8230; <span class=\"more\"><a class=\"more-link\" href=\"https:\/\/www.protopopiatebn.ro\/index.php\/2024\/08\/12\/hramul-bisericii-greco-catolice-adormirea-maicii-domnului-feldru-15-august-2024\/\">[Read more&#8230;]<\/a><\/span><\/p>\n","protected":false},"author":3,"featured_media":0,"comment_status":"open","ping_status":"open","sticky":false,"template":"","format":"standard","meta":{"footnotes":""},"categories":[1],"tags":[],"class_list":{"0":"entry","1":"post","2":"publish","3":"author-protos","4":"post-954","6":"format-standard","7":"category-uncategorized"},"yoast_head":"<!-- This site is optimized with the Yoast SEO plugin v27.5 - https:\/\/yoast.com\/product\/yoast-seo-wordpress\/ -->\n<title>Invita\u021bie la Hramul Bisericii Greco-Catolice \u201dAdormirea Maicii Domnului\u201d Feldru - 15 august 2024 - PROTOPOPIATELE GRECO-CATOLICE BECLEAN, BISTRI\u021aA \u0218I RODNA<\/title>\n<meta name=\"robots\" content=\"index, follow, max-snippet:-1, max-image-preview:large, max-video-preview:-1\" \/>\n<link rel=\"canonical\" href=\"https:\/\/www.protopopiatebn.ro\/index.php\/2024\/08\/12\/hramul-bisericii-greco-catolice-adormirea-maicii-domnului-feldru-15-august-2024\/\" \/>\n<meta property=\"og:locale\" content=\"ro_RO\" \/>\n<meta property=\"og:type\" content=\"article\" \/>\n<meta property=\"og:title\" content=\"Invita\u021bie la Hramul Bisericii Greco-Catolice \u201dAdormirea Maicii Domnului\u201d Feldru - 15 august 2024 - PROTOPOPIATELE GRECO-CATOLICE BECLEAN, BISTRI\u021aA \u0218I RODNA\" \/>\n<meta property=\"og:description\" content=\"Cu mare bucurie v\u0103 invit\u0103m joi, 15 august 2024, la s\u0103rb\u0103torirea Hramului Bisericii Greco-Catolice \u201dAdormirea Maicii Domnului\u201d Feldru. Sf\u00e2nta Liturghie va fi celebrat\u0103 de Pr. Cristian Goia, protopop de Beclean, Bistri\u021ba \u0219i Rodna \u00eempreun\u0103 cu Pr. Claudiu Oltean, parohul locului \u0219i un sobor de preo\u021bi. \u00cen cadrul Sfintei Liturghii, 8 copii din parohie vor face ... [Read more...]\" \/>\n<meta property=\"og:url\" content=\"https:\/\/www.protopopiatebn.ro\/index.php\/2024\/08\/12\/hramul-bisericii-greco-catolice-adormirea-maicii-domnului-feldru-15-august-2024\/\" \/>\n<meta property=\"og:site_name\" content=\"PROTOPOPIATELE GRECO-CATOLICE BECLEAN, BISTRI\u021aA \u0218I RODNA\" \/>\n<meta property=\"article:published_time\" content=\"2024-08-12T13:14:31+00:00\" \/>\n<meta property=\"article:modified_time\" content=\"2024-08-16T04:52:00+00:00\" \/>\n<meta property=\"og:image\" content=\"https:\/\/www.protopopiatebn.ro\/wp-content\/uploads\/2024\/08\/afishram2024-724x1024.jpg\" \/>\n<meta name=\"author\" content=\"media\" \/>\n<meta name=\"twitter:card\" content=\"summary_large_image\" \/>\n<meta name=\"twitter:label1\" content=\"Scris de\" \/>\n\t<meta name=\"twitter:data1\" content=\"media\" \/>\n\t<meta name=\"twitter:label2\" content=\"Timp estimat pentru citire\" \/>\n\t<meta name=\"twitter:data2\" content=\"1 minut\" \/>\n<script type=\"application\/ld+json\" class=\"yoast-schema-graph\">{\"@context\":\"https:\\\/\\\/schema.org\",\"@graph\":[{\"@type\":\"Article\",\"@id\":\"https:\\\/\\\/www.protopopiatebn.ro\\\/index.php\\\/2024\\\/08\\\/12\\\/hramul-bisericii-greco-catolice-adormirea-maicii-domnului-feldru-15-august-2024\\\/#article\",\"isPartOf\":{\"@id\":\"https:\\\/\\\/www.protopopiatebn.ro\\\/index.php\\\/2024\\\/08\\\/12\\\/hramul-bisericii-greco-catolice-adormirea-maicii-domnului-feldru-15-august-2024\\\/\"},\"author\":{\"name\":\"media\",\"@id\":\"https:\\\/\\\/www.protopopiatebn.ro\\\/#\\\/schema\\\/person\\\/197df79e4c7a10df5e789cc6657cf4b6\"},\"headline\":\"Invita\u021bie la Hramul Bisericii Greco-Catolice \u201dAdormirea Maicii Domnului\u201d Feldru &#8211; 15 august 2024\",\"datePublished\":\"2024-08-12T13:14:31+00:00\",\"dateModified\":\"2024-08-16T04:52:00+00:00\",\"mainEntityOfPage\":{\"@id\":\"https:\\\/\\\/www.protopopiatebn.ro\\\/index.php\\\/2024\\\/08\\\/12\\\/hramul-bisericii-greco-catolice-adormirea-maicii-domnului-feldru-15-august-2024\\\/\"},\"wordCount\":170,\"commentCount\":0,\"image\":{\"@id\":\"https:\\\/\\\/www.protopopiatebn.ro\\\/index.php\\\/2024\\\/08\\\/12\\\/hramul-bisericii-greco-catolice-adormirea-maicii-domnului-feldru-15-august-2024\\\/#primaryimage\"},\"thumbnailUrl\":\"https:\\\/\\\/www.protopopiatebn.ro\\\/wp-content\\\/uploads\\\/2024\\\/08\\\/afishram2024-724x1024.jpg\",\"articleSection\":[\"Uncategorized\"],\"inLanguage\":\"ro-RO\",\"potentialAction\":[{\"@type\":\"CommentAction\",\"name\":\"Comment\",\"target\":[\"https:\\\/\\\/www.protopopiatebn.ro\\\/index.php\\\/2024\\\/08\\\/12\\\/hramul-bisericii-greco-catolice-adormirea-maicii-domnului-feldru-15-august-2024\\\/#respond\"]}]},{\"@type\":\"WebPage\",\"@id\":\"https:\\\/\\\/www.protopopiatebn.ro\\\/index.php\\\/2024\\\/08\\\/12\\\/hramul-bisericii-greco-catolice-adormirea-maicii-domnului-feldru-15-august-2024\\\/\",\"url\":\"https:\\\/\\\/www.protopopiatebn.ro\\\/index.php\\\/2024\\\/08\\\/12\\\/hramul-bisericii-greco-catolice-adormirea-maicii-domnului-feldru-15-august-2024\\\/\",\"name\":\"Invita\u021bie la Hramul Bisericii Greco-Catolice \u201dAdormirea Maicii Domnului\u201d Feldru - 15 august 2024 - PROTOPOPIATELE GRECO-CATOLICE BECLEAN, BISTRI\u021aA \u0218I RODNA\",\"isPartOf\":{\"@id\":\"https:\\\/\\\/www.protopopiatebn.ro\\\/#website\"},\"primaryImageOfPage\":{\"@id\":\"https:\\\/\\\/www.protopopiatebn.ro\\\/index.php\\\/2024\\\/08\\\/12\\\/hramul-bisericii-greco-catolice-adormirea-maicii-domnului-feldru-15-august-2024\\\/#primaryimage\"},\"image\":{\"@id\":\"https:\\\/\\\/www.protopopiatebn.ro\\\/index.php\\\/2024\\\/08\\\/12\\\/hramul-bisericii-greco-catolice-adormirea-maicii-domnului-feldru-15-august-2024\\\/#primaryimage\"},\"thumbnailUrl\":\"https:\\\/\\\/www.protopopiatebn.ro\\\/wp-content\\\/uploads\\\/2024\\\/08\\\/afishram2024-724x1024.jpg\",\"datePublished\":\"2024-08-12T13:14:31+00:00\",\"dateModified\":\"2024-08-16T04:52:00+00:00\",\"author\":{\"@id\":\"https:\\\/\\\/www.protopopiatebn.ro\\\/#\\\/schema\\\/person\\\/197df79e4c7a10df5e789cc6657cf4b6\"},\"breadcrumb\":{\"@id\":\"https:\\\/\\\/www.protopopiatebn.ro\\\/index.php\\\/2024\\\/08\\\/12\\\/hramul-bisericii-greco-catolice-adormirea-maicii-domnului-feldru-15-august-2024\\\/#breadcrumb\"},\"inLanguage\":\"ro-RO\",\"potentialAction\":[{\"@type\":\"ReadAction\",\"target\":[\"https:\\\/\\\/www.protopopiatebn.ro\\\/index.php\\\/2024\\\/08\\\/12\\\/hramul-bisericii-greco-catolice-adormirea-maicii-domnului-feldru-15-august-2024\\\/\"]}]},{\"@type\":\"ImageObject\",\"inLanguage\":\"ro-RO\",\"@id\":\"https:\\\/\\\/www.protopopiatebn.ro\\\/index.php\\\/2024\\\/08\\\/12\\\/hramul-bisericii-greco-catolice-adormirea-maicii-domnului-feldru-15-august-2024\\\/#primaryimage\",\"url\":\"https:\\\/\\\/www.protopopiatebn.ro\\\/wp-content\\\/uploads\\\/2024\\\/08\\\/afishram2024-scaled.jpg\",\"contentUrl\":\"https:\\\/\\\/www.protopopiatebn.ro\\\/wp-content\\\/uploads\\\/2024\\\/08\\\/afishram2024-scaled.jpg\",\"width\":1810,\"height\":2560},{\"@type\":\"BreadcrumbList\",\"@id\":\"https:\\\/\\\/www.protopopiatebn.ro\\\/index.php\\\/2024\\\/08\\\/12\\\/hramul-bisericii-greco-catolice-adormirea-maicii-domnului-feldru-15-august-2024\\\/#breadcrumb\",\"itemListElement\":[{\"@type\":\"ListItem\",\"position\":1,\"name\":\"Home\",\"item\":\"https:\\\/\\\/www.protopopiatebn.ro\\\/\"},{\"@type\":\"ListItem\",\"position\":2,\"name\":\"Invita\u021bie la Hramul Bisericii Greco-Catolice \u201dAdormirea Maicii Domnului\u201d Feldru &#8211; 15 august 2024\"}]},{\"@type\":\"WebSite\",\"@id\":\"https:\\\/\\\/www.protopopiatebn.ro\\\/#website\",\"url\":\"https:\\\/\\\/www.protopopiatebn.ro\\\/\",\"name\":\"PROTOPOPIATELE GRECO-CATOLICE BECLEAN, BISTRI\u021aA \u0218I RODNA\",\"description\":\"\",\"potentialAction\":[{\"@type\":\"SearchAction\",\"target\":{\"@type\":\"EntryPoint\",\"urlTemplate\":\"https:\\\/\\\/www.protopopiatebn.ro\\\/?s={search_term_string}\"},\"query-input\":{\"@type\":\"PropertyValueSpecification\",\"valueRequired\":true,\"valueName\":\"search_term_string\"}}],\"inLanguage\":\"ro-RO\"},{\"@type\":\"Person\",\"@id\":\"https:\\\/\\\/www.protopopiatebn.ro\\\/#\\\/schema\\\/person\\\/197df79e4c7a10df5e789cc6657cf4b6\",\"name\":\"media\",\"image\":{\"@type\":\"ImageObject\",\"inLanguage\":\"ro-RO\",\"@id\":\"https:\\\/\\\/secure.gravatar.com\\\/avatar\\\/04cd0dc906eda4d18642465bdfac0c5e44dc1c0aee2c6e9ddadbbd2294e96fe6?s=96&d=mm&r=g\",\"url\":\"https:\\\/\\\/secure.gravatar.com\\\/avatar\\\/04cd0dc906eda4d18642465bdfac0c5e44dc1c0aee2c6e9ddadbbd2294e96fe6?s=96&d=mm&r=g\",\"contentUrl\":\"https:\\\/\\\/secure.gravatar.com\\\/avatar\\\/04cd0dc906eda4d18642465bdfac0c5e44dc1c0aee2c6e9ddadbbd2294e96fe6?s=96&d=mm&r=g\",\"caption\":\"media\"},\"sameAs\":[\"http:\\\/\\\/www.protopopiatebn.ro\"],\"url\":\"https:\\\/\\\/www.protopopiatebn.ro\\\/index.php\\\/author\\\/protos\\\/\"}]}<\/script>\n<!-- \/ Yoast SEO plugin. -->","yoast_head_json":{"title":"Invita\u021bie la Hramul Bisericii Greco-Catolice \u201dAdormirea Maicii Domnului\u201d Feldru - 15 august 2024 - PROTOPOPIATELE GRECO-CATOLICE BECLEAN, BISTRI\u021aA \u0218I RODNA","robots":{"index":"index","follow":"follow","max-snippet":"max-snippet:-1","max-image-preview":"max-image-preview:large","max-video-preview":"max-video-preview:-1"},"canonical":"https:\/\/www.protopopiatebn.ro\/index.php\/2024\/08\/12\/hramul-bisericii-greco-catolice-adormirea-maicii-domnului-feldru-15-august-2024\/","og_locale":"ro_RO","og_type":"article","og_title":"Invita\u021bie la Hramul Bisericii Greco-Catolice \u201dAdormirea Maicii Domnului\u201d Feldru - 15 august 2024 - PROTOPOPIATELE GRECO-CATOLICE BECLEAN, BISTRI\u021aA \u0218I RODNA","og_description":"Cu mare bucurie v\u0103 invit\u0103m joi, 15 august 2024, la s\u0103rb\u0103torirea Hramului Bisericii Greco-Catolice \u201dAdormirea Maicii Domnului\u201d Feldru. Sf\u00e2nta Liturghie va fi celebrat\u0103 de Pr. Cristian Goia, protopop de Beclean, Bistri\u021ba \u0219i Rodna \u00eempreun\u0103 cu Pr. Claudiu Oltean, parohul locului \u0219i un sobor de preo\u021bi. \u00cen cadrul Sfintei Liturghii, 8 copii din parohie vor face ... [Read more...]","og_url":"https:\/\/www.protopopiatebn.ro\/index.php\/2024\/08\/12\/hramul-bisericii-greco-catolice-adormirea-maicii-domnului-feldru-15-august-2024\/","og_site_name":"PROTOPOPIATELE GRECO-CATOLICE BECLEAN, BISTRI\u021aA \u0218I RODNA","article_published_time":"2024-08-12T13:14:31+00:00","article_modified_time":"2024-08-16T04:52:00+00:00","og_image":[{"url":"https:\/\/www.protopopiatebn.ro\/wp-content\/uploads\/2024\/08\/afishram2024-724x1024.jpg","type":"","width":"","height":""}],"author":"media","twitter_card":"summary_large_image","twitter_misc":{"Scris de":"media","Timp estimat pentru citire":"1 minut"},"schema":{"@context":"https:\/\/schema.org","@graph":[{"@type":"Article","@id":"https:\/\/www.protopopiatebn.ro\/index.php\/2024\/08\/12\/hramul-bisericii-greco-catolice-adormirea-maicii-domnului-feldru-15-august-2024\/#article","isPartOf":{"@id":"https:\/\/www.protopopiatebn.ro\/index.php\/2024\/08\/12\/hramul-bisericii-greco-catolice-adormirea-maicii-domnului-feldru-15-august-2024\/"},"author":{"name":"media","@id":"https:\/\/www.protopopiatebn.ro\/#\/schema\/person\/197df79e4c7a10df5e789cc6657cf4b6"},"headline":"Invita\u021bie la Hramul Bisericii Greco-Catolice \u201dAdormirea Maicii Domnului\u201d Feldru &#8211; 15 august 2024","datePublished":"2024-08-12T13:14:31+00:00","dateModified":"2024-08-16T04:52:00+00:00","mainEntityOfPage":{"@id":"https:\/\/www.protopopiatebn.ro\/index.php\/2024\/08\/12\/hramul-bisericii-greco-catolice-adormirea-maicii-domnului-feldru-15-august-2024\/"},"wordCount":170,"commentCount":0,"image":{"@id":"https:\/\/www.protopopiatebn.ro\/index.php\/2024\/08\/12\/hramul-bisericii-greco-catolice-adormirea-maicii-domnului-feldru-15-august-2024\/#primaryimage"},"thumbnailUrl":"https:\/\/www.protopopiatebn.ro\/wp-content\/uploads\/2024\/08\/afishram2024-724x1024.jpg","articleSection":["Uncategorized"],"inLanguage":"ro-RO","potentialAction":[{"@type":"CommentAction","name":"Comment","target":["https:\/\/www.protopopiatebn.ro\/index.php\/2024\/08\/12\/hramul-bisericii-greco-catolice-adormirea-maicii-domnului-feldru-15-august-2024\/#respond"]}]},{"@type":"WebPage","@id":"https:\/\/www.protopopiatebn.ro\/index.php\/2024\/08\/12\/hramul-bisericii-greco-catolice-adormirea-maicii-domnului-feldru-15-august-2024\/","url":"https:\/\/www.protopopiatebn.ro\/index.php\/2024\/08\/12\/hramul-bisericii-greco-catolice-adormirea-maicii-domnului-feldru-15-august-2024\/","name":"Invita\u021bie la Hramul Bisericii Greco-Catolice \u201dAdormirea Maicii Domnului\u201d Feldru - 15 august 2024 - PROTOPOPIATELE GRECO-CATOLICE BECLEAN, BISTRI\u021aA \u0218I RODNA","isPartOf":{"@id":"https:\/\/www.protopopiatebn.ro\/#website"},"primaryImageOfPage":{"@id":"https:\/\/www.protopopiatebn.ro\/index.php\/2024\/08\/12\/hramul-bisericii-greco-catolice-adormirea-maicii-domnului-feldru-15-august-2024\/#primaryimage"},"image":{"@id":"https:\/\/www.protopopiatebn.ro\/index.php\/2024\/08\/12\/hramul-bisericii-greco-catolice-adormirea-maicii-domnului-feldru-15-august-2024\/#primaryimage"},"thumbnailUrl":"https:\/\/www.protopopiatebn.ro\/wp-content\/uploads\/2024\/08\/afishram2024-724x1024.jpg","datePublished":"2024-08-12T13:14:31+00:00","dateModified":"2024-08-16T04:52:00+00:00","author":{"@id":"https:\/\/www.protopopiatebn.ro\/#\/schema\/person\/197df79e4c7a10df5e789cc6657cf4b6"},"breadcrumb":{"@id":"https:\/\/www.protopopiatebn.ro\/index.php\/2024\/08\/12\/hramul-bisericii-greco-catolice-adormirea-maicii-domnului-feldru-15-august-2024\/#breadcrumb"},"inLanguage":"ro-RO","potentialAction":[{"@type":"ReadAction","target":["https:\/\/www.protopopiatebn.ro\/index.php\/2024\/08\/12\/hramul-bisericii-greco-catolice-adormirea-maicii-domnului-feldru-15-august-2024\/"]}]},{"@type":"ImageObject","inLanguage":"ro-RO","@id":"https:\/\/www.protopopiatebn.ro\/index.php\/2024\/08\/12\/hramul-bisericii-greco-catolice-adormirea-maicii-domnului-feldru-15-august-2024\/#primaryimage","url":"https:\/\/www.protopopiatebn.ro\/wp-content\/uploads\/2024\/08\/afishram2024-scaled.jpg","contentUrl":"https:\/\/www.protopopiatebn.ro\/wp-content\/uploads\/2024\/08\/afishram2024-scaled.jpg","width":1810,"height":2560},{"@type":"BreadcrumbList","@id":"https:\/\/www.protopopiatebn.ro\/index.php\/2024\/08\/12\/hramul-bisericii-greco-catolice-adormirea-maicii-domnului-feldru-15-august-2024\/#breadcrumb","itemListElement":[{"@type":"ListItem","position":1,"name":"Home","item":"https:\/\/www.protopopiatebn.ro\/"},{"@type":"ListItem","position":2,"name":"Invita\u021bie la Hramul Bisericii Greco-Catolice \u201dAdormirea Maicii Domnului\u201d Feldru &#8211; 15 august 2024"}]},{"@type":"WebSite","@id":"https:\/\/www.protopopiatebn.ro\/#website","url":"https:\/\/www.protopopiatebn.ro\/","name":"PROTOPOPIATELE GRECO-CATOLICE BECLEAN, BISTRI\u021aA \u0218I RODNA","description":"","potentialAction":[{"@type":"SearchAction","target":{"@type":"EntryPoint","urlTemplate":"https:\/\/www.protopopiatebn.ro\/?s={search_term_string}"},"query-input":{"@type":"PropertyValueSpecification","valueRequired":true,"valueName":"search_term_string"}}],"inLanguage":"ro-RO"},{"@type":"Person","@id":"https:\/\/www.protopopiatebn.ro\/#\/schema\/person\/197df79e4c7a10df5e789cc6657cf4b6","name":"media","image":{"@type":"ImageObject","inLanguage":"ro-RO","@id":"https:\/\/secure.gravatar.com\/avatar\/04cd0dc906eda4d18642465bdfac0c5e44dc1c0aee2c6e9ddadbbd2294e96fe6?s=96&d=mm&r=g","url":"https:\/\/secure.gravatar.com\/avatar\/04cd0dc906eda4d18642465bdfac0c5e44dc1c0aee2c6e9ddadbbd2294e96fe6?s=96&d=mm&r=g","contentUrl":"https:\/\/secure.gravatar.com\/avatar\/04cd0dc906eda4d18642465bdfac0c5e44dc1c0aee2c6e9ddadbbd2294e96fe6?s=96&d=mm&r=g","caption":"media"},"sameAs":["http:\/\/www.protopopiatebn.ro"],"url":"https:\/\/www.protopopiatebn.ro\/index.php\/author\/protos\/"}]}},"_links":{"self":[{"href":"https:\/\/www.protopopiatebn.ro\/index.php\/wp-json\/wp\/v2\/posts\/954","targetHints":{"allow":["GET"]}}],"collection":[{"href":"https:\/\/www.protopopiatebn.ro\/index.php\/wp-json\/wp\/v2\/posts"}],"about":[{"href":"https:\/\/www.protopopiatebn.ro\/index.php\/wp-json\/wp\/v2\/types\/post"}],"author":[{"embeddable":true,"href":"https:\/\/www.protopopiatebn.ro\/index.php\/wp-json\/wp\/v2\/users\/3"}],"replies":[{"embeddable":true,"href":"https:\/\/www.protopopiatebn.ro\/index.php\/wp-json\/wp\/v2\/comments?post=954"}],"version-history":[{"count":10,"href":"https:\/\/www.protopopiatebn.ro\/index.php\/wp-json\/wp\/v2\/posts\/954\/revisions"}],"predecessor-version":[{"id":973,"href":"https:\/\/www.protopopiatebn.ro\/index.php\/wp-json\/wp\/v2\/posts\/954\/revisions\/973"}],"wp:attachment":[{"href":"https:\/\/www.protopopiatebn.ro\/index.php\/wp-json\/wp\/v2\/media?parent=954"}],"wp:term":[{"taxonomy":"category","embeddable":true,"href":"https:\/\/www.protopopiatebn.ro\/index.php\/wp-json\/wp\/v2\/categories?post=954"},{"taxonomy":"post_tag","embeddable":true,"href":"https:\/\/www.protopopiatebn.ro\/index.php\/wp-json\/wp\/v2\/tags?post=954"}],"curies":[{"name":"wp","href":"https:\/\/api.w.org\/{rel}","templated":true}]}}