{"id":888,"date":"2024-06-13T17:49:58","date_gmt":"2024-06-13T15:49:58","guid":{"rendered":"https:\/\/www.protopopiatebn.ro\/?p=888"},"modified":"2024-06-26T14:23:12","modified_gmt":"2024-06-26T12:23:12","slug":"sfintirea-crucii-monument-de-la-teaca-in-memoria-unor-victime-ale-comunismului-13-iunie-2024","status":"publish","type":"post","link":"https:\/\/www.protopopiatebn.ro\/index.php\/2024\/06\/13\/sfintirea-crucii-monument-de-la-teaca-in-memoria-unor-victime-ale-comunismului-13-iunie-2024\/","title":{"rendered":"Sfin\u021birea Crucii Monument de la Teaca \u00een memoria unor victime ale regimului comunist &#8211; 13 iunie 2024"},"content":{"rendered":"<p><img loading=\"lazy\" decoding=\"async\" class=\"aligncenter wp-image-889\" src=\"https:\/\/www.protopopiatebn.ro\/wp-content\/uploads\/2024\/06\/IMG_20240613_142333-scaled.jpg\" alt=\"\" width=\"1154\" height=\"865\" srcset=\"https:\/\/www.protopopiatebn.ro\/wp-content\/uploads\/2024\/06\/IMG_20240613_142333-scaled.jpg 2560w, https:\/\/www.protopopiatebn.ro\/wp-content\/uploads\/2024\/06\/IMG_20240613_142333-300x225.jpg 300w, https:\/\/www.protopopiatebn.ro\/wp-content\/uploads\/2024\/06\/IMG_20240613_142333-1024x768.jpg 1024w, https:\/\/www.protopopiatebn.ro\/wp-content\/uploads\/2024\/06\/IMG_20240613_142333-768x576.jpg 768w, https:\/\/www.protopopiatebn.ro\/wp-content\/uploads\/2024\/06\/IMG_20240613_142333-1536x1152.jpg 1536w, https:\/\/www.protopopiatebn.ro\/wp-content\/uploads\/2024\/06\/IMG_20240613_142333-2048x1536.jpg 2048w\" sizes=\"auto, (max-width: 1154px) 100vw, 1154px\" \/><\/p>\n<p><span style=\"font-weight: 400;\">\u00cen Sf\u00e2nta s\u0103rb\u0103toare a \u00cen\u0103l\u021b\u0103rii Domnului a avut loc la marginea localit\u0103\u021bii Teaca sfin\u021birea unei cruci comemorative ridicat\u0103 \u00een memoria a 13 victime ucise cu brutalitate de\u00a0 regimul comunist. Monumentul a fost ridicat de c\u0103tre familia regizorului Nicolae M\u0103rgineanu \u00eentruc\u00e2t una dintre victime, Petru M\u0103rgineanu, a fost unchiul marelui regizor rom\u00e2n.<\/span> <span style=\"font-weight: 400;\">Victimele f\u0103ceau parte din zecile de de\u021binu\u021bi politici care au fost condamna\u021bi la \u00eenchisoare pe diferite termene de c\u0103tre instan\u021bele militare, dar care, \u00eentre anii 1949 \u0219i 1950 au fost sco\u0219i din penitenciare \u0219i asasina\u021bi din dispozi\u021bia Securit\u0103\u021bii. <\/span><\/p>\n<p><span style=\"font-weight: 400;\">Detalii despre execu\u021bia acestor de\u021binu\u021bi reg\u0103sim \u00een declara\u021bia dat\u0103 \u00een de maiorul direct implicat \u00een uciderea lor, Eugen Alim\u0103nescu. Acesta relateaz\u0103 cum o parte din victime au fost \u00eempu\u0219cate \u00eentr-o p\u0103dure de l\u00e2ng\u0103 ora\u0219ul Bistri\u021ba, iar altele au fost \u0219trangulate cu sfori \u00eentr-o alt\u0103 p\u0103dure situat\u0103 \u00eentre comuna Teaca \u0219i ora\u0219ul Reghin. Trupurile lor au fost \u00eenhumate \u00een gropi comune care nu au mai fost descoperite niciodat\u0103.<\/span><\/p>\n<p><span style=\"font-weight: 400;\">P\u0103rin\u021bii protopopi\u00a0<\/span>Adrian Lung &#8211; protopop de Reghin, Gheorgheni \u0219i Teaca \u0219i Pr. Cristian Goia &#8211; protopop de Beclean, Bistri\u021ba \u0219i Rodna, \u00eempreun\u0103 cu pr. Lucian Alexa Rus &#8211; paroh de Teaca \u0219i pr. Zaharia F\u0103rca\u0219, al\u0103turi fiind \u0219i preo\u021bi ortodoc\u0219i din Bistri\u021ba,\u00a0 comuna Teaca \u0219i \u00eemprejurimi, au celebrat sfin\u021birea monumentului \u0219i un parastas de pomenire a acestor victime ale cruzimii comuniste.<\/p>\n<p><span style=\"font-weight: 400;\">Dup\u0103 oficiul liturgic istoricul \u0219i arheologul Gheorghe Petrov a vorbit pe larg despre cele \u00eent\u00e2mplate cu victimele de la Teaca. Prezen\u021bi la eveniment au fost regizorul Nicolae M\u0103rgineanu \u0219i so\u021bia d\u00e2nsului, actri\u021ba Maria Ploae, precum \u0219i oficialit\u0103\u021bi locale, invita\u021bi ai familiei M\u0103rgineanu \u0219i mai mul\u021bi localnici.<\/span><\/p>\n<p style=\"text-align: right;\">\u00a0a consemnat secretar protopopial diacon Ovidiu Iusco<\/p>\n<h2 style=\"text-align: left;\"><a href=\"https:\/\/photos.app.goo.gl\/esxc1FVgQHHYmbvUA\"><strong>ALBUM FOTO EVENIMENT<\/strong><\/a><\/h2>\n","protected":false},"excerpt":{"rendered":"<p>\u00cen Sf\u00e2nta s\u0103rb\u0103toare a \u00cen\u0103l\u021b\u0103rii Domnului a avut loc la marginea localit\u0103\u021bii Teaca sfin\u021birea unei cruci comemorative ridicat\u0103 \u00een memoria a 13 victime ucise cu brutalitate de\u00a0 regimul comunist. Monumentul a fost ridicat de c\u0103tre familia regizorului Nicolae M\u0103rgineanu \u00eentruc\u00e2t una dintre victime, Petru M\u0103rgineanu, a fost unchiul marelui regizor rom\u00e2n. Victimele f\u0103ceau parte din &#8230; <span class=\"more\"><a class=\"more-link\" href=\"https:\/\/www.protopopiatebn.ro\/index.php\/2024\/06\/13\/sfintirea-crucii-monument-de-la-teaca-in-memoria-unor-victime-ale-comunismului-13-iunie-2024\/\">[Read more&#8230;]<\/a><\/span><\/p>\n","protected":false},"author":3,"featured_media":0,"comment_status":"open","ping_status":"open","sticky":false,"template":"","format":"standard","meta":{"footnotes":""},"categories":[1],"tags":[],"class_list":{"0":"entry","1":"post","2":"publish","3":"author-protos","4":"post-888","6":"format-standard","7":"category-uncategorized"},"yoast_head":"<!-- This site is optimized with the Yoast SEO plugin v27.5 - https:\/\/yoast.com\/product\/yoast-seo-wordpress\/ -->\n<title>Sfin\u021birea Crucii Monument de la Teaca \u00een memoria unor victime ale regimului comunist - 13 iunie 2024 - PROTOPOPIATELE GRECO-CATOLICE BECLEAN, BISTRI\u021aA \u0218I RODNA<\/title>\n<meta name=\"robots\" content=\"index, follow, max-snippet:-1, max-image-preview:large, max-video-preview:-1\" \/>\n<link rel=\"canonical\" href=\"https:\/\/www.protopopiatebn.ro\/index.php\/2024\/06\/13\/sfintirea-crucii-monument-de-la-teaca-in-memoria-unor-victime-ale-comunismului-13-iunie-2024\/\" \/>\n<meta property=\"og:locale\" content=\"ro_RO\" \/>\n<meta property=\"og:type\" content=\"article\" \/>\n<meta property=\"og:title\" content=\"Sfin\u021birea Crucii Monument de la Teaca \u00een memoria unor victime ale regimului comunist - 13 iunie 2024 - PROTOPOPIATELE GRECO-CATOLICE BECLEAN, BISTRI\u021aA \u0218I RODNA\" \/>\n<meta property=\"og:description\" content=\"\u00cen Sf\u00e2nta s\u0103rb\u0103toare a \u00cen\u0103l\u021b\u0103rii Domnului a avut loc la marginea localit\u0103\u021bii Teaca sfin\u021birea unei cruci comemorative ridicat\u0103 \u00een memoria a 13 victime ucise cu brutalitate de\u00a0 regimul comunist. Monumentul a fost ridicat de c\u0103tre familia regizorului Nicolae M\u0103rgineanu \u00eentruc\u00e2t una dintre victime, Petru M\u0103rgineanu, a fost unchiul marelui regizor rom\u00e2n. Victimele f\u0103ceau parte din ... [Read more...]\" \/>\n<meta property=\"og:url\" content=\"https:\/\/www.protopopiatebn.ro\/index.php\/2024\/06\/13\/sfintirea-crucii-monument-de-la-teaca-in-memoria-unor-victime-ale-comunismului-13-iunie-2024\/\" \/>\n<meta property=\"og:site_name\" content=\"PROTOPOPIATELE GRECO-CATOLICE BECLEAN, BISTRI\u021aA \u0218I RODNA\" \/>\n<meta property=\"article:published_time\" content=\"2024-06-13T15:49:58+00:00\" \/>\n<meta property=\"article:modified_time\" content=\"2024-06-26T12:23:12+00:00\" \/>\n<meta property=\"og:image\" content=\"https:\/\/www.protopopiatebn.ro\/wp-content\/uploads\/2024\/06\/IMG_20240613_142333-scaled.jpg\" \/>\n<meta name=\"author\" content=\"media\" \/>\n<meta name=\"twitter:card\" content=\"summary_large_image\" \/>\n<meta name=\"twitter:label1\" content=\"Scris de\" \/>\n\t<meta name=\"twitter:data1\" content=\"media\" \/>\n\t<meta name=\"twitter:label2\" content=\"Timp estimat pentru citire\" \/>\n\t<meta name=\"twitter:data2\" content=\"2 minute\" \/>\n<script type=\"application\/ld+json\" class=\"yoast-schema-graph\">{\"@context\":\"https:\\\/\\\/schema.org\",\"@graph\":[{\"@type\":\"Article\",\"@id\":\"https:\\\/\\\/www.protopopiatebn.ro\\\/index.php\\\/2024\\\/06\\\/13\\\/sfintirea-crucii-monument-de-la-teaca-in-memoria-unor-victime-ale-comunismului-13-iunie-2024\\\/#article\",\"isPartOf\":{\"@id\":\"https:\\\/\\\/www.protopopiatebn.ro\\\/index.php\\\/2024\\\/06\\\/13\\\/sfintirea-crucii-monument-de-la-teaca-in-memoria-unor-victime-ale-comunismului-13-iunie-2024\\\/\"},\"author\":{\"name\":\"media\",\"@id\":\"https:\\\/\\\/www.protopopiatebn.ro\\\/#\\\/schema\\\/person\\\/197df79e4c7a10df5e789cc6657cf4b6\"},\"headline\":\"Sfin\u021birea Crucii Monument de la Teaca \u00een memoria unor victime ale regimului comunist &#8211; 13 iunie 2024\",\"datePublished\":\"2024-06-13T15:49:58+00:00\",\"dateModified\":\"2024-06-26T12:23:12+00:00\",\"mainEntityOfPage\":{\"@id\":\"https:\\\/\\\/www.protopopiatebn.ro\\\/index.php\\\/2024\\\/06\\\/13\\\/sfintirea-crucii-monument-de-la-teaca-in-memoria-unor-victime-ale-comunismului-13-iunie-2024\\\/\"},\"wordCount\":341,\"commentCount\":0,\"image\":{\"@id\":\"https:\\\/\\\/www.protopopiatebn.ro\\\/index.php\\\/2024\\\/06\\\/13\\\/sfintirea-crucii-monument-de-la-teaca-in-memoria-unor-victime-ale-comunismului-13-iunie-2024\\\/#primaryimage\"},\"thumbnailUrl\":\"https:\\\/\\\/www.protopopiatebn.ro\\\/wp-content\\\/uploads\\\/2024\\\/06\\\/IMG_20240613_142333-scaled.jpg\",\"articleSection\":[\"Uncategorized\"],\"inLanguage\":\"ro-RO\",\"potentialAction\":[{\"@type\":\"CommentAction\",\"name\":\"Comment\",\"target\":[\"https:\\\/\\\/www.protopopiatebn.ro\\\/index.php\\\/2024\\\/06\\\/13\\\/sfintirea-crucii-monument-de-la-teaca-in-memoria-unor-victime-ale-comunismului-13-iunie-2024\\\/#respond\"]}]},{\"@type\":\"WebPage\",\"@id\":\"https:\\\/\\\/www.protopopiatebn.ro\\\/index.php\\\/2024\\\/06\\\/13\\\/sfintirea-crucii-monument-de-la-teaca-in-memoria-unor-victime-ale-comunismului-13-iunie-2024\\\/\",\"url\":\"https:\\\/\\\/www.protopopiatebn.ro\\\/index.php\\\/2024\\\/06\\\/13\\\/sfintirea-crucii-monument-de-la-teaca-in-memoria-unor-victime-ale-comunismului-13-iunie-2024\\\/\",\"name\":\"Sfin\u021birea Crucii Monument de la Teaca \u00een memoria unor victime ale regimului comunist - 13 iunie 2024 - PROTOPOPIATELE GRECO-CATOLICE BECLEAN, BISTRI\u021aA \u0218I RODNA\",\"isPartOf\":{\"@id\":\"https:\\\/\\\/www.protopopiatebn.ro\\\/#website\"},\"primaryImageOfPage\":{\"@id\":\"https:\\\/\\\/www.protopopiatebn.ro\\\/index.php\\\/2024\\\/06\\\/13\\\/sfintirea-crucii-monument-de-la-teaca-in-memoria-unor-victime-ale-comunismului-13-iunie-2024\\\/#primaryimage\"},\"image\":{\"@id\":\"https:\\\/\\\/www.protopopiatebn.ro\\\/index.php\\\/2024\\\/06\\\/13\\\/sfintirea-crucii-monument-de-la-teaca-in-memoria-unor-victime-ale-comunismului-13-iunie-2024\\\/#primaryimage\"},\"thumbnailUrl\":\"https:\\\/\\\/www.protopopiatebn.ro\\\/wp-content\\\/uploads\\\/2024\\\/06\\\/IMG_20240613_142333-scaled.jpg\",\"datePublished\":\"2024-06-13T15:49:58+00:00\",\"dateModified\":\"2024-06-26T12:23:12+00:00\",\"author\":{\"@id\":\"https:\\\/\\\/www.protopopiatebn.ro\\\/#\\\/schema\\\/person\\\/197df79e4c7a10df5e789cc6657cf4b6\"},\"breadcrumb\":{\"@id\":\"https:\\\/\\\/www.protopopiatebn.ro\\\/index.php\\\/2024\\\/06\\\/13\\\/sfintirea-crucii-monument-de-la-teaca-in-memoria-unor-victime-ale-comunismului-13-iunie-2024\\\/#breadcrumb\"},\"inLanguage\":\"ro-RO\",\"potentialAction\":[{\"@type\":\"ReadAction\",\"target\":[\"https:\\\/\\\/www.protopopiatebn.ro\\\/index.php\\\/2024\\\/06\\\/13\\\/sfintirea-crucii-monument-de-la-teaca-in-memoria-unor-victime-ale-comunismului-13-iunie-2024\\\/\"]}]},{\"@type\":\"ImageObject\",\"inLanguage\":\"ro-RO\",\"@id\":\"https:\\\/\\\/www.protopopiatebn.ro\\\/index.php\\\/2024\\\/06\\\/13\\\/sfintirea-crucii-monument-de-la-teaca-in-memoria-unor-victime-ale-comunismului-13-iunie-2024\\\/#primaryimage\",\"url\":\"https:\\\/\\\/www.protopopiatebn.ro\\\/wp-content\\\/uploads\\\/2024\\\/06\\\/IMG_20240613_142333-scaled.jpg\",\"contentUrl\":\"https:\\\/\\\/www.protopopiatebn.ro\\\/wp-content\\\/uploads\\\/2024\\\/06\\\/IMG_20240613_142333-scaled.jpg\",\"width\":2560,\"height\":1920},{\"@type\":\"BreadcrumbList\",\"@id\":\"https:\\\/\\\/www.protopopiatebn.ro\\\/index.php\\\/2024\\\/06\\\/13\\\/sfintirea-crucii-monument-de-la-teaca-in-memoria-unor-victime-ale-comunismului-13-iunie-2024\\\/#breadcrumb\",\"itemListElement\":[{\"@type\":\"ListItem\",\"position\":1,\"name\":\"Home\",\"item\":\"https:\\\/\\\/www.protopopiatebn.ro\\\/\"},{\"@type\":\"ListItem\",\"position\":2,\"name\":\"Sfin\u021birea Crucii Monument de la Teaca \u00een memoria unor victime ale regimului comunist &#8211; 13 iunie 2024\"}]},{\"@type\":\"WebSite\",\"@id\":\"https:\\\/\\\/www.protopopiatebn.ro\\\/#website\",\"url\":\"https:\\\/\\\/www.protopopiatebn.ro\\\/\",\"name\":\"PROTOPOPIATELE GRECO-CATOLICE BECLEAN, BISTRI\u021aA \u0218I RODNA\",\"description\":\"\",\"potentialAction\":[{\"@type\":\"SearchAction\",\"target\":{\"@type\":\"EntryPoint\",\"urlTemplate\":\"https:\\\/\\\/www.protopopiatebn.ro\\\/?s={search_term_string}\"},\"query-input\":{\"@type\":\"PropertyValueSpecification\",\"valueRequired\":true,\"valueName\":\"search_term_string\"}}],\"inLanguage\":\"ro-RO\"},{\"@type\":\"Person\",\"@id\":\"https:\\\/\\\/www.protopopiatebn.ro\\\/#\\\/schema\\\/person\\\/197df79e4c7a10df5e789cc6657cf4b6\",\"name\":\"media\",\"image\":{\"@type\":\"ImageObject\",\"inLanguage\":\"ro-RO\",\"@id\":\"https:\\\/\\\/secure.gravatar.com\\\/avatar\\\/04cd0dc906eda4d18642465bdfac0c5e44dc1c0aee2c6e9ddadbbd2294e96fe6?s=96&d=mm&r=g\",\"url\":\"https:\\\/\\\/secure.gravatar.com\\\/avatar\\\/04cd0dc906eda4d18642465bdfac0c5e44dc1c0aee2c6e9ddadbbd2294e96fe6?s=96&d=mm&r=g\",\"contentUrl\":\"https:\\\/\\\/secure.gravatar.com\\\/avatar\\\/04cd0dc906eda4d18642465bdfac0c5e44dc1c0aee2c6e9ddadbbd2294e96fe6?s=96&d=mm&r=g\",\"caption\":\"media\"},\"sameAs\":[\"http:\\\/\\\/www.protopopiatebn.ro\"],\"url\":\"https:\\\/\\\/www.protopopiatebn.ro\\\/index.php\\\/author\\\/protos\\\/\"}]}<\/script>\n<!-- \/ Yoast SEO plugin. -->","yoast_head_json":{"title":"Sfin\u021birea Crucii Monument de la Teaca \u00een memoria unor victime ale regimului comunist - 13 iunie 2024 - PROTOPOPIATELE GRECO-CATOLICE BECLEAN, BISTRI\u021aA \u0218I RODNA","robots":{"index":"index","follow":"follow","max-snippet":"max-snippet:-1","max-image-preview":"max-image-preview:large","max-video-preview":"max-video-preview:-1"},"canonical":"https:\/\/www.protopopiatebn.ro\/index.php\/2024\/06\/13\/sfintirea-crucii-monument-de-la-teaca-in-memoria-unor-victime-ale-comunismului-13-iunie-2024\/","og_locale":"ro_RO","og_type":"article","og_title":"Sfin\u021birea Crucii Monument de la Teaca \u00een memoria unor victime ale regimului comunist - 13 iunie 2024 - PROTOPOPIATELE GRECO-CATOLICE BECLEAN, BISTRI\u021aA \u0218I RODNA","og_description":"\u00cen Sf\u00e2nta s\u0103rb\u0103toare a \u00cen\u0103l\u021b\u0103rii Domnului a avut loc la marginea localit\u0103\u021bii Teaca sfin\u021birea unei cruci comemorative ridicat\u0103 \u00een memoria a 13 victime ucise cu brutalitate de\u00a0 regimul comunist. Monumentul a fost ridicat de c\u0103tre familia regizorului Nicolae M\u0103rgineanu \u00eentruc\u00e2t una dintre victime, Petru M\u0103rgineanu, a fost unchiul marelui regizor rom\u00e2n. Victimele f\u0103ceau parte din ... [Read more...]","og_url":"https:\/\/www.protopopiatebn.ro\/index.php\/2024\/06\/13\/sfintirea-crucii-monument-de-la-teaca-in-memoria-unor-victime-ale-comunismului-13-iunie-2024\/","og_site_name":"PROTOPOPIATELE GRECO-CATOLICE BECLEAN, BISTRI\u021aA \u0218I RODNA","article_published_time":"2024-06-13T15:49:58+00:00","article_modified_time":"2024-06-26T12:23:12+00:00","og_image":[{"url":"https:\/\/www.protopopiatebn.ro\/wp-content\/uploads\/2024\/06\/IMG_20240613_142333-scaled.jpg","type":"","width":"","height":""}],"author":"media","twitter_card":"summary_large_image","twitter_misc":{"Scris de":"media","Timp estimat pentru citire":"2 minute"},"schema":{"@context":"https:\/\/schema.org","@graph":[{"@type":"Article","@id":"https:\/\/www.protopopiatebn.ro\/index.php\/2024\/06\/13\/sfintirea-crucii-monument-de-la-teaca-in-memoria-unor-victime-ale-comunismului-13-iunie-2024\/#article","isPartOf":{"@id":"https:\/\/www.protopopiatebn.ro\/index.php\/2024\/06\/13\/sfintirea-crucii-monument-de-la-teaca-in-memoria-unor-victime-ale-comunismului-13-iunie-2024\/"},"author":{"name":"media","@id":"https:\/\/www.protopopiatebn.ro\/#\/schema\/person\/197df79e4c7a10df5e789cc6657cf4b6"},"headline":"Sfin\u021birea Crucii Monument de la Teaca \u00een memoria unor victime ale regimului comunist &#8211; 13 iunie 2024","datePublished":"2024-06-13T15:49:58+00:00","dateModified":"2024-06-26T12:23:12+00:00","mainEntityOfPage":{"@id":"https:\/\/www.protopopiatebn.ro\/index.php\/2024\/06\/13\/sfintirea-crucii-monument-de-la-teaca-in-memoria-unor-victime-ale-comunismului-13-iunie-2024\/"},"wordCount":341,"commentCount":0,"image":{"@id":"https:\/\/www.protopopiatebn.ro\/index.php\/2024\/06\/13\/sfintirea-crucii-monument-de-la-teaca-in-memoria-unor-victime-ale-comunismului-13-iunie-2024\/#primaryimage"},"thumbnailUrl":"https:\/\/www.protopopiatebn.ro\/wp-content\/uploads\/2024\/06\/IMG_20240613_142333-scaled.jpg","articleSection":["Uncategorized"],"inLanguage":"ro-RO","potentialAction":[{"@type":"CommentAction","name":"Comment","target":["https:\/\/www.protopopiatebn.ro\/index.php\/2024\/06\/13\/sfintirea-crucii-monument-de-la-teaca-in-memoria-unor-victime-ale-comunismului-13-iunie-2024\/#respond"]}]},{"@type":"WebPage","@id":"https:\/\/www.protopopiatebn.ro\/index.php\/2024\/06\/13\/sfintirea-crucii-monument-de-la-teaca-in-memoria-unor-victime-ale-comunismului-13-iunie-2024\/","url":"https:\/\/www.protopopiatebn.ro\/index.php\/2024\/06\/13\/sfintirea-crucii-monument-de-la-teaca-in-memoria-unor-victime-ale-comunismului-13-iunie-2024\/","name":"Sfin\u021birea Crucii Monument de la Teaca \u00een memoria unor victime ale regimului comunist - 13 iunie 2024 - PROTOPOPIATELE GRECO-CATOLICE BECLEAN, BISTRI\u021aA \u0218I RODNA","isPartOf":{"@id":"https:\/\/www.protopopiatebn.ro\/#website"},"primaryImageOfPage":{"@id":"https:\/\/www.protopopiatebn.ro\/index.php\/2024\/06\/13\/sfintirea-crucii-monument-de-la-teaca-in-memoria-unor-victime-ale-comunismului-13-iunie-2024\/#primaryimage"},"image":{"@id":"https:\/\/www.protopopiatebn.ro\/index.php\/2024\/06\/13\/sfintirea-crucii-monument-de-la-teaca-in-memoria-unor-victime-ale-comunismului-13-iunie-2024\/#primaryimage"},"thumbnailUrl":"https:\/\/www.protopopiatebn.ro\/wp-content\/uploads\/2024\/06\/IMG_20240613_142333-scaled.jpg","datePublished":"2024-06-13T15:49:58+00:00","dateModified":"2024-06-26T12:23:12+00:00","author":{"@id":"https:\/\/www.protopopiatebn.ro\/#\/schema\/person\/197df79e4c7a10df5e789cc6657cf4b6"},"breadcrumb":{"@id":"https:\/\/www.protopopiatebn.ro\/index.php\/2024\/06\/13\/sfintirea-crucii-monument-de-la-teaca-in-memoria-unor-victime-ale-comunismului-13-iunie-2024\/#breadcrumb"},"inLanguage":"ro-RO","potentialAction":[{"@type":"ReadAction","target":["https:\/\/www.protopopiatebn.ro\/index.php\/2024\/06\/13\/sfintirea-crucii-monument-de-la-teaca-in-memoria-unor-victime-ale-comunismului-13-iunie-2024\/"]}]},{"@type":"ImageObject","inLanguage":"ro-RO","@id":"https:\/\/www.protopopiatebn.ro\/index.php\/2024\/06\/13\/sfintirea-crucii-monument-de-la-teaca-in-memoria-unor-victime-ale-comunismului-13-iunie-2024\/#primaryimage","url":"https:\/\/www.protopopiatebn.ro\/wp-content\/uploads\/2024\/06\/IMG_20240613_142333-scaled.jpg","contentUrl":"https:\/\/www.protopopiatebn.ro\/wp-content\/uploads\/2024\/06\/IMG_20240613_142333-scaled.jpg","width":2560,"height":1920},{"@type":"BreadcrumbList","@id":"https:\/\/www.protopopiatebn.ro\/index.php\/2024\/06\/13\/sfintirea-crucii-monument-de-la-teaca-in-memoria-unor-victime-ale-comunismului-13-iunie-2024\/#breadcrumb","itemListElement":[{"@type":"ListItem","position":1,"name":"Home","item":"https:\/\/www.protopopiatebn.ro\/"},{"@type":"ListItem","position":2,"name":"Sfin\u021birea Crucii Monument de la Teaca \u00een memoria unor victime ale regimului comunist &#8211; 13 iunie 2024"}]},{"@type":"WebSite","@id":"https:\/\/www.protopopiatebn.ro\/#website","url":"https:\/\/www.protopopiatebn.ro\/","name":"PROTOPOPIATELE GRECO-CATOLICE BECLEAN, BISTRI\u021aA \u0218I RODNA","description":"","potentialAction":[{"@type":"SearchAction","target":{"@type":"EntryPoint","urlTemplate":"https:\/\/www.protopopiatebn.ro\/?s={search_term_string}"},"query-input":{"@type":"PropertyValueSpecification","valueRequired":true,"valueName":"search_term_string"}}],"inLanguage":"ro-RO"},{"@type":"Person","@id":"https:\/\/www.protopopiatebn.ro\/#\/schema\/person\/197df79e4c7a10df5e789cc6657cf4b6","name":"media","image":{"@type":"ImageObject","inLanguage":"ro-RO","@id":"https:\/\/secure.gravatar.com\/avatar\/04cd0dc906eda4d18642465bdfac0c5e44dc1c0aee2c6e9ddadbbd2294e96fe6?s=96&d=mm&r=g","url":"https:\/\/secure.gravatar.com\/avatar\/04cd0dc906eda4d18642465bdfac0c5e44dc1c0aee2c6e9ddadbbd2294e96fe6?s=96&d=mm&r=g","contentUrl":"https:\/\/secure.gravatar.com\/avatar\/04cd0dc906eda4d18642465bdfac0c5e44dc1c0aee2c6e9ddadbbd2294e96fe6?s=96&d=mm&r=g","caption":"media"},"sameAs":["http:\/\/www.protopopiatebn.ro"],"url":"https:\/\/www.protopopiatebn.ro\/index.php\/author\/protos\/"}]}},"_links":{"self":[{"href":"https:\/\/www.protopopiatebn.ro\/index.php\/wp-json\/wp\/v2\/posts\/888","targetHints":{"allow":["GET"]}}],"collection":[{"href":"https:\/\/www.protopopiatebn.ro\/index.php\/wp-json\/wp\/v2\/posts"}],"about":[{"href":"https:\/\/www.protopopiatebn.ro\/index.php\/wp-json\/wp\/v2\/types\/post"}],"author":[{"embeddable":true,"href":"https:\/\/www.protopopiatebn.ro\/index.php\/wp-json\/wp\/v2\/users\/3"}],"replies":[{"embeddable":true,"href":"https:\/\/www.protopopiatebn.ro\/index.php\/wp-json\/wp\/v2\/comments?post=888"}],"version-history":[{"count":7,"href":"https:\/\/www.protopopiatebn.ro\/index.php\/wp-json\/wp\/v2\/posts\/888\/revisions"}],"predecessor-version":[{"id":901,"href":"https:\/\/www.protopopiatebn.ro\/index.php\/wp-json\/wp\/v2\/posts\/888\/revisions\/901"}],"wp:attachment":[{"href":"https:\/\/www.protopopiatebn.ro\/index.php\/wp-json\/wp\/v2\/media?parent=888"}],"wp:term":[{"taxonomy":"category","embeddable":true,"href":"https:\/\/www.protopopiatebn.ro\/index.php\/wp-json\/wp\/v2\/categories?post=888"},{"taxonomy":"post_tag","embeddable":true,"href":"https:\/\/www.protopopiatebn.ro\/index.php\/wp-json\/wp\/v2\/tags?post=888"}],"curies":[{"name":"wp","href":"https:\/\/api.w.org\/{rel}","templated":true}]}}