{"id":851,"date":"2024-05-23T13:43:13","date_gmt":"2024-05-23T11:43:13","guid":{"rendered":"https:\/\/www.protopopiatebn.ro\/?p=851"},"modified":"2024-05-23T13:43:44","modified_gmt":"2024-05-23T11:43:44","slug":"851","status":"publish","type":"post","link":"https:\/\/www.protopopiatebn.ro\/index.php\/2024\/05\/23\/851\/","title":{"rendered":"\u00cent\u00e2lnirea Inter-eparhial\u0103 a Copiilor Beclean &#8211; 25 mai 2024"},"content":{"rendered":"<p><img loading=\"lazy\" decoding=\"async\" class=\"aligncenter size-full wp-image-852\" src=\"https:\/\/www.protopopiatebn.ro\/wp-content\/uploads\/2024\/05\/afisiec24.jpg\" alt=\"\" width=\"800\" height=\"533\" srcset=\"https:\/\/www.protopopiatebn.ro\/wp-content\/uploads\/2024\/05\/afisiec24.jpg 800w, https:\/\/www.protopopiatebn.ro\/wp-content\/uploads\/2024\/05\/afisiec24-300x200.jpg 300w, https:\/\/www.protopopiatebn.ro\/wp-content\/uploads\/2024\/05\/afisiec24-768x512.jpg 768w\" sizes=\"auto, (max-width: 800px) 100vw, 800px\" \/><\/p>\n<p>S\u00e2mb\u0103t\u0103 25 mai 2024, va avea loc \u00cent\u00e2lnirea Inter-eparhial\u0103 a Copiilor. Tema acestei \u00eent\u00e2lniri, la care vor participa copii din parohiile Eparhiei de Cluj-Gherla, precum \u0219i din parohiile Arhieparhiei de Alba-Iulia \u0219i F\u0103g\u0103ra\u0219, cu v\u00e2rste cuprinse \u00eentre 6 \u0219i 14 ani, este \u201eRug\u0103ciunea, izvor de re\u00eennoire\u201d, iar motto-ul: \u201eIat\u0103 le fac pe toate noi\u201d (Apocalips\u0103 21,5).<br \/>\nEvenimentul este organizat de c\u0103tre Eparhia Rom\u00e2n\u0103 Unit\u0103 cu Roma, Greco-Catolic\u0103, de Cluj-Gherla, \u00eempreun\u0103 cu Arhieparhia de Alba-Iulia \u0219i F\u0103g\u0103ra\u0219, prin Birourile pentru pastora\u021bia tinerilor \u0219i a copiilor, \u00een colaborare cu Protopopiatul Beclean, Parohia &#8222;Sf. Ap. Petru \u0219i Pavel&#8221; Beclean, Prim\u0103ria Ora\u0219ului Beclean \u0219i Colegiul Na\u021bional \u201ePetru Rare\u0219\u201d din Beclean.<br \/>\n\u00cent\u00e2lnirea Inter-eparhial\u0103 a Copiilor (IEC) va avea loc la Colegiul Na\u021bional \u201ePetru Rare\u0219\u201d din Beclean (str. Obor, nr. 83, Beclean, 425100) \u0219i se va desf\u0103\u0219ura dup\u0103 urm\u0103torul program:<br \/>\n9:00 \u2013 primirea participan\u021bilor<br \/>\n10:30 \u2013 Sf\u00e2nta Liturghie arhiereasc\u0103<br \/>\n12:00 \u2013 Festivalul copiilor<br \/>\n12:30 \u2013 Pr\u00e2nzul<br \/>\n13:30 \u2013 Catehez\u0103<br \/>\n13:45 \u2013 Activit\u0103\u021bi pe tema IEC<br \/>\n14:30 \u2013 Jocuri<br \/>\n16:30 \u2013 \u00cencheierea \u00cent\u00e2lnirii Intereparhiale a Copiilor<\/p>\n<p>Sf\u00e2nta Liturghie se va transmite live pe canalul youtube al Protopopiatului<\/p>\n<p><iframe loading=\"lazy\" width=\"560\" height=\"315\" src=\"https:\/\/www.youtube.com\/embed\/YhnWnVhm99c?si=tUueWNqWycKMo5Lt\" title=\"YouTube video player\" frameborder=\"0\" allow=\"accelerometer; autoplay; clipboard-write; encrypted-media; gyroscope; picture-in-picture; web-share\" referrerpolicy=\"strict-origin-when-cross-origin\" allowfullscreen><\/iframe>&nbsp;<\/p>\n<p>&nbsp;<\/p>\n","protected":false},"excerpt":{"rendered":"<p>S\u00e2mb\u0103t\u0103 25 mai 2024, va avea loc \u00cent\u00e2lnirea Inter-eparhial\u0103 a Copiilor. Tema acestei \u00eent\u00e2lniri, la care vor participa copii din parohiile Eparhiei de Cluj-Gherla, precum \u0219i din parohiile Arhieparhiei de Alba-Iulia \u0219i F\u0103g\u0103ra\u0219, cu v\u00e2rste cuprinse \u00eentre 6 \u0219i 14 ani, este \u201eRug\u0103ciunea, izvor de re\u00eennoire\u201d, iar motto-ul: \u201eIat\u0103 le fac pe toate noi\u201d (Apocalips\u0103 &#8230; <span class=\"more\"><a class=\"more-link\" href=\"https:\/\/www.protopopiatebn.ro\/index.php\/2024\/05\/23\/851\/\">[Read more&#8230;]<\/a><\/span><\/p>\n","protected":false},"author":3,"featured_media":0,"comment_status":"open","ping_status":"open","sticky":false,"template":"","format":"standard","meta":{"footnotes":""},"categories":[1],"tags":[],"class_list":{"0":"entry","1":"post","2":"publish","3":"author-protos","4":"post-851","6":"format-standard","7":"category-uncategorized"},"yoast_head":"<!-- This site is optimized with the Yoast SEO plugin v27.5 - https:\/\/yoast.com\/product\/yoast-seo-wordpress\/ -->\n<title>\u00cent\u00e2lnirea Inter-eparhial\u0103 a Copiilor Beclean - 25 mai 2024 - PROTOPOPIATELE GRECO-CATOLICE BECLEAN, BISTRI\u021aA \u0218I RODNA<\/title>\n<meta name=\"robots\" content=\"index, follow, max-snippet:-1, max-image-preview:large, max-video-preview:-1\" \/>\n<link rel=\"canonical\" href=\"https:\/\/www.protopopiatebn.ro\/index.php\/2024\/05\/23\/851\/\" \/>\n<meta property=\"og:locale\" content=\"ro_RO\" \/>\n<meta property=\"og:type\" content=\"article\" \/>\n<meta property=\"og:title\" content=\"\u00cent\u00e2lnirea Inter-eparhial\u0103 a Copiilor Beclean - 25 mai 2024 - PROTOPOPIATELE GRECO-CATOLICE BECLEAN, BISTRI\u021aA \u0218I RODNA\" \/>\n<meta property=\"og:description\" content=\"S\u00e2mb\u0103t\u0103 25 mai 2024, va avea loc \u00cent\u00e2lnirea Inter-eparhial\u0103 a Copiilor. Tema acestei \u00eent\u00e2lniri, la care vor participa copii din parohiile Eparhiei de Cluj-Gherla, precum \u0219i din parohiile Arhieparhiei de Alba-Iulia \u0219i F\u0103g\u0103ra\u0219, cu v\u00e2rste cuprinse \u00eentre 6 \u0219i 14 ani, este \u201eRug\u0103ciunea, izvor de re\u00eennoire\u201d, iar motto-ul: \u201eIat\u0103 le fac pe toate noi\u201d (Apocalips\u0103 ... [Read more...]\" \/>\n<meta property=\"og:url\" content=\"https:\/\/www.protopopiatebn.ro\/index.php\/2024\/05\/23\/851\/\" \/>\n<meta property=\"og:site_name\" content=\"PROTOPOPIATELE GRECO-CATOLICE BECLEAN, BISTRI\u021aA \u0218I RODNA\" \/>\n<meta property=\"article:published_time\" content=\"2024-05-23T11:43:13+00:00\" \/>\n<meta property=\"article:modified_time\" content=\"2024-05-23T11:43:44+00:00\" \/>\n<meta property=\"og:image\" content=\"https:\/\/www.protopopiatebn.ro\/wp-content\/uploads\/2024\/05\/afisiec24.jpg\" \/>\n<meta name=\"author\" content=\"media\" \/>\n<meta name=\"twitter:card\" content=\"summary_large_image\" \/>\n<meta name=\"twitter:label1\" content=\"Scris de\" \/>\n\t<meta name=\"twitter:data1\" content=\"media\" \/>\n\t<meta name=\"twitter:label2\" content=\"Timp estimat pentru citire\" \/>\n\t<meta name=\"twitter:data2\" content=\"2 minute\" \/>\n<script type=\"application\/ld+json\" class=\"yoast-schema-graph\">{\"@context\":\"https:\\\/\\\/schema.org\",\"@graph\":[{\"@type\":\"Article\",\"@id\":\"https:\\\/\\\/www.protopopiatebn.ro\\\/index.php\\\/2024\\\/05\\\/23\\\/851\\\/#article\",\"isPartOf\":{\"@id\":\"https:\\\/\\\/www.protopopiatebn.ro\\\/index.php\\\/2024\\\/05\\\/23\\\/851\\\/\"},\"author\":{\"name\":\"media\",\"@id\":\"https:\\\/\\\/www.protopopiatebn.ro\\\/#\\\/schema\\\/person\\\/197df79e4c7a10df5e789cc6657cf4b6\"},\"headline\":\"\u00cent\u00e2lnirea Inter-eparhial\u0103 a Copiilor Beclean &#8211; 25 mai 2024\",\"datePublished\":\"2024-05-23T11:43:13+00:00\",\"dateModified\":\"2024-05-23T11:43:44+00:00\",\"mainEntityOfPage\":{\"@id\":\"https:\\\/\\\/www.protopopiatebn.ro\\\/index.php\\\/2024\\\/05\\\/23\\\/851\\\/\"},\"wordCount\":194,\"commentCount\":0,\"image\":{\"@id\":\"https:\\\/\\\/www.protopopiatebn.ro\\\/index.php\\\/2024\\\/05\\\/23\\\/851\\\/#primaryimage\"},\"thumbnailUrl\":\"https:\\\/\\\/www.protopopiatebn.ro\\\/wp-content\\\/uploads\\\/2024\\\/05\\\/afisiec24.jpg\",\"articleSection\":[\"Uncategorized\"],\"inLanguage\":\"ro-RO\",\"potentialAction\":[{\"@type\":\"CommentAction\",\"name\":\"Comment\",\"target\":[\"https:\\\/\\\/www.protopopiatebn.ro\\\/index.php\\\/2024\\\/05\\\/23\\\/851\\\/#respond\"]}]},{\"@type\":\"WebPage\",\"@id\":\"https:\\\/\\\/www.protopopiatebn.ro\\\/index.php\\\/2024\\\/05\\\/23\\\/851\\\/\",\"url\":\"https:\\\/\\\/www.protopopiatebn.ro\\\/index.php\\\/2024\\\/05\\\/23\\\/851\\\/\",\"name\":\"\u00cent\u00e2lnirea Inter-eparhial\u0103 a Copiilor Beclean - 25 mai 2024 - PROTOPOPIATELE GRECO-CATOLICE BECLEAN, BISTRI\u021aA \u0218I RODNA\",\"isPartOf\":{\"@id\":\"https:\\\/\\\/www.protopopiatebn.ro\\\/#website\"},\"primaryImageOfPage\":{\"@id\":\"https:\\\/\\\/www.protopopiatebn.ro\\\/index.php\\\/2024\\\/05\\\/23\\\/851\\\/#primaryimage\"},\"image\":{\"@id\":\"https:\\\/\\\/www.protopopiatebn.ro\\\/index.php\\\/2024\\\/05\\\/23\\\/851\\\/#primaryimage\"},\"thumbnailUrl\":\"https:\\\/\\\/www.protopopiatebn.ro\\\/wp-content\\\/uploads\\\/2024\\\/05\\\/afisiec24.jpg\",\"datePublished\":\"2024-05-23T11:43:13+00:00\",\"dateModified\":\"2024-05-23T11:43:44+00:00\",\"author\":{\"@id\":\"https:\\\/\\\/www.protopopiatebn.ro\\\/#\\\/schema\\\/person\\\/197df79e4c7a10df5e789cc6657cf4b6\"},\"breadcrumb\":{\"@id\":\"https:\\\/\\\/www.protopopiatebn.ro\\\/index.php\\\/2024\\\/05\\\/23\\\/851\\\/#breadcrumb\"},\"inLanguage\":\"ro-RO\",\"potentialAction\":[{\"@type\":\"ReadAction\",\"target\":[\"https:\\\/\\\/www.protopopiatebn.ro\\\/index.php\\\/2024\\\/05\\\/23\\\/851\\\/\"]}]},{\"@type\":\"ImageObject\",\"inLanguage\":\"ro-RO\",\"@id\":\"https:\\\/\\\/www.protopopiatebn.ro\\\/index.php\\\/2024\\\/05\\\/23\\\/851\\\/#primaryimage\",\"url\":\"https:\\\/\\\/www.protopopiatebn.ro\\\/wp-content\\\/uploads\\\/2024\\\/05\\\/afisiec24.jpg\",\"contentUrl\":\"https:\\\/\\\/www.protopopiatebn.ro\\\/wp-content\\\/uploads\\\/2024\\\/05\\\/afisiec24.jpg\",\"width\":800,\"height\":533},{\"@type\":\"BreadcrumbList\",\"@id\":\"https:\\\/\\\/www.protopopiatebn.ro\\\/index.php\\\/2024\\\/05\\\/23\\\/851\\\/#breadcrumb\",\"itemListElement\":[{\"@type\":\"ListItem\",\"position\":1,\"name\":\"Home\",\"item\":\"https:\\\/\\\/www.protopopiatebn.ro\\\/\"},{\"@type\":\"ListItem\",\"position\":2,\"name\":\"\u00cent\u00e2lnirea Inter-eparhial\u0103 a Copiilor Beclean &#8211; 25 mai 2024\"}]},{\"@type\":\"WebSite\",\"@id\":\"https:\\\/\\\/www.protopopiatebn.ro\\\/#website\",\"url\":\"https:\\\/\\\/www.protopopiatebn.ro\\\/\",\"name\":\"PROTOPOPIATELE GRECO-CATOLICE BECLEAN, BISTRI\u021aA \u0218I RODNA\",\"description\":\"\",\"potentialAction\":[{\"@type\":\"SearchAction\",\"target\":{\"@type\":\"EntryPoint\",\"urlTemplate\":\"https:\\\/\\\/www.protopopiatebn.ro\\\/?s={search_term_string}\"},\"query-input\":{\"@type\":\"PropertyValueSpecification\",\"valueRequired\":true,\"valueName\":\"search_term_string\"}}],\"inLanguage\":\"ro-RO\"},{\"@type\":\"Person\",\"@id\":\"https:\\\/\\\/www.protopopiatebn.ro\\\/#\\\/schema\\\/person\\\/197df79e4c7a10df5e789cc6657cf4b6\",\"name\":\"media\",\"image\":{\"@type\":\"ImageObject\",\"inLanguage\":\"ro-RO\",\"@id\":\"https:\\\/\\\/secure.gravatar.com\\\/avatar\\\/04cd0dc906eda4d18642465bdfac0c5e44dc1c0aee2c6e9ddadbbd2294e96fe6?s=96&d=mm&r=g\",\"url\":\"https:\\\/\\\/secure.gravatar.com\\\/avatar\\\/04cd0dc906eda4d18642465bdfac0c5e44dc1c0aee2c6e9ddadbbd2294e96fe6?s=96&d=mm&r=g\",\"contentUrl\":\"https:\\\/\\\/secure.gravatar.com\\\/avatar\\\/04cd0dc906eda4d18642465bdfac0c5e44dc1c0aee2c6e9ddadbbd2294e96fe6?s=96&d=mm&r=g\",\"caption\":\"media\"},\"sameAs\":[\"http:\\\/\\\/www.protopopiatebn.ro\"],\"url\":\"https:\\\/\\\/www.protopopiatebn.ro\\\/index.php\\\/author\\\/protos\\\/\"}]}<\/script>\n<!-- \/ Yoast SEO plugin. -->","yoast_head_json":{"title":"\u00cent\u00e2lnirea Inter-eparhial\u0103 a Copiilor Beclean - 25 mai 2024 - PROTOPOPIATELE GRECO-CATOLICE BECLEAN, BISTRI\u021aA \u0218I RODNA","robots":{"index":"index","follow":"follow","max-snippet":"max-snippet:-1","max-image-preview":"max-image-preview:large","max-video-preview":"max-video-preview:-1"},"canonical":"https:\/\/www.protopopiatebn.ro\/index.php\/2024\/05\/23\/851\/","og_locale":"ro_RO","og_type":"article","og_title":"\u00cent\u00e2lnirea Inter-eparhial\u0103 a Copiilor Beclean - 25 mai 2024 - PROTOPOPIATELE GRECO-CATOLICE BECLEAN, BISTRI\u021aA \u0218I RODNA","og_description":"S\u00e2mb\u0103t\u0103 25 mai 2024, va avea loc \u00cent\u00e2lnirea Inter-eparhial\u0103 a Copiilor. Tema acestei \u00eent\u00e2lniri, la care vor participa copii din parohiile Eparhiei de Cluj-Gherla, precum \u0219i din parohiile Arhieparhiei de Alba-Iulia \u0219i F\u0103g\u0103ra\u0219, cu v\u00e2rste cuprinse \u00eentre 6 \u0219i 14 ani, este \u201eRug\u0103ciunea, izvor de re\u00eennoire\u201d, iar motto-ul: \u201eIat\u0103 le fac pe toate noi\u201d (Apocalips\u0103 ... [Read more...]","og_url":"https:\/\/www.protopopiatebn.ro\/index.php\/2024\/05\/23\/851\/","og_site_name":"PROTOPOPIATELE GRECO-CATOLICE BECLEAN, BISTRI\u021aA \u0218I RODNA","article_published_time":"2024-05-23T11:43:13+00:00","article_modified_time":"2024-05-23T11:43:44+00:00","og_image":[{"url":"https:\/\/www.protopopiatebn.ro\/wp-content\/uploads\/2024\/05\/afisiec24.jpg","type":"","width":"","height":""}],"author":"media","twitter_card":"summary_large_image","twitter_misc":{"Scris de":"media","Timp estimat pentru citire":"2 minute"},"schema":{"@context":"https:\/\/schema.org","@graph":[{"@type":"Article","@id":"https:\/\/www.protopopiatebn.ro\/index.php\/2024\/05\/23\/851\/#article","isPartOf":{"@id":"https:\/\/www.protopopiatebn.ro\/index.php\/2024\/05\/23\/851\/"},"author":{"name":"media","@id":"https:\/\/www.protopopiatebn.ro\/#\/schema\/person\/197df79e4c7a10df5e789cc6657cf4b6"},"headline":"\u00cent\u00e2lnirea Inter-eparhial\u0103 a Copiilor Beclean &#8211; 25 mai 2024","datePublished":"2024-05-23T11:43:13+00:00","dateModified":"2024-05-23T11:43:44+00:00","mainEntityOfPage":{"@id":"https:\/\/www.protopopiatebn.ro\/index.php\/2024\/05\/23\/851\/"},"wordCount":194,"commentCount":0,"image":{"@id":"https:\/\/www.protopopiatebn.ro\/index.php\/2024\/05\/23\/851\/#primaryimage"},"thumbnailUrl":"https:\/\/www.protopopiatebn.ro\/wp-content\/uploads\/2024\/05\/afisiec24.jpg","articleSection":["Uncategorized"],"inLanguage":"ro-RO","potentialAction":[{"@type":"CommentAction","name":"Comment","target":["https:\/\/www.protopopiatebn.ro\/index.php\/2024\/05\/23\/851\/#respond"]}]},{"@type":"WebPage","@id":"https:\/\/www.protopopiatebn.ro\/index.php\/2024\/05\/23\/851\/","url":"https:\/\/www.protopopiatebn.ro\/index.php\/2024\/05\/23\/851\/","name":"\u00cent\u00e2lnirea Inter-eparhial\u0103 a Copiilor Beclean - 25 mai 2024 - PROTOPOPIATELE GRECO-CATOLICE BECLEAN, BISTRI\u021aA \u0218I RODNA","isPartOf":{"@id":"https:\/\/www.protopopiatebn.ro\/#website"},"primaryImageOfPage":{"@id":"https:\/\/www.protopopiatebn.ro\/index.php\/2024\/05\/23\/851\/#primaryimage"},"image":{"@id":"https:\/\/www.protopopiatebn.ro\/index.php\/2024\/05\/23\/851\/#primaryimage"},"thumbnailUrl":"https:\/\/www.protopopiatebn.ro\/wp-content\/uploads\/2024\/05\/afisiec24.jpg","datePublished":"2024-05-23T11:43:13+00:00","dateModified":"2024-05-23T11:43:44+00:00","author":{"@id":"https:\/\/www.protopopiatebn.ro\/#\/schema\/person\/197df79e4c7a10df5e789cc6657cf4b6"},"breadcrumb":{"@id":"https:\/\/www.protopopiatebn.ro\/index.php\/2024\/05\/23\/851\/#breadcrumb"},"inLanguage":"ro-RO","potentialAction":[{"@type":"ReadAction","target":["https:\/\/www.protopopiatebn.ro\/index.php\/2024\/05\/23\/851\/"]}]},{"@type":"ImageObject","inLanguage":"ro-RO","@id":"https:\/\/www.protopopiatebn.ro\/index.php\/2024\/05\/23\/851\/#primaryimage","url":"https:\/\/www.protopopiatebn.ro\/wp-content\/uploads\/2024\/05\/afisiec24.jpg","contentUrl":"https:\/\/www.protopopiatebn.ro\/wp-content\/uploads\/2024\/05\/afisiec24.jpg","width":800,"height":533},{"@type":"BreadcrumbList","@id":"https:\/\/www.protopopiatebn.ro\/index.php\/2024\/05\/23\/851\/#breadcrumb","itemListElement":[{"@type":"ListItem","position":1,"name":"Home","item":"https:\/\/www.protopopiatebn.ro\/"},{"@type":"ListItem","position":2,"name":"\u00cent\u00e2lnirea Inter-eparhial\u0103 a Copiilor Beclean &#8211; 25 mai 2024"}]},{"@type":"WebSite","@id":"https:\/\/www.protopopiatebn.ro\/#website","url":"https:\/\/www.protopopiatebn.ro\/","name":"PROTOPOPIATELE GRECO-CATOLICE BECLEAN, BISTRI\u021aA \u0218I RODNA","description":"","potentialAction":[{"@type":"SearchAction","target":{"@type":"EntryPoint","urlTemplate":"https:\/\/www.protopopiatebn.ro\/?s={search_term_string}"},"query-input":{"@type":"PropertyValueSpecification","valueRequired":true,"valueName":"search_term_string"}}],"inLanguage":"ro-RO"},{"@type":"Person","@id":"https:\/\/www.protopopiatebn.ro\/#\/schema\/person\/197df79e4c7a10df5e789cc6657cf4b6","name":"media","image":{"@type":"ImageObject","inLanguage":"ro-RO","@id":"https:\/\/secure.gravatar.com\/avatar\/04cd0dc906eda4d18642465bdfac0c5e44dc1c0aee2c6e9ddadbbd2294e96fe6?s=96&d=mm&r=g","url":"https:\/\/secure.gravatar.com\/avatar\/04cd0dc906eda4d18642465bdfac0c5e44dc1c0aee2c6e9ddadbbd2294e96fe6?s=96&d=mm&r=g","contentUrl":"https:\/\/secure.gravatar.com\/avatar\/04cd0dc906eda4d18642465bdfac0c5e44dc1c0aee2c6e9ddadbbd2294e96fe6?s=96&d=mm&r=g","caption":"media"},"sameAs":["http:\/\/www.protopopiatebn.ro"],"url":"https:\/\/www.protopopiatebn.ro\/index.php\/author\/protos\/"}]}},"_links":{"self":[{"href":"https:\/\/www.protopopiatebn.ro\/index.php\/wp-json\/wp\/v2\/posts\/851","targetHints":{"allow":["GET"]}}],"collection":[{"href":"https:\/\/www.protopopiatebn.ro\/index.php\/wp-json\/wp\/v2\/posts"}],"about":[{"href":"https:\/\/www.protopopiatebn.ro\/index.php\/wp-json\/wp\/v2\/types\/post"}],"author":[{"embeddable":true,"href":"https:\/\/www.protopopiatebn.ro\/index.php\/wp-json\/wp\/v2\/users\/3"}],"replies":[{"embeddable":true,"href":"https:\/\/www.protopopiatebn.ro\/index.php\/wp-json\/wp\/v2\/comments?post=851"}],"version-history":[{"count":3,"href":"https:\/\/www.protopopiatebn.ro\/index.php\/wp-json\/wp\/v2\/posts\/851\/revisions"}],"predecessor-version":[{"id":855,"href":"https:\/\/www.protopopiatebn.ro\/index.php\/wp-json\/wp\/v2\/posts\/851\/revisions\/855"}],"wp:attachment":[{"href":"https:\/\/www.protopopiatebn.ro\/index.php\/wp-json\/wp\/v2\/media?parent=851"}],"wp:term":[{"taxonomy":"category","embeddable":true,"href":"https:\/\/www.protopopiatebn.ro\/index.php\/wp-json\/wp\/v2\/categories?post=851"},{"taxonomy":"post_tag","embeddable":true,"href":"https:\/\/www.protopopiatebn.ro\/index.php\/wp-json\/wp\/v2\/tags?post=851"}],"curies":[{"name":"wp","href":"https:\/\/api.w.org\/{rel}","templated":true}]}}