{"id":812,"date":"2024-04-02T18:25:38","date_gmt":"2024-04-02T16:25:38","guid":{"rendered":"https:\/\/www.protopopiatebn.ro\/?p=812"},"modified":"2024-04-02T18:29:40","modified_gmt":"2024-04-02T16:29:40","slug":"intalnirea-preotilor-din-protopopiatele-beclean-bistrita-si-rodna","status":"publish","type":"post","link":"https:\/\/www.protopopiatebn.ro\/index.php\/2024\/04\/02\/intalnirea-preotilor-din-protopopiatele-beclean-bistrita-si-rodna\/","title":{"rendered":"\u00cent\u00e2lnirea preo\u021bilor din Protopopiatele Beclean, Bistri\u021ba \u0219i Rodna &#8211; 1 aprilie 2024"},"content":{"rendered":"<p><img loading=\"lazy\" decoding=\"async\" class=\"aligncenter wp-image-813\" src=\"https:\/\/www.protopopiatebn.ro\/wp-content\/uploads\/2024\/04\/WhatsApp-Image-2024-04-02-at-19.16.43.jpeg\" alt=\"\" width=\"1136\" height=\"852\" srcset=\"https:\/\/www.protopopiatebn.ro\/wp-content\/uploads\/2024\/04\/WhatsApp-Image-2024-04-02-at-19.16.43.jpeg 1824w, https:\/\/www.protopopiatebn.ro\/wp-content\/uploads\/2024\/04\/WhatsApp-Image-2024-04-02-at-19.16.43-300x225.jpeg 300w, https:\/\/www.protopopiatebn.ro\/wp-content\/uploads\/2024\/04\/WhatsApp-Image-2024-04-02-at-19.16.43-1024x768.jpeg 1024w, https:\/\/www.protopopiatebn.ro\/wp-content\/uploads\/2024\/04\/WhatsApp-Image-2024-04-02-at-19.16.43-768x576.jpeg 768w, https:\/\/www.protopopiatebn.ro\/wp-content\/uploads\/2024\/04\/WhatsApp-Image-2024-04-02-at-19.16.43-1536x1152.jpeg 1536w\" sizes=\"auto, (max-width: 1136px) 100vw, 1136px\" \/><\/p>\n<p style=\"text-align: center;\"><i><span style=\"font-weight: 400;\">Iat\u0103 c\u00e2t de bine \u015fi c\u00e2t de pl\u0103cut este <\/span><\/i><i><span style=\"font-weight: 400;\">ca fra\u021bii s\u0103 locuiasc\u0103 \u00eempreun\u0103! <\/span><\/i><span style=\"font-weight: 400;\">(Ps. 132 [133], 1)<\/span><\/p>\n<p><span style=\"font-weight: 400;\">La \u00eenceputul lunii aprilie a avut loc o \u00eent\u00e2lnire a preo\u021bilor din protopopiatele Beclean, Bistri\u021ba \u0219i Rodna care s-a desf\u0103\u0219urat \u00een capela bisericii Buna Vestire din Bistri\u021ba. Reuniunea s-a concentrat \u00een jurul rug\u0103ciunii, un subiect potrivit tematicii anului pastoral dedicat <em>Rug\u0103ciunii,\u00a0 dialog <\/em><\/span><em><span style=\"font-weight: 400;\">\u0219i comuniune \u00een familia lui Dumnezeu<\/span><\/em><span style=\"font-weight: 400;\">.<\/span><\/p>\n<p><span style=\"font-weight: 400;\">\u00cent\u00e2lnirea a \u00eenceput cu rug\u0103ciunea orei a III-a, dup\u0103 care, p\u0103rintele Marius Talo\u0219 SJ a \u021binut o medita\u021bie pornind de la dou\u0103 rug\u0103ciuni foarte vechi ale bisericii: <\/span><i><span style=\"font-weight: 400;\">Anima Christi <\/span><\/i><span style=\"font-weight: 400;\">\u0219i Rug\u0103ciunea Sf\u00e2ntului Patrick al Irlandei. Prima rug\u0103ciune, cunoscut\u0103 mai degrab\u0103 dup\u0103 prima sa invoca\u021bie: <\/span><i><span style=\"font-weight: 400;\">Sufletul lui Hristos, sfin\u021be\u0219te-m\u0103, <\/span><\/i><span style=\"font-weight: 400;\">este alc\u0103tuit\u0103 din 12 invoca\u021bii scurte dar puternice, care au \u00een centru numele lui Hristos. Primele 11 sunt elaborate dup\u0103 un model foarte vechi de rug\u0103ciune, numit al cioc\u0103niturilor, \u00eentruc\u00e2t particularitatea lor ritmic\u0103 imit\u0103 b\u0103t\u0103ile toacei. Acestea invoc\u0103 prezen\u021ba \u0219i ajutorul lui Hristos \u00een aceast\u0103 dimensiune uman\u0103 a luptei, a efortului \u0219i a suferin\u021bei \u0219i pot fi asem\u0103nate b\u0103t\u0103ilor la U\u0219ile \u00cemp\u0103r\u0103\u021biei Cerurilor. Dac\u0103 cele 11 invoca\u021bii reprezint\u0103 o preg\u0103tire necesar\u0103 pentru dob\u00e2ndirea m\u00e2ntuirii, ultima invoca\u021bie <\/span><i><span style=\"font-weight: 400;\">ca s\u0103 te laud cu sfin\u021bii t\u0103i \u00een vecii vecilor<\/span><\/i><span style=\"font-weight: 400;\"> face trecerea de la aceast\u0103 dimensiune a luptei la momentul biruin\u021bei \u0219i al comuniunii cu cel \u00cenviat \u00een \u00cemp\u0103r\u0103\u021bia Cerurilor. <\/span> <span style=\"font-weight: 400;\">A doua rug\u0103ciune, cea a Sf\u00e2ntului Patrick, cuprinde 16 invoca\u021bii ale lui Hristos \u00een diferite circumstan\u021be ale vie\u021bii iar esen\u021ba lor poate fi rezumat\u0103 \u00een ideea Sf. Ap. Pavel, aceea de a ne \u00eembr\u0103ca \u00een Hristos (cf. Gal. III, 27). Structura rug\u0103ciunii Sf. Patrick este alc\u0103tuit\u0103 din 4 strofe a c\u00e2te 4 invoca\u021bii, fiecare dintre ele fiind o invita\u021bie de a-l avea pe Hristos pretutindeni, iar con\u021binutul acestor invoca\u021bii se dezvolt\u0103 spa\u021bial \u00een forma unor cruci, fiecare delimit\u00e2nd diferite circumstan\u021be ale vie\u021bii. Prima strof\u0103-cruce se refer\u0103 la dimensiunea intim\u0103 \u0219i intrinsec\u0103; Hristos este invocat \u00een cea mai l\u0103untric\u0103 parte a omului, acolo unde s\u0103l\u0103\u0219luie\u0219te trecutul \u0219i unde se proiecteaz\u0103 viitorul persoanei, iar prezen\u021ba lui Hristos \u00een aceast\u0103 dimensiune aduce lumina divin\u0103 necesar\u0103 \u00een cunoa\u0219terea \u0219i asumarea identit\u0103\u021bii reale a omului. <\/span> <span style=\"font-weight: 400;\">Din interiorul omului perspectiva rug\u0103ciunii se mut\u0103 \u00een exterior \u0219i \u00eencepe s\u0103 aib\u0103 leg\u0103tur\u0103 cu spa\u021biul dimprejurul persoanei, iar invoca\u021biile celei de-a doua strofe ofer\u0103 o imagine spa\u021bial\u0103 ce evoc\u0103 mai mult forma crucii. Hristos este invocat <\/span><i><span style=\"font-weight: 400;\">dedesubt, deasupra, la dreapta \u0219i la st\u00e2nga;<\/span><\/i><span style=\"font-weight: 400;\"> cu alte cuvinte prezen\u021ba Lui este chemat\u0103 \u00een \u00eentregul univers \u00een care <\/span><i><span style=\"font-weight: 400;\">ne mi\u0219c\u0103m, tr\u0103im \u0219i suntem<\/span><\/i><span style=\"font-weight: 400;\"> (F. Ap. XVII, 28). A treia strof\u0103-cruce are leg\u0103tur\u0103 cu activitatea repetitiv\u0103 a omului din momentele cheie ale zilei, atunci c\u00e2nd se preg\u0103te\u0219te de somn, c\u00e2nd se treze\u0219te, c\u00e2nd st\u0103 sau c\u00e2nd merge. Prezen\u021ba lui Hristos \u00een aceste momente ajut\u0103 la con\u0219tientizarea faptului c\u0103 nu suntem singuri \u00een nici un moment al activit\u0103\u021bilor noastre de toate zilele, ci Hristos este cu noi \u0219i ne \u00eenso\u021be\u0219te \u00een tot ceea ce facem. Ultimele 4 versuri ale rug\u0103ciunii Sf. Patrick invoc\u0103 prezen\u021ba lui Hristos \u00een rela\u021biile interpersonale prin care omul comunic\u0103 \u0219i se comunic\u0103 \u0219i dezvolt\u0103 cuvintele Sf. Ap. Pavel c\u0103tre Galateni: <\/span><i><span style=\"font-weight: 400;\">nu mai tr\u0103iesc eu ci Hristos tr\u0103ie\u015fte \u00een mine <\/span><\/i><span style=\"font-weight: 400;\">(Gal. II, 20). \u00cen fiecare interac\u021biune cu ceilal\u021bi suntem chema\u021bi s\u0103 oferim din ceea ce Domnul a s\u0103dit \u00een noi pentru ca cel cu care interac\u021bion\u0103m s\u0103 reu\u0219easc\u0103 s\u0103-l cunoasc\u0103 mai mult pe Hristos datorit\u0103 nou\u0103 \u0219i astfel s\u0103 ne \u00eendeplinim chemarea de fii ai lui Dumnezeu. <\/span><\/p>\n<p><span style=\"font-weight: 400;\">Dup\u0103 aceast\u0103 medita\u021bie a p\u0103rintelui Marius Talo\u0219 SJ au urmat discu\u021bii referitoare la cele prezentate, precum \u0219i alte dezbateri pe marginea unor chestiuni administrative, \u00eent\u00e2lnirea termin\u00e2ndu-se cu o agap\u0103 fr\u0103\u021beasc\u0103.<\/span><\/p>\n<p style=\"text-align: right;\">a consemnat diacon Ovidiu Iusco<\/p>\n<p>Medita\u021bia \u021binut\u0103 de Pr. Marius Talo\u0219 SJ<\/p>\n<audio class=\"wp-audio-shortcode\" id=\"audio-812-1\" preload=\"none\" style=\"width: 100%;\" controls=\"controls\"><source type=\"audio\/mpeg\" src=\"https:\/\/www.protopopiatebn.ro\/wp-content\/uploads\/2024\/04\/meditatie-2.mp3?_=1\" \/><a href=\"https:\/\/www.protopopiatebn.ro\/wp-content\/uploads\/2024\/04\/meditatie-2.mp3\">https:\/\/www.protopopiatebn.ro\/wp-content\/uploads\/2024\/04\/meditatie-2.mp3<\/a><\/audio>\n<h2><a href=\"https:\/\/photos.app.goo.gl\/gUuaUFp9v3qUpp4q6\">ALBUM FOTO<\/a><\/h2>\n","protected":false},"excerpt":{"rendered":"<p>Iat\u0103 c\u00e2t de bine \u015fi c\u00e2t de pl\u0103cut este ca fra\u021bii s\u0103 locuiasc\u0103 \u00eempreun\u0103! (Ps. 132 [133], 1) La \u00eenceputul lunii aprilie a avut loc o \u00eent\u00e2lnire a preo\u021bilor din protopopiatele Beclean, Bistri\u021ba \u0219i Rodna care s-a desf\u0103\u0219urat \u00een capela bisericii Buna Vestire din Bistri\u021ba. Reuniunea s-a concentrat \u00een jurul rug\u0103ciunii, un subiect potrivit tematicii &#8230; <span class=\"more\"><a class=\"more-link\" href=\"https:\/\/www.protopopiatebn.ro\/index.php\/2024\/04\/02\/intalnirea-preotilor-din-protopopiatele-beclean-bistrita-si-rodna\/\">[Read more&#8230;]<\/a><\/span><\/p>\n","protected":false},"author":3,"featured_media":0,"comment_status":"open","ping_status":"open","sticky":false,"template":"","format":"standard","meta":{"footnotes":""},"categories":[1],"tags":[],"class_list":{"0":"entry","1":"post","2":"publish","3":"author-protos","4":"post-812","6":"format-standard","7":"category-uncategorized"},"yoast_head":"<!-- This site is optimized with the Yoast SEO plugin v27.5 - https:\/\/yoast.com\/product\/yoast-seo-wordpress\/ -->\n<title>\u00cent\u00e2lnirea preo\u021bilor din Protopopiatele Beclean, Bistri\u021ba \u0219i Rodna - 1 aprilie 2024 - PROTOPOPIATELE GRECO-CATOLICE BECLEAN, BISTRI\u021aA \u0218I RODNA<\/title>\n<meta name=\"robots\" content=\"index, follow, max-snippet:-1, max-image-preview:large, max-video-preview:-1\" \/>\n<link rel=\"canonical\" href=\"https:\/\/www.protopopiatebn.ro\/index.php\/2024\/04\/02\/intalnirea-preotilor-din-protopopiatele-beclean-bistrita-si-rodna\/\" \/>\n<meta property=\"og:locale\" content=\"ro_RO\" \/>\n<meta property=\"og:type\" content=\"article\" \/>\n<meta property=\"og:title\" content=\"\u00cent\u00e2lnirea preo\u021bilor din Protopopiatele Beclean, Bistri\u021ba \u0219i Rodna - 1 aprilie 2024 - PROTOPOPIATELE GRECO-CATOLICE BECLEAN, BISTRI\u021aA \u0218I RODNA\" \/>\n<meta property=\"og:description\" content=\"Iat\u0103 c\u00e2t de bine \u015fi c\u00e2t de pl\u0103cut este ca fra\u021bii s\u0103 locuiasc\u0103 \u00eempreun\u0103! (Ps. 132 [133], 1) La \u00eenceputul lunii aprilie a avut loc o \u00eent\u00e2lnire a preo\u021bilor din protopopiatele Beclean, Bistri\u021ba \u0219i Rodna care s-a desf\u0103\u0219urat \u00een capela bisericii Buna Vestire din Bistri\u021ba. Reuniunea s-a concentrat \u00een jurul rug\u0103ciunii, un subiect potrivit tematicii ... [Read more...]\" \/>\n<meta property=\"og:url\" content=\"https:\/\/www.protopopiatebn.ro\/index.php\/2024\/04\/02\/intalnirea-preotilor-din-protopopiatele-beclean-bistrita-si-rodna\/\" \/>\n<meta property=\"og:site_name\" content=\"PROTOPOPIATELE GRECO-CATOLICE BECLEAN, BISTRI\u021aA \u0218I RODNA\" \/>\n<meta property=\"article:published_time\" content=\"2024-04-02T16:25:38+00:00\" \/>\n<meta property=\"article:modified_time\" content=\"2024-04-02T16:29:40+00:00\" \/>\n<meta property=\"og:image\" content=\"https:\/\/www.protopopiatebn.ro\/wp-content\/uploads\/2024\/04\/WhatsApp-Image-2024-04-02-at-19.16.43.jpeg\" \/>\n<meta name=\"author\" content=\"media\" \/>\n<meta name=\"twitter:card\" content=\"summary_large_image\" \/>\n<meta name=\"twitter:label1\" content=\"Scris de\" \/>\n\t<meta name=\"twitter:data1\" content=\"media\" \/>\n\t<meta name=\"twitter:label2\" content=\"Timp estimat pentru citire\" \/>\n\t<meta name=\"twitter:data2\" content=\"4 minute\" \/>\n<script type=\"application\/ld+json\" class=\"yoast-schema-graph\">{\"@context\":\"https:\\\/\\\/schema.org\",\"@graph\":[{\"@type\":\"Article\",\"@id\":\"https:\\\/\\\/www.protopopiatebn.ro\\\/index.php\\\/2024\\\/04\\\/02\\\/intalnirea-preotilor-din-protopopiatele-beclean-bistrita-si-rodna\\\/#article\",\"isPartOf\":{\"@id\":\"https:\\\/\\\/www.protopopiatebn.ro\\\/index.php\\\/2024\\\/04\\\/02\\\/intalnirea-preotilor-din-protopopiatele-beclean-bistrita-si-rodna\\\/\"},\"author\":{\"name\":\"media\",\"@id\":\"https:\\\/\\\/www.protopopiatebn.ro\\\/#\\\/schema\\\/person\\\/197df79e4c7a10df5e789cc6657cf4b6\"},\"headline\":\"\u00cent\u00e2lnirea preo\u021bilor din Protopopiatele Beclean, Bistri\u021ba \u0219i Rodna &#8211; 1 aprilie 2024\",\"datePublished\":\"2024-04-02T16:25:38+00:00\",\"dateModified\":\"2024-04-02T16:29:40+00:00\",\"mainEntityOfPage\":{\"@id\":\"https:\\\/\\\/www.protopopiatebn.ro\\\/index.php\\\/2024\\\/04\\\/02\\\/intalnirea-preotilor-din-protopopiatele-beclean-bistrita-si-rodna\\\/\"},\"wordCount\":740,\"commentCount\":0,\"image\":{\"@id\":\"https:\\\/\\\/www.protopopiatebn.ro\\\/index.php\\\/2024\\\/04\\\/02\\\/intalnirea-preotilor-din-protopopiatele-beclean-bistrita-si-rodna\\\/#primaryimage\"},\"thumbnailUrl\":\"https:\\\/\\\/www.protopopiatebn.ro\\\/wp-content\\\/uploads\\\/2024\\\/04\\\/WhatsApp-Image-2024-04-02-at-19.16.43.jpeg\",\"articleSection\":[\"Uncategorized\"],\"inLanguage\":\"ro-RO\",\"potentialAction\":[{\"@type\":\"CommentAction\",\"name\":\"Comment\",\"target\":[\"https:\\\/\\\/www.protopopiatebn.ro\\\/index.php\\\/2024\\\/04\\\/02\\\/intalnirea-preotilor-din-protopopiatele-beclean-bistrita-si-rodna\\\/#respond\"]}]},{\"@type\":\"WebPage\",\"@id\":\"https:\\\/\\\/www.protopopiatebn.ro\\\/index.php\\\/2024\\\/04\\\/02\\\/intalnirea-preotilor-din-protopopiatele-beclean-bistrita-si-rodna\\\/\",\"url\":\"https:\\\/\\\/www.protopopiatebn.ro\\\/index.php\\\/2024\\\/04\\\/02\\\/intalnirea-preotilor-din-protopopiatele-beclean-bistrita-si-rodna\\\/\",\"name\":\"\u00cent\u00e2lnirea preo\u021bilor din Protopopiatele Beclean, Bistri\u021ba \u0219i Rodna - 1 aprilie 2024 - PROTOPOPIATELE GRECO-CATOLICE BECLEAN, BISTRI\u021aA \u0218I RODNA\",\"isPartOf\":{\"@id\":\"https:\\\/\\\/www.protopopiatebn.ro\\\/#website\"},\"primaryImageOfPage\":{\"@id\":\"https:\\\/\\\/www.protopopiatebn.ro\\\/index.php\\\/2024\\\/04\\\/02\\\/intalnirea-preotilor-din-protopopiatele-beclean-bistrita-si-rodna\\\/#primaryimage\"},\"image\":{\"@id\":\"https:\\\/\\\/www.protopopiatebn.ro\\\/index.php\\\/2024\\\/04\\\/02\\\/intalnirea-preotilor-din-protopopiatele-beclean-bistrita-si-rodna\\\/#primaryimage\"},\"thumbnailUrl\":\"https:\\\/\\\/www.protopopiatebn.ro\\\/wp-content\\\/uploads\\\/2024\\\/04\\\/WhatsApp-Image-2024-04-02-at-19.16.43.jpeg\",\"datePublished\":\"2024-04-02T16:25:38+00:00\",\"dateModified\":\"2024-04-02T16:29:40+00:00\",\"author\":{\"@id\":\"https:\\\/\\\/www.protopopiatebn.ro\\\/#\\\/schema\\\/person\\\/197df79e4c7a10df5e789cc6657cf4b6\"},\"breadcrumb\":{\"@id\":\"https:\\\/\\\/www.protopopiatebn.ro\\\/index.php\\\/2024\\\/04\\\/02\\\/intalnirea-preotilor-din-protopopiatele-beclean-bistrita-si-rodna\\\/#breadcrumb\"},\"inLanguage\":\"ro-RO\",\"potentialAction\":[{\"@type\":\"ReadAction\",\"target\":[\"https:\\\/\\\/www.protopopiatebn.ro\\\/index.php\\\/2024\\\/04\\\/02\\\/intalnirea-preotilor-din-protopopiatele-beclean-bistrita-si-rodna\\\/\"]}]},{\"@type\":\"ImageObject\",\"inLanguage\":\"ro-RO\",\"@id\":\"https:\\\/\\\/www.protopopiatebn.ro\\\/index.php\\\/2024\\\/04\\\/02\\\/intalnirea-preotilor-din-protopopiatele-beclean-bistrita-si-rodna\\\/#primaryimage\",\"url\":\"https:\\\/\\\/www.protopopiatebn.ro\\\/wp-content\\\/uploads\\\/2024\\\/04\\\/WhatsApp-Image-2024-04-02-at-19.16.43.jpeg\",\"contentUrl\":\"https:\\\/\\\/www.protopopiatebn.ro\\\/wp-content\\\/uploads\\\/2024\\\/04\\\/WhatsApp-Image-2024-04-02-at-19.16.43.jpeg\",\"width\":1824,\"height\":1368},{\"@type\":\"BreadcrumbList\",\"@id\":\"https:\\\/\\\/www.protopopiatebn.ro\\\/index.php\\\/2024\\\/04\\\/02\\\/intalnirea-preotilor-din-protopopiatele-beclean-bistrita-si-rodna\\\/#breadcrumb\",\"itemListElement\":[{\"@type\":\"ListItem\",\"position\":1,\"name\":\"Home\",\"item\":\"https:\\\/\\\/www.protopopiatebn.ro\\\/\"},{\"@type\":\"ListItem\",\"position\":2,\"name\":\"\u00cent\u00e2lnirea preo\u021bilor din Protopopiatele Beclean, Bistri\u021ba \u0219i Rodna &#8211; 1 aprilie 2024\"}]},{\"@type\":\"WebSite\",\"@id\":\"https:\\\/\\\/www.protopopiatebn.ro\\\/#website\",\"url\":\"https:\\\/\\\/www.protopopiatebn.ro\\\/\",\"name\":\"PROTOPOPIATELE GRECO-CATOLICE BECLEAN, BISTRI\u021aA \u0218I RODNA\",\"description\":\"\",\"potentialAction\":[{\"@type\":\"SearchAction\",\"target\":{\"@type\":\"EntryPoint\",\"urlTemplate\":\"https:\\\/\\\/www.protopopiatebn.ro\\\/?s={search_term_string}\"},\"query-input\":{\"@type\":\"PropertyValueSpecification\",\"valueRequired\":true,\"valueName\":\"search_term_string\"}}],\"inLanguage\":\"ro-RO\"},{\"@type\":\"Person\",\"@id\":\"https:\\\/\\\/www.protopopiatebn.ro\\\/#\\\/schema\\\/person\\\/197df79e4c7a10df5e789cc6657cf4b6\",\"name\":\"media\",\"image\":{\"@type\":\"ImageObject\",\"inLanguage\":\"ro-RO\",\"@id\":\"https:\\\/\\\/secure.gravatar.com\\\/avatar\\\/04cd0dc906eda4d18642465bdfac0c5e44dc1c0aee2c6e9ddadbbd2294e96fe6?s=96&d=mm&r=g\",\"url\":\"https:\\\/\\\/secure.gravatar.com\\\/avatar\\\/04cd0dc906eda4d18642465bdfac0c5e44dc1c0aee2c6e9ddadbbd2294e96fe6?s=96&d=mm&r=g\",\"contentUrl\":\"https:\\\/\\\/secure.gravatar.com\\\/avatar\\\/04cd0dc906eda4d18642465bdfac0c5e44dc1c0aee2c6e9ddadbbd2294e96fe6?s=96&d=mm&r=g\",\"caption\":\"media\"},\"sameAs\":[\"http:\\\/\\\/www.protopopiatebn.ro\"],\"url\":\"https:\\\/\\\/www.protopopiatebn.ro\\\/index.php\\\/author\\\/protos\\\/\"}]}<\/script>\n<!-- \/ Yoast SEO plugin. -->","yoast_head_json":{"title":"\u00cent\u00e2lnirea preo\u021bilor din Protopopiatele Beclean, Bistri\u021ba \u0219i Rodna - 1 aprilie 2024 - PROTOPOPIATELE GRECO-CATOLICE BECLEAN, BISTRI\u021aA \u0218I RODNA","robots":{"index":"index","follow":"follow","max-snippet":"max-snippet:-1","max-image-preview":"max-image-preview:large","max-video-preview":"max-video-preview:-1"},"canonical":"https:\/\/www.protopopiatebn.ro\/index.php\/2024\/04\/02\/intalnirea-preotilor-din-protopopiatele-beclean-bistrita-si-rodna\/","og_locale":"ro_RO","og_type":"article","og_title":"\u00cent\u00e2lnirea preo\u021bilor din Protopopiatele Beclean, Bistri\u021ba \u0219i Rodna - 1 aprilie 2024 - PROTOPOPIATELE GRECO-CATOLICE BECLEAN, BISTRI\u021aA \u0218I RODNA","og_description":"Iat\u0103 c\u00e2t de bine \u015fi c\u00e2t de pl\u0103cut este ca fra\u021bii s\u0103 locuiasc\u0103 \u00eempreun\u0103! (Ps. 132 [133], 1) La \u00eenceputul lunii aprilie a avut loc o \u00eent\u00e2lnire a preo\u021bilor din protopopiatele Beclean, Bistri\u021ba \u0219i Rodna care s-a desf\u0103\u0219urat \u00een capela bisericii Buna Vestire din Bistri\u021ba. Reuniunea s-a concentrat \u00een jurul rug\u0103ciunii, un subiect potrivit tematicii ... [Read more...]","og_url":"https:\/\/www.protopopiatebn.ro\/index.php\/2024\/04\/02\/intalnirea-preotilor-din-protopopiatele-beclean-bistrita-si-rodna\/","og_site_name":"PROTOPOPIATELE GRECO-CATOLICE BECLEAN, BISTRI\u021aA \u0218I RODNA","article_published_time":"2024-04-02T16:25:38+00:00","article_modified_time":"2024-04-02T16:29:40+00:00","og_image":[{"url":"https:\/\/www.protopopiatebn.ro\/wp-content\/uploads\/2024\/04\/WhatsApp-Image-2024-04-02-at-19.16.43.jpeg","type":"","width":"","height":""}],"author":"media","twitter_card":"summary_large_image","twitter_misc":{"Scris de":"media","Timp estimat pentru citire":"4 minute"},"schema":{"@context":"https:\/\/schema.org","@graph":[{"@type":"Article","@id":"https:\/\/www.protopopiatebn.ro\/index.php\/2024\/04\/02\/intalnirea-preotilor-din-protopopiatele-beclean-bistrita-si-rodna\/#article","isPartOf":{"@id":"https:\/\/www.protopopiatebn.ro\/index.php\/2024\/04\/02\/intalnirea-preotilor-din-protopopiatele-beclean-bistrita-si-rodna\/"},"author":{"name":"media","@id":"https:\/\/www.protopopiatebn.ro\/#\/schema\/person\/197df79e4c7a10df5e789cc6657cf4b6"},"headline":"\u00cent\u00e2lnirea preo\u021bilor din Protopopiatele Beclean, Bistri\u021ba \u0219i Rodna &#8211; 1 aprilie 2024","datePublished":"2024-04-02T16:25:38+00:00","dateModified":"2024-04-02T16:29:40+00:00","mainEntityOfPage":{"@id":"https:\/\/www.protopopiatebn.ro\/index.php\/2024\/04\/02\/intalnirea-preotilor-din-protopopiatele-beclean-bistrita-si-rodna\/"},"wordCount":740,"commentCount":0,"image":{"@id":"https:\/\/www.protopopiatebn.ro\/index.php\/2024\/04\/02\/intalnirea-preotilor-din-protopopiatele-beclean-bistrita-si-rodna\/#primaryimage"},"thumbnailUrl":"https:\/\/www.protopopiatebn.ro\/wp-content\/uploads\/2024\/04\/WhatsApp-Image-2024-04-02-at-19.16.43.jpeg","articleSection":["Uncategorized"],"inLanguage":"ro-RO","potentialAction":[{"@type":"CommentAction","name":"Comment","target":["https:\/\/www.protopopiatebn.ro\/index.php\/2024\/04\/02\/intalnirea-preotilor-din-protopopiatele-beclean-bistrita-si-rodna\/#respond"]}]},{"@type":"WebPage","@id":"https:\/\/www.protopopiatebn.ro\/index.php\/2024\/04\/02\/intalnirea-preotilor-din-protopopiatele-beclean-bistrita-si-rodna\/","url":"https:\/\/www.protopopiatebn.ro\/index.php\/2024\/04\/02\/intalnirea-preotilor-din-protopopiatele-beclean-bistrita-si-rodna\/","name":"\u00cent\u00e2lnirea preo\u021bilor din Protopopiatele Beclean, Bistri\u021ba \u0219i Rodna - 1 aprilie 2024 - PROTOPOPIATELE GRECO-CATOLICE BECLEAN, BISTRI\u021aA \u0218I RODNA","isPartOf":{"@id":"https:\/\/www.protopopiatebn.ro\/#website"},"primaryImageOfPage":{"@id":"https:\/\/www.protopopiatebn.ro\/index.php\/2024\/04\/02\/intalnirea-preotilor-din-protopopiatele-beclean-bistrita-si-rodna\/#primaryimage"},"image":{"@id":"https:\/\/www.protopopiatebn.ro\/index.php\/2024\/04\/02\/intalnirea-preotilor-din-protopopiatele-beclean-bistrita-si-rodna\/#primaryimage"},"thumbnailUrl":"https:\/\/www.protopopiatebn.ro\/wp-content\/uploads\/2024\/04\/WhatsApp-Image-2024-04-02-at-19.16.43.jpeg","datePublished":"2024-04-02T16:25:38+00:00","dateModified":"2024-04-02T16:29:40+00:00","author":{"@id":"https:\/\/www.protopopiatebn.ro\/#\/schema\/person\/197df79e4c7a10df5e789cc6657cf4b6"},"breadcrumb":{"@id":"https:\/\/www.protopopiatebn.ro\/index.php\/2024\/04\/02\/intalnirea-preotilor-din-protopopiatele-beclean-bistrita-si-rodna\/#breadcrumb"},"inLanguage":"ro-RO","potentialAction":[{"@type":"ReadAction","target":["https:\/\/www.protopopiatebn.ro\/index.php\/2024\/04\/02\/intalnirea-preotilor-din-protopopiatele-beclean-bistrita-si-rodna\/"]}]},{"@type":"ImageObject","inLanguage":"ro-RO","@id":"https:\/\/www.protopopiatebn.ro\/index.php\/2024\/04\/02\/intalnirea-preotilor-din-protopopiatele-beclean-bistrita-si-rodna\/#primaryimage","url":"https:\/\/www.protopopiatebn.ro\/wp-content\/uploads\/2024\/04\/WhatsApp-Image-2024-04-02-at-19.16.43.jpeg","contentUrl":"https:\/\/www.protopopiatebn.ro\/wp-content\/uploads\/2024\/04\/WhatsApp-Image-2024-04-02-at-19.16.43.jpeg","width":1824,"height":1368},{"@type":"BreadcrumbList","@id":"https:\/\/www.protopopiatebn.ro\/index.php\/2024\/04\/02\/intalnirea-preotilor-din-protopopiatele-beclean-bistrita-si-rodna\/#breadcrumb","itemListElement":[{"@type":"ListItem","position":1,"name":"Home","item":"https:\/\/www.protopopiatebn.ro\/"},{"@type":"ListItem","position":2,"name":"\u00cent\u00e2lnirea preo\u021bilor din Protopopiatele Beclean, Bistri\u021ba \u0219i Rodna &#8211; 1 aprilie 2024"}]},{"@type":"WebSite","@id":"https:\/\/www.protopopiatebn.ro\/#website","url":"https:\/\/www.protopopiatebn.ro\/","name":"PROTOPOPIATELE GRECO-CATOLICE BECLEAN, BISTRI\u021aA \u0218I RODNA","description":"","potentialAction":[{"@type":"SearchAction","target":{"@type":"EntryPoint","urlTemplate":"https:\/\/www.protopopiatebn.ro\/?s={search_term_string}"},"query-input":{"@type":"PropertyValueSpecification","valueRequired":true,"valueName":"search_term_string"}}],"inLanguage":"ro-RO"},{"@type":"Person","@id":"https:\/\/www.protopopiatebn.ro\/#\/schema\/person\/197df79e4c7a10df5e789cc6657cf4b6","name":"media","image":{"@type":"ImageObject","inLanguage":"ro-RO","@id":"https:\/\/secure.gravatar.com\/avatar\/04cd0dc906eda4d18642465bdfac0c5e44dc1c0aee2c6e9ddadbbd2294e96fe6?s=96&d=mm&r=g","url":"https:\/\/secure.gravatar.com\/avatar\/04cd0dc906eda4d18642465bdfac0c5e44dc1c0aee2c6e9ddadbbd2294e96fe6?s=96&d=mm&r=g","contentUrl":"https:\/\/secure.gravatar.com\/avatar\/04cd0dc906eda4d18642465bdfac0c5e44dc1c0aee2c6e9ddadbbd2294e96fe6?s=96&d=mm&r=g","caption":"media"},"sameAs":["http:\/\/www.protopopiatebn.ro"],"url":"https:\/\/www.protopopiatebn.ro\/index.php\/author\/protos\/"}]}},"_links":{"self":[{"href":"https:\/\/www.protopopiatebn.ro\/index.php\/wp-json\/wp\/v2\/posts\/812","targetHints":{"allow":["GET"]}}],"collection":[{"href":"https:\/\/www.protopopiatebn.ro\/index.php\/wp-json\/wp\/v2\/posts"}],"about":[{"href":"https:\/\/www.protopopiatebn.ro\/index.php\/wp-json\/wp\/v2\/types\/post"}],"author":[{"embeddable":true,"href":"https:\/\/www.protopopiatebn.ro\/index.php\/wp-json\/wp\/v2\/users\/3"}],"replies":[{"embeddable":true,"href":"https:\/\/www.protopopiatebn.ro\/index.php\/wp-json\/wp\/v2\/comments?post=812"}],"version-history":[{"count":5,"href":"https:\/\/www.protopopiatebn.ro\/index.php\/wp-json\/wp\/v2\/posts\/812\/revisions"}],"predecessor-version":[{"id":816,"href":"https:\/\/www.protopopiatebn.ro\/index.php\/wp-json\/wp\/v2\/posts\/812\/revisions\/816"}],"wp:attachment":[{"href":"https:\/\/www.protopopiatebn.ro\/index.php\/wp-json\/wp\/v2\/media?parent=812"}],"wp:term":[{"taxonomy":"category","embeddable":true,"href":"https:\/\/www.protopopiatebn.ro\/index.php\/wp-json\/wp\/v2\/categories?post=812"},{"taxonomy":"post_tag","embeddable":true,"href":"https:\/\/www.protopopiatebn.ro\/index.php\/wp-json\/wp\/v2\/tags?post=812"}],"curies":[{"name":"wp","href":"https:\/\/api.w.org\/{rel}","templated":true}]}}