{"id":762,"date":"2024-01-26T15:27:36","date_gmt":"2024-01-26T13:27:36","guid":{"rendered":"https:\/\/www.protopopiatebn.ro\/?p=762"},"modified":"2024-01-26T15:36:30","modified_gmt":"2024-01-26T13:36:30","slug":"unirea-principatelor-sarbatorita-la-bistrita-24-ianuarie-2024","status":"publish","type":"post","link":"https:\/\/www.protopopiatebn.ro\/index.php\/2024\/01\/26\/unirea-principatelor-sarbatorita-la-bistrita-24-ianuarie-2024\/","title":{"rendered":"Unirea Principatelor s\u0103rb\u0103torit\u0103 la Bistri\u021ba, 24 ianuarie 2024"},"content":{"rendered":"<p><img loading=\"lazy\" decoding=\"async\" class=\"aligncenter size-full wp-image-763\" src=\"https:\/\/www.protopopiatebn.ro\/wp-content\/uploads\/2024\/01\/Bistrita_ceremonie-Mica-Unire_16.jpg\" alt=\"\" width=\"800\" height=\"533\" srcset=\"https:\/\/www.protopopiatebn.ro\/wp-content\/uploads\/2024\/01\/Bistrita_ceremonie-Mica-Unire_16.jpg 800w, https:\/\/www.protopopiatebn.ro\/wp-content\/uploads\/2024\/01\/Bistrita_ceremonie-Mica-Unire_16-300x200.jpg 300w, https:\/\/www.protopopiatebn.ro\/wp-content\/uploads\/2024\/01\/Bistrita_ceremonie-Mica-Unire_16-768x512.jpg 768w\" sizes=\"auto, (max-width: 800px) 100vw, 800px\" \/><\/p>\n<p>FOTO\u00a0 @ bistriteanul.ro<\/p>\n<p>Pr. Cristian Goia, protopop greco-catolic de Beclean, Bistri\u021ba \u0219i Rodna, a luat parte, ca invitat, la evenimentele organizate cu ocazia Zilei Unirii Principatelor Rom\u00e2ne, la bustul domnitorului Alexandru Ioan Cuza, \u00een Pia\u021ba Unirii din Bistri\u021ba. Ceremonia public\u0103 a presupus acordarea onorului militar, intonarea Imnului Na\u021bional al Rom\u00e2niei \u0219i oficierea de c\u0103tre p\u0103rintele protopop a unui serviciu religios Te Deum, \u00eempreun\u0103 cu p\u0103rintele protopop ortodox \u00a0Alexandru Vidican \u0219i un sobor de preo\u021bi. La ceremonie au participat reprezentan\u021bi ai autorit\u0103\u021bilor statului, jude\u021bene, locale, reprezenta\u021bii Brig\u0103zii 81 Mecanizat\u0103 &#8222;General Grigore B\u0103lan&#8221; precum \u0219i sute de bistri\u021beni.<\/p>\n<p>Prefectul jude\u021bului Teofil Cioarb\u0103 a citit mesajul transmis de \u0219eful Guvernului cu prilejul Zilei Unirii\u00a0 Principatelor Rom\u00e2ne \u0219i apoi Primariul Municipiului Bistri\u021ba Ioan Turc a vorbit despre importan\u021ba Unirii Pricipatelor pentru na\u021biunea rom\u00e2n\u0103.<\/p>\n<p>Dup\u0103 alocu\u021biuni s-au depus de c\u0103tre oficialit\u0103\u021bi coroane de flori la statuia domnitorului Alexandru Ioan Cuza. A avut loc \u0219i defilarea G\u0103rzii de onoare pe acordurile fanfarei militare dup\u0103 care a urmat Hora Unirii la care au participat to\u021bi cei prezen\u021bi.<\/p>\n<p>Aceast\u0103 ,,Unire a principatelor\u201d de la 1859 sub domnia lui Alexandru I. Cuza a a fost premerg\u0103toare \u00eenf\u0103ptuirii la Marii Uniri din 1918, \u00een care se vor implica mari personalit\u0103\u021bi greco-catolice de \u00eenalt\u0103 cultur\u0103, \u00een frunte cu Episcopul Iuliu Hossu.<\/p>\n<p style=\"text-align: right;\">A consemnat diacon Darius Tegla\u0219<\/p>\n<p style=\"text-align: right;\">Biroul Media al Protopopiatului<\/p>\n<p style=\"text-align: center;\">FOTO preluate de pe bistriteanul.ro<\/p>\n<p><img loading=\"lazy\" decoding=\"async\" class=\"aligncenter size-full wp-image-764\" src=\"https:\/\/www.protopopiatebn.ro\/wp-content\/uploads\/2024\/01\/Bistrita_ceremonie-Mica-Unire_18.jpg\" alt=\"\" width=\"800\" height=\"533\" srcset=\"https:\/\/www.protopopiatebn.ro\/wp-content\/uploads\/2024\/01\/Bistrita_ceremonie-Mica-Unire_18.jpg 800w, https:\/\/www.protopopiatebn.ro\/wp-content\/uploads\/2024\/01\/Bistrita_ceremonie-Mica-Unire_18-300x200.jpg 300w, https:\/\/www.protopopiatebn.ro\/wp-content\/uploads\/2024\/01\/Bistrita_ceremonie-Mica-Unire_18-768x512.jpg 768w\" sizes=\"auto, (max-width: 800px) 100vw, 800px\" \/><\/p>\n<p><img loading=\"lazy\" decoding=\"async\" class=\"aligncenter size-full wp-image-765\" src=\"https:\/\/www.protopopiatebn.ro\/wp-content\/uploads\/2024\/01\/Bistrita_ceremonie-Mica-Unire_24.jpg\" alt=\"\" width=\"800\" height=\"533\" srcset=\"https:\/\/www.protopopiatebn.ro\/wp-content\/uploads\/2024\/01\/Bistrita_ceremonie-Mica-Unire_24.jpg 800w, https:\/\/www.protopopiatebn.ro\/wp-content\/uploads\/2024\/01\/Bistrita_ceremonie-Mica-Unire_24-300x200.jpg 300w, https:\/\/www.protopopiatebn.ro\/wp-content\/uploads\/2024\/01\/Bistrita_ceremonie-Mica-Unire_24-768x512.jpg 768w\" sizes=\"auto, (max-width: 800px) 100vw, 800px\" \/><\/p>\n<p><img loading=\"lazy\" decoding=\"async\" class=\"aligncenter size-full wp-image-766\" src=\"https:\/\/www.protopopiatebn.ro\/wp-content\/uploads\/2024\/01\/Bistrita_ceremonie-Mica-Unire_25.jpg\" alt=\"\" width=\"788\" height=\"600\" srcset=\"https:\/\/www.protopopiatebn.ro\/wp-content\/uploads\/2024\/01\/Bistrita_ceremonie-Mica-Unire_25.jpg 788w, https:\/\/www.protopopiatebn.ro\/wp-content\/uploads\/2024\/01\/Bistrita_ceremonie-Mica-Unire_25-300x228.jpg 300w, https:\/\/www.protopopiatebn.ro\/wp-content\/uploads\/2024\/01\/Bistrita_ceremonie-Mica-Unire_25-768x585.jpg 768w\" sizes=\"auto, (max-width: 788px) 100vw, 788px\" \/><\/p>\n<p><img loading=\"lazy\" decoding=\"async\" class=\"aligncenter size-full wp-image-767\" src=\"https:\/\/www.protopopiatebn.ro\/wp-content\/uploads\/2024\/01\/Bistrita_ceremonie-Mica-Unire_33.jpg\" alt=\"\" width=\"800\" height=\"533\" srcset=\"https:\/\/www.protopopiatebn.ro\/wp-content\/uploads\/2024\/01\/Bistrita_ceremonie-Mica-Unire_33.jpg 800w, https:\/\/www.protopopiatebn.ro\/wp-content\/uploads\/2024\/01\/Bistrita_ceremonie-Mica-Unire_33-300x200.jpg 300w, https:\/\/www.protopopiatebn.ro\/wp-content\/uploads\/2024\/01\/Bistrita_ceremonie-Mica-Unire_33-768x512.jpg 768w\" sizes=\"auto, (max-width: 800px) 100vw, 800px\" \/><\/p>\n<p>&nbsp;<\/p>\n","protected":false},"excerpt":{"rendered":"<p>FOTO\u00a0 @ bistriteanul.ro Pr. Cristian Goia, protopop greco-catolic de Beclean, Bistri\u021ba \u0219i Rodna, a luat parte, ca invitat, la evenimentele organizate cu ocazia Zilei Unirii Principatelor Rom\u00e2ne, la bustul domnitorului Alexandru Ioan Cuza, \u00een Pia\u021ba Unirii din Bistri\u021ba. Ceremonia public\u0103 a presupus acordarea onorului militar, intonarea Imnului Na\u021bional al Rom\u00e2niei \u0219i oficierea de c\u0103tre p\u0103rintele &#8230; <span class=\"more\"><a class=\"more-link\" href=\"https:\/\/www.protopopiatebn.ro\/index.php\/2024\/01\/26\/unirea-principatelor-sarbatorita-la-bistrita-24-ianuarie-2024\/\">[Read more&#8230;]<\/a><\/span><\/p>\n","protected":false},"author":3,"featured_media":0,"comment_status":"open","ping_status":"open","sticky":false,"template":"","format":"standard","meta":{"footnotes":""},"categories":[1],"tags":[],"class_list":{"0":"entry","1":"post","2":"publish","3":"author-protos","4":"post-762","6":"format-standard","7":"category-uncategorized"},"yoast_head":"<!-- This site is optimized with the Yoast SEO plugin v27.5 - https:\/\/yoast.com\/product\/yoast-seo-wordpress\/ -->\n<title>Unirea Principatelor s\u0103rb\u0103torit\u0103 la Bistri\u021ba, 24 ianuarie 2024 - PROTOPOPIATELE GRECO-CATOLICE BECLEAN, BISTRI\u021aA \u0218I RODNA<\/title>\n<meta name=\"robots\" content=\"index, follow, max-snippet:-1, max-image-preview:large, max-video-preview:-1\" \/>\n<link rel=\"canonical\" href=\"https:\/\/www.protopopiatebn.ro\/index.php\/2024\/01\/26\/unirea-principatelor-sarbatorita-la-bistrita-24-ianuarie-2024\/\" \/>\n<meta property=\"og:locale\" content=\"ro_RO\" \/>\n<meta property=\"og:type\" content=\"article\" \/>\n<meta property=\"og:title\" content=\"Unirea Principatelor s\u0103rb\u0103torit\u0103 la Bistri\u021ba, 24 ianuarie 2024 - PROTOPOPIATELE GRECO-CATOLICE BECLEAN, BISTRI\u021aA \u0218I RODNA\" \/>\n<meta property=\"og:description\" content=\"FOTO\u00a0 @ bistriteanul.ro Pr. Cristian Goia, protopop greco-catolic de Beclean, Bistri\u021ba \u0219i Rodna, a luat parte, ca invitat, la evenimentele organizate cu ocazia Zilei Unirii Principatelor Rom\u00e2ne, la bustul domnitorului Alexandru Ioan Cuza, \u00een Pia\u021ba Unirii din Bistri\u021ba. Ceremonia public\u0103 a presupus acordarea onorului militar, intonarea Imnului Na\u021bional al Rom\u00e2niei \u0219i oficierea de c\u0103tre p\u0103rintele ... [Read more...]\" \/>\n<meta property=\"og:url\" content=\"https:\/\/www.protopopiatebn.ro\/index.php\/2024\/01\/26\/unirea-principatelor-sarbatorita-la-bistrita-24-ianuarie-2024\/\" \/>\n<meta property=\"og:site_name\" content=\"PROTOPOPIATELE GRECO-CATOLICE BECLEAN, BISTRI\u021aA \u0218I RODNA\" \/>\n<meta property=\"article:published_time\" content=\"2024-01-26T13:27:36+00:00\" \/>\n<meta property=\"article:modified_time\" content=\"2024-01-26T13:36:30+00:00\" \/>\n<meta property=\"og:image\" content=\"https:\/\/www.protopopiatebn.ro\/wp-content\/uploads\/2024\/01\/Bistrita_ceremonie-Mica-Unire_16.jpg\" \/>\n<meta name=\"author\" content=\"media\" \/>\n<meta name=\"twitter:card\" content=\"summary_large_image\" \/>\n<meta name=\"twitter:label1\" content=\"Scris de\" \/>\n\t<meta name=\"twitter:data1\" content=\"media\" \/>\n\t<meta name=\"twitter:label2\" content=\"Timp estimat pentru citire\" \/>\n\t<meta name=\"twitter:data2\" content=\"3 minute\" \/>\n<script type=\"application\/ld+json\" class=\"yoast-schema-graph\">{\"@context\":\"https:\\\/\\\/schema.org\",\"@graph\":[{\"@type\":\"Article\",\"@id\":\"https:\\\/\\\/www.protopopiatebn.ro\\\/index.php\\\/2024\\\/01\\\/26\\\/unirea-principatelor-sarbatorita-la-bistrita-24-ianuarie-2024\\\/#article\",\"isPartOf\":{\"@id\":\"https:\\\/\\\/www.protopopiatebn.ro\\\/index.php\\\/2024\\\/01\\\/26\\\/unirea-principatelor-sarbatorita-la-bistrita-24-ianuarie-2024\\\/\"},\"author\":{\"name\":\"media\",\"@id\":\"https:\\\/\\\/www.protopopiatebn.ro\\\/#\\\/schema\\\/person\\\/197df79e4c7a10df5e789cc6657cf4b6\"},\"headline\":\"Unirea Principatelor s\u0103rb\u0103torit\u0103 la Bistri\u021ba, 24 ianuarie 2024\",\"datePublished\":\"2024-01-26T13:27:36+00:00\",\"dateModified\":\"2024-01-26T13:36:30+00:00\",\"mainEntityOfPage\":{\"@id\":\"https:\\\/\\\/www.protopopiatebn.ro\\\/index.php\\\/2024\\\/01\\\/26\\\/unirea-principatelor-sarbatorita-la-bistrita-24-ianuarie-2024\\\/\"},\"wordCount\":264,\"commentCount\":0,\"image\":{\"@id\":\"https:\\\/\\\/www.protopopiatebn.ro\\\/index.php\\\/2024\\\/01\\\/26\\\/unirea-principatelor-sarbatorita-la-bistrita-24-ianuarie-2024\\\/#primaryimage\"},\"thumbnailUrl\":\"https:\\\/\\\/www.protopopiatebn.ro\\\/wp-content\\\/uploads\\\/2024\\\/01\\\/Bistrita_ceremonie-Mica-Unire_16.jpg\",\"articleSection\":[\"Uncategorized\"],\"inLanguage\":\"ro-RO\",\"potentialAction\":[{\"@type\":\"CommentAction\",\"name\":\"Comment\",\"target\":[\"https:\\\/\\\/www.protopopiatebn.ro\\\/index.php\\\/2024\\\/01\\\/26\\\/unirea-principatelor-sarbatorita-la-bistrita-24-ianuarie-2024\\\/#respond\"]}]},{\"@type\":\"WebPage\",\"@id\":\"https:\\\/\\\/www.protopopiatebn.ro\\\/index.php\\\/2024\\\/01\\\/26\\\/unirea-principatelor-sarbatorita-la-bistrita-24-ianuarie-2024\\\/\",\"url\":\"https:\\\/\\\/www.protopopiatebn.ro\\\/index.php\\\/2024\\\/01\\\/26\\\/unirea-principatelor-sarbatorita-la-bistrita-24-ianuarie-2024\\\/\",\"name\":\"Unirea Principatelor s\u0103rb\u0103torit\u0103 la Bistri\u021ba, 24 ianuarie 2024 - PROTOPOPIATELE GRECO-CATOLICE BECLEAN, BISTRI\u021aA \u0218I RODNA\",\"isPartOf\":{\"@id\":\"https:\\\/\\\/www.protopopiatebn.ro\\\/#website\"},\"primaryImageOfPage\":{\"@id\":\"https:\\\/\\\/www.protopopiatebn.ro\\\/index.php\\\/2024\\\/01\\\/26\\\/unirea-principatelor-sarbatorita-la-bistrita-24-ianuarie-2024\\\/#primaryimage\"},\"image\":{\"@id\":\"https:\\\/\\\/www.protopopiatebn.ro\\\/index.php\\\/2024\\\/01\\\/26\\\/unirea-principatelor-sarbatorita-la-bistrita-24-ianuarie-2024\\\/#primaryimage\"},\"thumbnailUrl\":\"https:\\\/\\\/www.protopopiatebn.ro\\\/wp-content\\\/uploads\\\/2024\\\/01\\\/Bistrita_ceremonie-Mica-Unire_16.jpg\",\"datePublished\":\"2024-01-26T13:27:36+00:00\",\"dateModified\":\"2024-01-26T13:36:30+00:00\",\"author\":{\"@id\":\"https:\\\/\\\/www.protopopiatebn.ro\\\/#\\\/schema\\\/person\\\/197df79e4c7a10df5e789cc6657cf4b6\"},\"breadcrumb\":{\"@id\":\"https:\\\/\\\/www.protopopiatebn.ro\\\/index.php\\\/2024\\\/01\\\/26\\\/unirea-principatelor-sarbatorita-la-bistrita-24-ianuarie-2024\\\/#breadcrumb\"},\"inLanguage\":\"ro-RO\",\"potentialAction\":[{\"@type\":\"ReadAction\",\"target\":[\"https:\\\/\\\/www.protopopiatebn.ro\\\/index.php\\\/2024\\\/01\\\/26\\\/unirea-principatelor-sarbatorita-la-bistrita-24-ianuarie-2024\\\/\"]}]},{\"@type\":\"ImageObject\",\"inLanguage\":\"ro-RO\",\"@id\":\"https:\\\/\\\/www.protopopiatebn.ro\\\/index.php\\\/2024\\\/01\\\/26\\\/unirea-principatelor-sarbatorita-la-bistrita-24-ianuarie-2024\\\/#primaryimage\",\"url\":\"https:\\\/\\\/www.protopopiatebn.ro\\\/wp-content\\\/uploads\\\/2024\\\/01\\\/Bistrita_ceremonie-Mica-Unire_16.jpg\",\"contentUrl\":\"https:\\\/\\\/www.protopopiatebn.ro\\\/wp-content\\\/uploads\\\/2024\\\/01\\\/Bistrita_ceremonie-Mica-Unire_16.jpg\",\"width\":800,\"height\":533},{\"@type\":\"BreadcrumbList\",\"@id\":\"https:\\\/\\\/www.protopopiatebn.ro\\\/index.php\\\/2024\\\/01\\\/26\\\/unirea-principatelor-sarbatorita-la-bistrita-24-ianuarie-2024\\\/#breadcrumb\",\"itemListElement\":[{\"@type\":\"ListItem\",\"position\":1,\"name\":\"Home\",\"item\":\"https:\\\/\\\/www.protopopiatebn.ro\\\/\"},{\"@type\":\"ListItem\",\"position\":2,\"name\":\"Unirea Principatelor s\u0103rb\u0103torit\u0103 la Bistri\u021ba, 24 ianuarie 2024\"}]},{\"@type\":\"WebSite\",\"@id\":\"https:\\\/\\\/www.protopopiatebn.ro\\\/#website\",\"url\":\"https:\\\/\\\/www.protopopiatebn.ro\\\/\",\"name\":\"PROTOPOPIATELE GRECO-CATOLICE BECLEAN, BISTRI\u021aA \u0218I RODNA\",\"description\":\"\",\"potentialAction\":[{\"@type\":\"SearchAction\",\"target\":{\"@type\":\"EntryPoint\",\"urlTemplate\":\"https:\\\/\\\/www.protopopiatebn.ro\\\/?s={search_term_string}\"},\"query-input\":{\"@type\":\"PropertyValueSpecification\",\"valueRequired\":true,\"valueName\":\"search_term_string\"}}],\"inLanguage\":\"ro-RO\"},{\"@type\":\"Person\",\"@id\":\"https:\\\/\\\/www.protopopiatebn.ro\\\/#\\\/schema\\\/person\\\/197df79e4c7a10df5e789cc6657cf4b6\",\"name\":\"media\",\"image\":{\"@type\":\"ImageObject\",\"inLanguage\":\"ro-RO\",\"@id\":\"https:\\\/\\\/secure.gravatar.com\\\/avatar\\\/04cd0dc906eda4d18642465bdfac0c5e44dc1c0aee2c6e9ddadbbd2294e96fe6?s=96&d=mm&r=g\",\"url\":\"https:\\\/\\\/secure.gravatar.com\\\/avatar\\\/04cd0dc906eda4d18642465bdfac0c5e44dc1c0aee2c6e9ddadbbd2294e96fe6?s=96&d=mm&r=g\",\"contentUrl\":\"https:\\\/\\\/secure.gravatar.com\\\/avatar\\\/04cd0dc906eda4d18642465bdfac0c5e44dc1c0aee2c6e9ddadbbd2294e96fe6?s=96&d=mm&r=g\",\"caption\":\"media\"},\"sameAs\":[\"http:\\\/\\\/www.protopopiatebn.ro\"],\"url\":\"https:\\\/\\\/www.protopopiatebn.ro\\\/index.php\\\/author\\\/protos\\\/\"}]}<\/script>\n<!-- \/ Yoast SEO plugin. -->","yoast_head_json":{"title":"Unirea Principatelor s\u0103rb\u0103torit\u0103 la Bistri\u021ba, 24 ianuarie 2024 - PROTOPOPIATELE GRECO-CATOLICE BECLEAN, BISTRI\u021aA \u0218I RODNA","robots":{"index":"index","follow":"follow","max-snippet":"max-snippet:-1","max-image-preview":"max-image-preview:large","max-video-preview":"max-video-preview:-1"},"canonical":"https:\/\/www.protopopiatebn.ro\/index.php\/2024\/01\/26\/unirea-principatelor-sarbatorita-la-bistrita-24-ianuarie-2024\/","og_locale":"ro_RO","og_type":"article","og_title":"Unirea Principatelor s\u0103rb\u0103torit\u0103 la Bistri\u021ba, 24 ianuarie 2024 - PROTOPOPIATELE GRECO-CATOLICE BECLEAN, BISTRI\u021aA \u0218I RODNA","og_description":"FOTO\u00a0 @ bistriteanul.ro Pr. Cristian Goia, protopop greco-catolic de Beclean, Bistri\u021ba \u0219i Rodna, a luat parte, ca invitat, la evenimentele organizate cu ocazia Zilei Unirii Principatelor Rom\u00e2ne, la bustul domnitorului Alexandru Ioan Cuza, \u00een Pia\u021ba Unirii din Bistri\u021ba. Ceremonia public\u0103 a presupus acordarea onorului militar, intonarea Imnului Na\u021bional al Rom\u00e2niei \u0219i oficierea de c\u0103tre p\u0103rintele ... [Read more...]","og_url":"https:\/\/www.protopopiatebn.ro\/index.php\/2024\/01\/26\/unirea-principatelor-sarbatorita-la-bistrita-24-ianuarie-2024\/","og_site_name":"PROTOPOPIATELE GRECO-CATOLICE BECLEAN, BISTRI\u021aA \u0218I RODNA","article_published_time":"2024-01-26T13:27:36+00:00","article_modified_time":"2024-01-26T13:36:30+00:00","og_image":[{"url":"https:\/\/www.protopopiatebn.ro\/wp-content\/uploads\/2024\/01\/Bistrita_ceremonie-Mica-Unire_16.jpg","type":"","width":"","height":""}],"author":"media","twitter_card":"summary_large_image","twitter_misc":{"Scris de":"media","Timp estimat pentru citire":"3 minute"},"schema":{"@context":"https:\/\/schema.org","@graph":[{"@type":"Article","@id":"https:\/\/www.protopopiatebn.ro\/index.php\/2024\/01\/26\/unirea-principatelor-sarbatorita-la-bistrita-24-ianuarie-2024\/#article","isPartOf":{"@id":"https:\/\/www.protopopiatebn.ro\/index.php\/2024\/01\/26\/unirea-principatelor-sarbatorita-la-bistrita-24-ianuarie-2024\/"},"author":{"name":"media","@id":"https:\/\/www.protopopiatebn.ro\/#\/schema\/person\/197df79e4c7a10df5e789cc6657cf4b6"},"headline":"Unirea Principatelor s\u0103rb\u0103torit\u0103 la Bistri\u021ba, 24 ianuarie 2024","datePublished":"2024-01-26T13:27:36+00:00","dateModified":"2024-01-26T13:36:30+00:00","mainEntityOfPage":{"@id":"https:\/\/www.protopopiatebn.ro\/index.php\/2024\/01\/26\/unirea-principatelor-sarbatorita-la-bistrita-24-ianuarie-2024\/"},"wordCount":264,"commentCount":0,"image":{"@id":"https:\/\/www.protopopiatebn.ro\/index.php\/2024\/01\/26\/unirea-principatelor-sarbatorita-la-bistrita-24-ianuarie-2024\/#primaryimage"},"thumbnailUrl":"https:\/\/www.protopopiatebn.ro\/wp-content\/uploads\/2024\/01\/Bistrita_ceremonie-Mica-Unire_16.jpg","articleSection":["Uncategorized"],"inLanguage":"ro-RO","potentialAction":[{"@type":"CommentAction","name":"Comment","target":["https:\/\/www.protopopiatebn.ro\/index.php\/2024\/01\/26\/unirea-principatelor-sarbatorita-la-bistrita-24-ianuarie-2024\/#respond"]}]},{"@type":"WebPage","@id":"https:\/\/www.protopopiatebn.ro\/index.php\/2024\/01\/26\/unirea-principatelor-sarbatorita-la-bistrita-24-ianuarie-2024\/","url":"https:\/\/www.protopopiatebn.ro\/index.php\/2024\/01\/26\/unirea-principatelor-sarbatorita-la-bistrita-24-ianuarie-2024\/","name":"Unirea Principatelor s\u0103rb\u0103torit\u0103 la Bistri\u021ba, 24 ianuarie 2024 - PROTOPOPIATELE GRECO-CATOLICE BECLEAN, BISTRI\u021aA \u0218I RODNA","isPartOf":{"@id":"https:\/\/www.protopopiatebn.ro\/#website"},"primaryImageOfPage":{"@id":"https:\/\/www.protopopiatebn.ro\/index.php\/2024\/01\/26\/unirea-principatelor-sarbatorita-la-bistrita-24-ianuarie-2024\/#primaryimage"},"image":{"@id":"https:\/\/www.protopopiatebn.ro\/index.php\/2024\/01\/26\/unirea-principatelor-sarbatorita-la-bistrita-24-ianuarie-2024\/#primaryimage"},"thumbnailUrl":"https:\/\/www.protopopiatebn.ro\/wp-content\/uploads\/2024\/01\/Bistrita_ceremonie-Mica-Unire_16.jpg","datePublished":"2024-01-26T13:27:36+00:00","dateModified":"2024-01-26T13:36:30+00:00","author":{"@id":"https:\/\/www.protopopiatebn.ro\/#\/schema\/person\/197df79e4c7a10df5e789cc6657cf4b6"},"breadcrumb":{"@id":"https:\/\/www.protopopiatebn.ro\/index.php\/2024\/01\/26\/unirea-principatelor-sarbatorita-la-bistrita-24-ianuarie-2024\/#breadcrumb"},"inLanguage":"ro-RO","potentialAction":[{"@type":"ReadAction","target":["https:\/\/www.protopopiatebn.ro\/index.php\/2024\/01\/26\/unirea-principatelor-sarbatorita-la-bistrita-24-ianuarie-2024\/"]}]},{"@type":"ImageObject","inLanguage":"ro-RO","@id":"https:\/\/www.protopopiatebn.ro\/index.php\/2024\/01\/26\/unirea-principatelor-sarbatorita-la-bistrita-24-ianuarie-2024\/#primaryimage","url":"https:\/\/www.protopopiatebn.ro\/wp-content\/uploads\/2024\/01\/Bistrita_ceremonie-Mica-Unire_16.jpg","contentUrl":"https:\/\/www.protopopiatebn.ro\/wp-content\/uploads\/2024\/01\/Bistrita_ceremonie-Mica-Unire_16.jpg","width":800,"height":533},{"@type":"BreadcrumbList","@id":"https:\/\/www.protopopiatebn.ro\/index.php\/2024\/01\/26\/unirea-principatelor-sarbatorita-la-bistrita-24-ianuarie-2024\/#breadcrumb","itemListElement":[{"@type":"ListItem","position":1,"name":"Home","item":"https:\/\/www.protopopiatebn.ro\/"},{"@type":"ListItem","position":2,"name":"Unirea Principatelor s\u0103rb\u0103torit\u0103 la Bistri\u021ba, 24 ianuarie 2024"}]},{"@type":"WebSite","@id":"https:\/\/www.protopopiatebn.ro\/#website","url":"https:\/\/www.protopopiatebn.ro\/","name":"PROTOPOPIATELE GRECO-CATOLICE BECLEAN, BISTRI\u021aA \u0218I RODNA","description":"","potentialAction":[{"@type":"SearchAction","target":{"@type":"EntryPoint","urlTemplate":"https:\/\/www.protopopiatebn.ro\/?s={search_term_string}"},"query-input":{"@type":"PropertyValueSpecification","valueRequired":true,"valueName":"search_term_string"}}],"inLanguage":"ro-RO"},{"@type":"Person","@id":"https:\/\/www.protopopiatebn.ro\/#\/schema\/person\/197df79e4c7a10df5e789cc6657cf4b6","name":"media","image":{"@type":"ImageObject","inLanguage":"ro-RO","@id":"https:\/\/secure.gravatar.com\/avatar\/04cd0dc906eda4d18642465bdfac0c5e44dc1c0aee2c6e9ddadbbd2294e96fe6?s=96&d=mm&r=g","url":"https:\/\/secure.gravatar.com\/avatar\/04cd0dc906eda4d18642465bdfac0c5e44dc1c0aee2c6e9ddadbbd2294e96fe6?s=96&d=mm&r=g","contentUrl":"https:\/\/secure.gravatar.com\/avatar\/04cd0dc906eda4d18642465bdfac0c5e44dc1c0aee2c6e9ddadbbd2294e96fe6?s=96&d=mm&r=g","caption":"media"},"sameAs":["http:\/\/www.protopopiatebn.ro"],"url":"https:\/\/www.protopopiatebn.ro\/index.php\/author\/protos\/"}]}},"_links":{"self":[{"href":"https:\/\/www.protopopiatebn.ro\/index.php\/wp-json\/wp\/v2\/posts\/762","targetHints":{"allow":["GET"]}}],"collection":[{"href":"https:\/\/www.protopopiatebn.ro\/index.php\/wp-json\/wp\/v2\/posts"}],"about":[{"href":"https:\/\/www.protopopiatebn.ro\/index.php\/wp-json\/wp\/v2\/types\/post"}],"author":[{"embeddable":true,"href":"https:\/\/www.protopopiatebn.ro\/index.php\/wp-json\/wp\/v2\/users\/3"}],"replies":[{"embeddable":true,"href":"https:\/\/www.protopopiatebn.ro\/index.php\/wp-json\/wp\/v2\/comments?post=762"}],"version-history":[{"count":8,"href":"https:\/\/www.protopopiatebn.ro\/index.php\/wp-json\/wp\/v2\/posts\/762\/revisions"}],"predecessor-version":[{"id":775,"href":"https:\/\/www.protopopiatebn.ro\/index.php\/wp-json\/wp\/v2\/posts\/762\/revisions\/775"}],"wp:attachment":[{"href":"https:\/\/www.protopopiatebn.ro\/index.php\/wp-json\/wp\/v2\/media?parent=762"}],"wp:term":[{"taxonomy":"category","embeddable":true,"href":"https:\/\/www.protopopiatebn.ro\/index.php\/wp-json\/wp\/v2\/categories?post=762"},{"taxonomy":"post_tag","embeddable":true,"href":"https:\/\/www.protopopiatebn.ro\/index.php\/wp-json\/wp\/v2\/tags?post=762"}],"curies":[{"name":"wp","href":"https:\/\/api.w.org\/{rel}","templated":true}]}}