{"id":742,"date":"2024-01-23T12:44:50","date_gmt":"2024-01-23T10:44:50","guid":{"rendered":"https:\/\/www.protopopiatebn.ro\/?p=742"},"modified":"2024-01-31T09:24:18","modified_gmt":"2024-01-31T07:24:18","slug":"octava-de-rugaciune-pentru-unitatea-crestinilor-la-bistrita-18-25-ianuarie-2024-2","status":"publish","type":"post","link":"https:\/\/www.protopopiatebn.ro\/index.php\/2024\/01\/23\/octava-de-rugaciune-pentru-unitatea-crestinilor-la-bistrita-18-25-ianuarie-2024-2\/","title":{"rendered":"OCTAVA DE RUG\u0102CIUNE PENTRU UNITATEA CRE\u0218TINILOR LA BISTRI\u021aA (18-25 IANUARIE 2024)"},"content":{"rendered":"<h3 style=\"text-align: center;\">OCTAVA DE RUG\u0102CIUNE PENTRU UNITATEA CRE\u0218TINILOR LA BISTRI\u021aA (18-25 IANUARIE 2024)<\/h3>\n<h3 style=\"text-align: right;\"><a href=\"https:\/\/photos.app.goo.gl\/zMRMzHQ4Xobn4qYX7\"><img loading=\"lazy\" decoding=\"async\" class=\"aligncenter wp-image-738\" src=\"https:\/\/www.protopopiatebn.ro\/wp-content\/uploads\/2024\/01\/IMG_1786-scaled.jpeg\" alt=\"\" width=\"887\" height=\"666\" srcset=\"https:\/\/www.protopopiatebn.ro\/wp-content\/uploads\/2024\/01\/IMG_1786-scaled.jpeg 2560w, https:\/\/www.protopopiatebn.ro\/wp-content\/uploads\/2024\/01\/IMG_1786-300x225.jpeg 300w, https:\/\/www.protopopiatebn.ro\/wp-content\/uploads\/2024\/01\/IMG_1786-1024x768.jpeg 1024w, https:\/\/www.protopopiatebn.ro\/wp-content\/uploads\/2024\/01\/IMG_1786-768x576.jpeg 768w, https:\/\/www.protopopiatebn.ro\/wp-content\/uploads\/2024\/01\/IMG_1786-1536x1152.jpeg 1536w, https:\/\/www.protopopiatebn.ro\/wp-content\/uploads\/2024\/01\/IMG_1786-2048x1536.jpeg 2048w\" sizes=\"auto, (max-width: 887px) 100vw, 887px\" \/>FOTO EVENIMENT<\/a><\/h3>\n<p>Anual, \u00een perioada 18-25 ianuarie, \u00eentreaga Biseric\u0103 Catolic\u0103, \u00een comuniune cu alte Biserici cre\u0219tine, celebreaz\u0103 \u201eOctava de Rug\u0103ciune pentru Unitatea Cre\u015ftinilor\u201d. \u00cen ora\u0219ul Bistri\u021ba, un centru multicultural \u0219i multiconfesional s-a format o tradi\u021bie de 15 ani prin care Bisericile istorice organizeaz\u0103 pe r\u00e2nd momente de rug\u0103ciune ecumenic\u0103, la care\u00a0\u00a0sunt prezen\u021bi protopopii, preo\u021bii, pastorii \u0219i credincio\u0219ii acestor Biserici.<\/p>\n<p>In dup\u0103-amiaza zilei de 22 ianuarie, gazda serii de rug\u0103ciune a fost biserica greco-catolic\u0103 ,,Buna-Vestire\u201d. Organizatorul acestui eveniment a fost protopopiatul greco-catolic de Bistri\u021ba. Au fost prezen\u021bi: pr. Alexandru Vidican, protopop ortodox de Bistri\u021ba, pr. P\u00e9ter G\u00e9r\u00e9d, protopop romano-catolic de Bistri\u021ba, pastorul Johann Dieter Kraus de la parohia evanghelic\u0103 de Bistri\u021ba, pastorul P\u00e9ter Andr\u00e1s de la parohia Reformat\u0103, pastor Zolt\u00e1n T\u00f3th de la biserica Evanghelic\u0103 Luteran\u0103, pr. Bogdan Oprea de la parohia ortodox\u0103 \u201dSf. Apostoli Petru, Pavel \u0219i Andrei\u201d. De asemenea,\u00a0\u00a0au fost prezen\u021bi preo\u021bii greco-catolici: pr. Ioan Fri\u0219an, paroh al Parohiei Buna-Vestire, pr. Narcis Pop, pr. Teodor Costin, pr. Ilie Arie\u0219an, profesor de religie, pr. Iosif Chiciudean, pr. Bodea Hora\u021biu, pr. C\u0103t\u0103lin Fontu \u0219i pr. Cosmin Moldovan. Au mai \u00a0participat Prefectul Jude\u021bului Bistri\u021ba-N\u0103s\u0103ud, Teofil Iulian Cioarb\u0103, subprefec\u021bii Ioan Z\u0103grean \u0219i Atilla Decsei, D-na Camelia Tab\u0103r\u0103, Vicepre\u0219edinte al Consiliului jude\u021bean, iar din partea Municipiului Bistri\u021ba, Dl. Primar Ioan Turc \u0219i alte oficialit\u0103\u021bi. Seara de rug\u0103ciune a \u00eenceput cu o procesiune a protopopilor, preo\u021bilor \u0219i pastorilor \u00een fa\u021ba bisericii, s-a trecut prin fa\u021ba statuii Fericitului Card. Iuliu Hossu \u0219i apoi s-a intrat \u00een biseric\u0103 pe acordurile Corului parohiei, \u201eSanctus Spiritus\u201d, dirijat de D-na prof. Florica Sfechi\u0219, care a completat muzical programul serii.<\/p>\n<p>Pr. protopop Cristian Goia a rostit un cuv\u00e2nt de salut, amintind despre <em>\u201esemnul iubirii de Dumnezeu \u0219i aproapele\u201d.<\/em> P\u0103rintele a vorbit pe baza \u201ePildei Samariteanului milostiv\u201d, cu referire la gestul samarineanului care\u00a0 a turnat undelemn \u0219i vin pe r\u0103nile celui c\u0103zut \u00eentre t\u00e2lhari. Acesta a explicat simbolistica untdelemnului \u0219i a vinului, elemente prezente \u00een pild\u0103. Cu untdelemn erau un\u0219i arhiereii, profe\u021bii \u0219i regii. Untdelemnul apare \u00een multe pasaje ale Vechiului Testament ca simbol al binecuv\u00e2nt\u0103rii lui Dumnezeu, al p\u0103cii, al t\u0103riei, al puterii \u0219i al biruin\u021bei. Vinul este \u0219i el un element natural cu rol bine definit \u00een cult, fiind folosit \u00een primul r\u00e2nd, al\u0103turi de p\u00e2ine, la Sf\u00e2nta Liturghie, la consacrare devine Sf\u00e2ntul S\u00e2nge al Domnului, cu care se \u00eemp\u0103rt\u0103\u0219esc membrii Bisericii. \u00cen Vechiul Testament, vinul era considerat aliment cu efect de vindecare \u0219i \u00eent\u0103rire pentru organismul omului, la fel ca untdelemnul. Lumea de azi este plin\u0103 de r\u0103ni suflete\u0219ti \u0219i are nevoie de vindecare. Omenirea c\u0103zut\u0103 \u00een p\u0103cat este simbolizat\u0103 prin acel om care este c\u0103zut \u00eentre t\u00e2lhari. Isus, samarineanul milostiv, vine s\u0103 vindece omul prin ungere cu untdelemn \u0219i vin.<\/p>\n<p>Dup\u0103 acest cuv\u00e2nt introductiv, preo\u021bii \u0219i pastorii au dat o binecuv\u00e2ntare de \u00eenceput. Au urmat rug\u0103ciuni pe care le-au rostit pe r\u00e2nd preo\u021bii \u0219i pastorii participan\u021bi, intercalate cu lecturi din Sfintele Evanghelii. \u00cen continuare, reprezentan\u021bii diferitelor culte \u0219i confesiuni au rostit c\u00e2te un cuv\u00e2nt de \u00eenv\u0103\u021b\u0103tur\u0103, \u00een 3 limbi: rom\u00e2n\u0103, maghiar\u0103 \u0219i german\u0103. Programul s-a \u00eencheiat cu ectenia de pace, dup\u0103 care, fiecare preot a binecuv\u00e2ntat credincio\u0219ii, aceea\u0219i binecuv\u00e2ntare a lui Dumnezeu a fost mijlocit\u0103 de slujitori ai P\u0103rintelui ceresc din Biserici \u0219i confesiuni diferite. La final a avut loc o agap\u0103 fratern\u0103 la care au participat invita\u021bii acestei seri de rug\u0103ciune interconfesional\u0103.<\/p>\n<p>Pe parcursul zilelor din cadrul octavei de rug\u0103ciune ecumenic\u0103, pr. Cristian Goia, protopop de Bistri\u021ba, Beclean si Rodna, a r\u0103spuns cu inima deschis\u0103 invita\u021biei reprezentan\u021bilor celorlalte confesiuni.<\/p>\n<p>Cea dint\u00e2i sear\u0103 ecumenic\u0103 (18 ianuarie) a fost organizat\u0103 de Biserica Evanghelic\u0103 C.A. P\u0103rintele protopop a fost prezent in mijlocul comunit\u0103\u021bii, rostind \u0219i un cuv\u00e2nt de \u00eenv\u0103\u021b\u0103tur\u0103.\u00a0Urm\u0103torul moment de \u00eent\u00e2lnire \u00eentre cre\u0219tini din diferite culte \u0219i confesiuni a fost vineri, 19 ianuarie, zi \u00een care celebrarea ecumenic\u0103 a avut loc \u00een biserica Reformat\u0103 din ora\u0219. P\u0103rintele protopop Cristian Goia a participat cu bucurie la aceast\u0103 sear\u0103 de rug\u0103ciune. \u0218irul \u00eent\u00e2lnirilor de rug\u0103ciune ecumenic\u0103 a continuat s\u00e2mb\u0103t\u0103, 20 ianuarie, \u00een organizarea Bisericii Romano-Catolice, din partea Protopopiatului de Bistri\u021ba fiind prezent pr. Ilie Arie\u0219an, profesor de religie la \u0219colile din Bistri\u021ba.\u00a0Duminic\u0103, 21 ianuarie, \u00een ziua \u00eenvierii Domnului, Biserica Ortodox\u0103 a invitat la comuniune fr\u0103\u021beasc\u0103 cultele \u00een Biserica parohial\u0103 ,,Coroana\u201d, cu hramul ,,Intr\u0103rii Maicii Domnului \u00een Biseric\u0103\u201d. P\u0103rintele protopop de Bistri\u021ba, Cristian Goia, a fost prezent \u0219i la aceast\u0103 sear\u0103 de rug\u0103ciune.<\/p>\n<p>\u0218irul \u00eent\u00e2lnirilor de rug\u0103ciune ecumenic\u0103 a continuat \u00een data de 23 ianuarie\u00a0\u00a0la biserica ortodox\u0103 ,,Sfin\u021bi apostoli Petru, Pavel si Andrei\u201d. \u00cen cadrul acestei \u00eent\u00e2lniri, Pr.\u00a0\u00a0protopop Cristian Goia a rostit un cuv\u00e2nt de \u00eenv\u0103\u021b\u0103tur\u0103. \u00cen 24 ianuarie, evenimentul a continuat la Biserica Evanghelic\u0103 Luteran\u0103 de limb\u0103 maghiar\u0103, unde a fost prezent din partea biserici greco-catolice Pr. Iosif Chiciudean, iar \u00een data de 25 ianuarie fiecare confesiune a \u021binut seara de rug\u0103ciune \u00een biserica proprie.<\/p>\n<p>Mul\u021bumim Domnului pentru darul unit\u0103\u021bii \u0219i pentru aceste seri de comuniune \u0219i rug\u0103ciune. \u201eUnitatea credin\u021bei \u0219i \u00eemp\u0103rt\u0103\u0219irea Sf\u00e2ntului Spirit cer\u00e2nd, pe noi \u00een\u0219ine, unul pe altul \u0219i toat\u0103 via\u021ba noastr\u0103 lui Hristos Dumnezeu s\u0103 o d\u0103m\u201d.<\/p>\n<p style=\"text-align: right;\">a consemnat diacon Darius Tegla\u0219<\/p>\n<p style=\"text-align: right;\">Biroul Media al Protopopiatului<\/p>\n<h3><a href=\"https:\/\/photos.app.goo.gl\/zMRMzHQ4Xobn4qYX7\"><strong>FOTO BISERICA GRECO-CATOLIC\u0102 \u201dBUNA-VESTIRE\u201d BISTRI\u021aA 22 IANUARIE 2024\u00a0<\/strong><\/a><\/h3>\n<h3><strong><a href=\"https:\/\/photos.app.goo.gl\/hmaiGFqjwMn12wvu5\">FOTO BISERICA EVANGHELIC\u0102 C.A. BISTRI\u021aA &#8211; 18 IANUARIE 2024<\/a><\/strong><\/h3>\n<h3><strong><a href=\"https:\/\/photos.app.goo.gl\/HuHvUCZL4AJL1Sfu9\">FOTO BISERICA REFORMAT\u0102 BISTRI\u021aA &#8211; 19 IANUARIE 2024<\/a><\/strong><\/h3>\n<h3><strong><a href=\"https:\/\/photos.app.goo.gl\/2uWb64ryvaU3Fz6s9\">FOTO BISERICA ROMANO-CATOLIC\u0102 \u201dSF. TREIME\u201d BISTRI\u021aA &#8211; 20 IANUARIE 2024<\/a><\/strong><\/h3>\n<h3><strong><a href=\"https:\/\/photos.app.goo.gl\/3jFRN6hunm4TNpZTA\">FOTO BISERICA ORTODOX\u0102 \u201dINTRAREA \u00ceN BISERIC\u0102 A MAICII DOMNULUI\u201d BISTRI\u021aA &#8211; 21 IANUARIE 2024<\/a><\/strong><\/h3>\n<h3><strong><a href=\"https:\/\/photos.app.goo.gl\/ynp8DAiUn9utp9Zx8\">FOTO BISERICA ORTODOX\u0102 \u201dSF. APOSTOLI PETRU, PAVEL \u0218I ANDREI\u201d BISTRI\u021aA &#8211; 23 IANUARIE 2024<\/a><\/strong><\/h3>\n<h2 style=\"text-align: center;\">VIDEO<\/h2>\n<p><iframe loading=\"lazy\" title=\"YouTube video player\" src=\"https:\/\/www.youtube.com\/embed\/hGdXesvw4ns?si=lgJg1OPpfbf8lIoZ\" width=\"560\" height=\"315\" frameborder=\"0\" allowfullscreen=\"allowfullscreen\" data-mce-fragment=\"1\"><\/iframe><\/p>\n<h3>A DOUA SEAR\u0102 ECUMENIC\u0102 DE RUG\u0102CIUNE &#8211; BISERICA REFORMAT\u0102 BISTRI\u021aA &#8211; 19 IANUARIE 2024<\/h3>\n<p><iframe loading=\"lazy\" title=\"YouTube video player\" src=\"https:\/\/www.youtube.com\/embed\/ttVgHhMtL0U?si=8Hy5bSVkQDDj_t4O\" width=\"560\" height=\"315\" frameborder=\"0\" allowfullscreen=\"allowfullscreen\" data-mce-fragment=\"1\"><\/iframe><\/p>\n<h3>A PATRA SEAR\u0102 ECUMENIC\u0102 DE RUG\u0102CIUNE &#8211; BISERICA ORTODOX\u0102 \u201dINTRAREA \u00ceN BISERIC\u0102 A MAICII DOMNULUI\u201d BISTRI\u021aA &#8211; 21 IANUARIE 2024<\/h3>\n<p><iframe loading=\"lazy\" title=\"YouTube video player\" src=\"https:\/\/www.youtube.com\/embed\/oe9zE340AnM?si=3oL_Oz0DS9Th_LaI\" width=\"560\" height=\"315\" frameborder=\"0\" allowfullscreen=\"allowfullscreen\" data-mce-fragment=\"1\"><\/iframe><\/p>\n<h3>A CINCEA SEAR\u0102 ECUMENIC\u0102 DE RUG\u0102CIUNE &#8211; BISERICA GRECO-CATOLIC\u0102 \u201dBUNA-VESTIRE\u201d BISTRI\u021aA &#8211; 22 IANUARIE 2024<\/h3>\n<p><iframe loading=\"lazy\" title=\"YouTube video player\" src=\"https:\/\/www.youtube.com\/embed\/21X29kgNmA0?si=bafll7T57QxF0-Le\" width=\"560\" height=\"315\" frameborder=\"0\" allowfullscreen=\"allowfullscreen\" data-mce-fragment=\"1\"><\/iframe><\/p>\n<h3><strong>A \u0218ASEA SEAR\u0102 ECUMENIC\u0102 DE RUG\u0102CIUNE \u00ceN BISERICA ORTODOX\u0102 \u201dSF. APOSTOLI PETRU, PAVEL \u0218I ANDREI\u201d BISTRI\u021aA , 23 IANUARIE 2024, ORA 17.00<\/strong><\/h3>\n<p><iframe loading=\"lazy\" title=\"YouTube video player\" src=\"https:\/\/www.youtube.com\/embed\/uEVUOeU-NEc?si=PGbwnQ-y3Co6kixb&amp;start=220\" width=\"560\" height=\"315\" frameborder=\"0\" allowfullscreen=\"allowfullscreen\"><\/iframe><\/p>\n<p>&nbsp;<\/p>\n","protected":false},"excerpt":{"rendered":"<p>OCTAVA DE RUG\u0102CIUNE PENTRU UNITATEA CRE\u0218TINILOR LA BISTRI\u021aA (18-25 IANUARIE 2024) FOTO EVENIMENT Anual, \u00een perioada 18-25 ianuarie, \u00eentreaga Biseric\u0103 Catolic\u0103, \u00een comuniune cu alte Biserici cre\u0219tine, celebreaz\u0103 \u201eOctava de Rug\u0103ciune pentru Unitatea Cre\u015ftinilor\u201d. \u00cen ora\u0219ul Bistri\u021ba, un centru multicultural \u0219i multiconfesional s-a format o tradi\u021bie de 15 ani prin care Bisericile istorice organizeaz\u0103 pe &#8230; <span class=\"more\"><a class=\"more-link\" href=\"https:\/\/www.protopopiatebn.ro\/index.php\/2024\/01\/23\/octava-de-rugaciune-pentru-unitatea-crestinilor-la-bistrita-18-25-ianuarie-2024-2\/\">[Read more&#8230;]<\/a><\/span><\/p>\n","protected":false},"author":3,"featured_media":0,"comment_status":"open","ping_status":"open","sticky":false,"template":"","format":"standard","meta":{"footnotes":""},"categories":[1],"tags":[],"class_list":{"0":"entry","1":"post","2":"publish","3":"author-protos","4":"post-742","6":"format-standard","7":"category-uncategorized"},"yoast_head":"<!-- This site is optimized with the Yoast SEO plugin v27.5 - https:\/\/yoast.com\/product\/yoast-seo-wordpress\/ -->\n<title>OCTAVA DE RUG\u0102CIUNE PENTRU UNITATEA CRE\u0218TINILOR LA BISTRI\u021aA (18-25 IANUARIE 2024) - PROTOPOPIATELE GRECO-CATOLICE BECLEAN, BISTRI\u021aA \u0218I RODNA<\/title>\n<meta name=\"robots\" content=\"index, follow, max-snippet:-1, max-image-preview:large, max-video-preview:-1\" \/>\n<link rel=\"canonical\" href=\"https:\/\/www.protopopiatebn.ro\/index.php\/2024\/01\/23\/octava-de-rugaciune-pentru-unitatea-crestinilor-la-bistrita-18-25-ianuarie-2024-2\/\" \/>\n<meta property=\"og:locale\" content=\"ro_RO\" \/>\n<meta property=\"og:type\" content=\"article\" \/>\n<meta property=\"og:title\" content=\"OCTAVA DE RUG\u0102CIUNE PENTRU UNITATEA CRE\u0218TINILOR LA BISTRI\u021aA (18-25 IANUARIE 2024) - PROTOPOPIATELE GRECO-CATOLICE BECLEAN, BISTRI\u021aA \u0218I RODNA\" \/>\n<meta property=\"og:description\" content=\"OCTAVA DE RUG\u0102CIUNE PENTRU UNITATEA CRE\u0218TINILOR LA BISTRI\u021aA (18-25 IANUARIE 2024) FOTO EVENIMENT Anual, \u00een perioada 18-25 ianuarie, \u00eentreaga Biseric\u0103 Catolic\u0103, \u00een comuniune cu alte Biserici cre\u0219tine, celebreaz\u0103 \u201eOctava de Rug\u0103ciune pentru Unitatea Cre\u015ftinilor\u201d. \u00cen ora\u0219ul Bistri\u021ba, un centru multicultural \u0219i multiconfesional s-a format o tradi\u021bie de 15 ani prin care Bisericile istorice organizeaz\u0103 pe ... [Read more...]\" \/>\n<meta property=\"og:url\" content=\"https:\/\/www.protopopiatebn.ro\/index.php\/2024\/01\/23\/octava-de-rugaciune-pentru-unitatea-crestinilor-la-bistrita-18-25-ianuarie-2024-2\/\" \/>\n<meta property=\"og:site_name\" content=\"PROTOPOPIATELE GRECO-CATOLICE BECLEAN, BISTRI\u021aA \u0218I RODNA\" \/>\n<meta property=\"article:published_time\" content=\"2024-01-23T10:44:50+00:00\" \/>\n<meta property=\"article:modified_time\" content=\"2024-01-31T07:24:18+00:00\" \/>\n<meta property=\"og:image\" content=\"https:\/\/www.protopopiatebn.ro\/wp-content\/uploads\/2024\/01\/IMG_1786-scaled.jpeg\" \/>\n<meta name=\"author\" content=\"media\" \/>\n<meta name=\"twitter:card\" content=\"summary_large_image\" \/>\n<meta name=\"twitter:label1\" content=\"Scris de\" \/>\n\t<meta name=\"twitter:data1\" content=\"media\" \/>\n\t<meta name=\"twitter:label2\" content=\"Timp estimat pentru citire\" \/>\n\t<meta name=\"twitter:data2\" content=\"6 minute\" \/>\n<script type=\"application\/ld+json\" class=\"yoast-schema-graph\">{\"@context\":\"https:\\\/\\\/schema.org\",\"@graph\":[{\"@type\":\"Article\",\"@id\":\"https:\\\/\\\/www.protopopiatebn.ro\\\/index.php\\\/2024\\\/01\\\/23\\\/octava-de-rugaciune-pentru-unitatea-crestinilor-la-bistrita-18-25-ianuarie-2024-2\\\/#article\",\"isPartOf\":{\"@id\":\"https:\\\/\\\/www.protopopiatebn.ro\\\/index.php\\\/2024\\\/01\\\/23\\\/octava-de-rugaciune-pentru-unitatea-crestinilor-la-bistrita-18-25-ianuarie-2024-2\\\/\"},\"author\":{\"name\":\"media\",\"@id\":\"https:\\\/\\\/www.protopopiatebn.ro\\\/#\\\/schema\\\/person\\\/197df79e4c7a10df5e789cc6657cf4b6\"},\"headline\":\"OCTAVA DE RUG\u0102CIUNE PENTRU UNITATEA CRE\u0218TINILOR LA BISTRI\u021aA (18-25 IANUARIE 2024)\",\"datePublished\":\"2024-01-23T10:44:50+00:00\",\"dateModified\":\"2024-01-31T07:24:18+00:00\",\"mainEntityOfPage\":{\"@id\":\"https:\\\/\\\/www.protopopiatebn.ro\\\/index.php\\\/2024\\\/01\\\/23\\\/octava-de-rugaciune-pentru-unitatea-crestinilor-la-bistrita-18-25-ianuarie-2024-2\\\/\"},\"wordCount\":1119,\"commentCount\":0,\"image\":{\"@id\":\"https:\\\/\\\/www.protopopiatebn.ro\\\/index.php\\\/2024\\\/01\\\/23\\\/octava-de-rugaciune-pentru-unitatea-crestinilor-la-bistrita-18-25-ianuarie-2024-2\\\/#primaryimage\"},\"thumbnailUrl\":\"https:\\\/\\\/www.protopopiatebn.ro\\\/wp-content\\\/uploads\\\/2024\\\/01\\\/IMG_1786-scaled.jpeg\",\"articleSection\":[\"Uncategorized\"],\"inLanguage\":\"ro-RO\",\"potentialAction\":[{\"@type\":\"CommentAction\",\"name\":\"Comment\",\"target\":[\"https:\\\/\\\/www.protopopiatebn.ro\\\/index.php\\\/2024\\\/01\\\/23\\\/octava-de-rugaciune-pentru-unitatea-crestinilor-la-bistrita-18-25-ianuarie-2024-2\\\/#respond\"]}]},{\"@type\":\"WebPage\",\"@id\":\"https:\\\/\\\/www.protopopiatebn.ro\\\/index.php\\\/2024\\\/01\\\/23\\\/octava-de-rugaciune-pentru-unitatea-crestinilor-la-bistrita-18-25-ianuarie-2024-2\\\/\",\"url\":\"https:\\\/\\\/www.protopopiatebn.ro\\\/index.php\\\/2024\\\/01\\\/23\\\/octava-de-rugaciune-pentru-unitatea-crestinilor-la-bistrita-18-25-ianuarie-2024-2\\\/\",\"name\":\"OCTAVA DE RUG\u0102CIUNE PENTRU UNITATEA CRE\u0218TINILOR LA BISTRI\u021aA (18-25 IANUARIE 2024) - PROTOPOPIATELE GRECO-CATOLICE BECLEAN, BISTRI\u021aA \u0218I RODNA\",\"isPartOf\":{\"@id\":\"https:\\\/\\\/www.protopopiatebn.ro\\\/#website\"},\"primaryImageOfPage\":{\"@id\":\"https:\\\/\\\/www.protopopiatebn.ro\\\/index.php\\\/2024\\\/01\\\/23\\\/octava-de-rugaciune-pentru-unitatea-crestinilor-la-bistrita-18-25-ianuarie-2024-2\\\/#primaryimage\"},\"image\":{\"@id\":\"https:\\\/\\\/www.protopopiatebn.ro\\\/index.php\\\/2024\\\/01\\\/23\\\/octava-de-rugaciune-pentru-unitatea-crestinilor-la-bistrita-18-25-ianuarie-2024-2\\\/#primaryimage\"},\"thumbnailUrl\":\"https:\\\/\\\/www.protopopiatebn.ro\\\/wp-content\\\/uploads\\\/2024\\\/01\\\/IMG_1786-scaled.jpeg\",\"datePublished\":\"2024-01-23T10:44:50+00:00\",\"dateModified\":\"2024-01-31T07:24:18+00:00\",\"author\":{\"@id\":\"https:\\\/\\\/www.protopopiatebn.ro\\\/#\\\/schema\\\/person\\\/197df79e4c7a10df5e789cc6657cf4b6\"},\"breadcrumb\":{\"@id\":\"https:\\\/\\\/www.protopopiatebn.ro\\\/index.php\\\/2024\\\/01\\\/23\\\/octava-de-rugaciune-pentru-unitatea-crestinilor-la-bistrita-18-25-ianuarie-2024-2\\\/#breadcrumb\"},\"inLanguage\":\"ro-RO\",\"potentialAction\":[{\"@type\":\"ReadAction\",\"target\":[\"https:\\\/\\\/www.protopopiatebn.ro\\\/index.php\\\/2024\\\/01\\\/23\\\/octava-de-rugaciune-pentru-unitatea-crestinilor-la-bistrita-18-25-ianuarie-2024-2\\\/\"]}]},{\"@type\":\"ImageObject\",\"inLanguage\":\"ro-RO\",\"@id\":\"https:\\\/\\\/www.protopopiatebn.ro\\\/index.php\\\/2024\\\/01\\\/23\\\/octava-de-rugaciune-pentru-unitatea-crestinilor-la-bistrita-18-25-ianuarie-2024-2\\\/#primaryimage\",\"url\":\"https:\\\/\\\/www.protopopiatebn.ro\\\/wp-content\\\/uploads\\\/2024\\\/01\\\/IMG_1786-scaled.jpeg\",\"contentUrl\":\"https:\\\/\\\/www.protopopiatebn.ro\\\/wp-content\\\/uploads\\\/2024\\\/01\\\/IMG_1786-scaled.jpeg\",\"width\":2560,\"height\":1920},{\"@type\":\"BreadcrumbList\",\"@id\":\"https:\\\/\\\/www.protopopiatebn.ro\\\/index.php\\\/2024\\\/01\\\/23\\\/octava-de-rugaciune-pentru-unitatea-crestinilor-la-bistrita-18-25-ianuarie-2024-2\\\/#breadcrumb\",\"itemListElement\":[{\"@type\":\"ListItem\",\"position\":1,\"name\":\"Home\",\"item\":\"https:\\\/\\\/www.protopopiatebn.ro\\\/\"},{\"@type\":\"ListItem\",\"position\":2,\"name\":\"OCTAVA DE RUG\u0102CIUNE PENTRU UNITATEA CRE\u0218TINILOR LA BISTRI\u021aA (18-25 IANUARIE 2024)\"}]},{\"@type\":\"WebSite\",\"@id\":\"https:\\\/\\\/www.protopopiatebn.ro\\\/#website\",\"url\":\"https:\\\/\\\/www.protopopiatebn.ro\\\/\",\"name\":\"PROTOPOPIATELE GRECO-CATOLICE BECLEAN, BISTRI\u021aA \u0218I RODNA\",\"description\":\"\",\"potentialAction\":[{\"@type\":\"SearchAction\",\"target\":{\"@type\":\"EntryPoint\",\"urlTemplate\":\"https:\\\/\\\/www.protopopiatebn.ro\\\/?s={search_term_string}\"},\"query-input\":{\"@type\":\"PropertyValueSpecification\",\"valueRequired\":true,\"valueName\":\"search_term_string\"}}],\"inLanguage\":\"ro-RO\"},{\"@type\":\"Person\",\"@id\":\"https:\\\/\\\/www.protopopiatebn.ro\\\/#\\\/schema\\\/person\\\/197df79e4c7a10df5e789cc6657cf4b6\",\"name\":\"media\",\"image\":{\"@type\":\"ImageObject\",\"inLanguage\":\"ro-RO\",\"@id\":\"https:\\\/\\\/secure.gravatar.com\\\/avatar\\\/04cd0dc906eda4d18642465bdfac0c5e44dc1c0aee2c6e9ddadbbd2294e96fe6?s=96&d=mm&r=g\",\"url\":\"https:\\\/\\\/secure.gravatar.com\\\/avatar\\\/04cd0dc906eda4d18642465bdfac0c5e44dc1c0aee2c6e9ddadbbd2294e96fe6?s=96&d=mm&r=g\",\"contentUrl\":\"https:\\\/\\\/secure.gravatar.com\\\/avatar\\\/04cd0dc906eda4d18642465bdfac0c5e44dc1c0aee2c6e9ddadbbd2294e96fe6?s=96&d=mm&r=g\",\"caption\":\"media\"},\"sameAs\":[\"http:\\\/\\\/www.protopopiatebn.ro\"],\"url\":\"https:\\\/\\\/www.protopopiatebn.ro\\\/index.php\\\/author\\\/protos\\\/\"}]}<\/script>\n<!-- \/ Yoast SEO plugin. -->","yoast_head_json":{"title":"OCTAVA DE RUG\u0102CIUNE PENTRU UNITATEA CRE\u0218TINILOR LA BISTRI\u021aA (18-25 IANUARIE 2024) - PROTOPOPIATELE GRECO-CATOLICE BECLEAN, BISTRI\u021aA \u0218I RODNA","robots":{"index":"index","follow":"follow","max-snippet":"max-snippet:-1","max-image-preview":"max-image-preview:large","max-video-preview":"max-video-preview:-1"},"canonical":"https:\/\/www.protopopiatebn.ro\/index.php\/2024\/01\/23\/octava-de-rugaciune-pentru-unitatea-crestinilor-la-bistrita-18-25-ianuarie-2024-2\/","og_locale":"ro_RO","og_type":"article","og_title":"OCTAVA DE RUG\u0102CIUNE PENTRU UNITATEA CRE\u0218TINILOR LA BISTRI\u021aA (18-25 IANUARIE 2024) - PROTOPOPIATELE GRECO-CATOLICE BECLEAN, BISTRI\u021aA \u0218I RODNA","og_description":"OCTAVA DE RUG\u0102CIUNE PENTRU UNITATEA CRE\u0218TINILOR LA BISTRI\u021aA (18-25 IANUARIE 2024) FOTO EVENIMENT Anual, \u00een perioada 18-25 ianuarie, \u00eentreaga Biseric\u0103 Catolic\u0103, \u00een comuniune cu alte Biserici cre\u0219tine, celebreaz\u0103 \u201eOctava de Rug\u0103ciune pentru Unitatea Cre\u015ftinilor\u201d. \u00cen ora\u0219ul Bistri\u021ba, un centru multicultural \u0219i multiconfesional s-a format o tradi\u021bie de 15 ani prin care Bisericile istorice organizeaz\u0103 pe ... [Read more...]","og_url":"https:\/\/www.protopopiatebn.ro\/index.php\/2024\/01\/23\/octava-de-rugaciune-pentru-unitatea-crestinilor-la-bistrita-18-25-ianuarie-2024-2\/","og_site_name":"PROTOPOPIATELE GRECO-CATOLICE BECLEAN, BISTRI\u021aA \u0218I RODNA","article_published_time":"2024-01-23T10:44:50+00:00","article_modified_time":"2024-01-31T07:24:18+00:00","og_image":[{"url":"https:\/\/www.protopopiatebn.ro\/wp-content\/uploads\/2024\/01\/IMG_1786-scaled.jpeg","type":"","width":"","height":""}],"author":"media","twitter_card":"summary_large_image","twitter_misc":{"Scris de":"media","Timp estimat pentru citire":"6 minute"},"schema":{"@context":"https:\/\/schema.org","@graph":[{"@type":"Article","@id":"https:\/\/www.protopopiatebn.ro\/index.php\/2024\/01\/23\/octava-de-rugaciune-pentru-unitatea-crestinilor-la-bistrita-18-25-ianuarie-2024-2\/#article","isPartOf":{"@id":"https:\/\/www.protopopiatebn.ro\/index.php\/2024\/01\/23\/octava-de-rugaciune-pentru-unitatea-crestinilor-la-bistrita-18-25-ianuarie-2024-2\/"},"author":{"name":"media","@id":"https:\/\/www.protopopiatebn.ro\/#\/schema\/person\/197df79e4c7a10df5e789cc6657cf4b6"},"headline":"OCTAVA DE RUG\u0102CIUNE PENTRU UNITATEA CRE\u0218TINILOR LA BISTRI\u021aA (18-25 IANUARIE 2024)","datePublished":"2024-01-23T10:44:50+00:00","dateModified":"2024-01-31T07:24:18+00:00","mainEntityOfPage":{"@id":"https:\/\/www.protopopiatebn.ro\/index.php\/2024\/01\/23\/octava-de-rugaciune-pentru-unitatea-crestinilor-la-bistrita-18-25-ianuarie-2024-2\/"},"wordCount":1119,"commentCount":0,"image":{"@id":"https:\/\/www.protopopiatebn.ro\/index.php\/2024\/01\/23\/octava-de-rugaciune-pentru-unitatea-crestinilor-la-bistrita-18-25-ianuarie-2024-2\/#primaryimage"},"thumbnailUrl":"https:\/\/www.protopopiatebn.ro\/wp-content\/uploads\/2024\/01\/IMG_1786-scaled.jpeg","articleSection":["Uncategorized"],"inLanguage":"ro-RO","potentialAction":[{"@type":"CommentAction","name":"Comment","target":["https:\/\/www.protopopiatebn.ro\/index.php\/2024\/01\/23\/octava-de-rugaciune-pentru-unitatea-crestinilor-la-bistrita-18-25-ianuarie-2024-2\/#respond"]}]},{"@type":"WebPage","@id":"https:\/\/www.protopopiatebn.ro\/index.php\/2024\/01\/23\/octava-de-rugaciune-pentru-unitatea-crestinilor-la-bistrita-18-25-ianuarie-2024-2\/","url":"https:\/\/www.protopopiatebn.ro\/index.php\/2024\/01\/23\/octava-de-rugaciune-pentru-unitatea-crestinilor-la-bistrita-18-25-ianuarie-2024-2\/","name":"OCTAVA DE RUG\u0102CIUNE PENTRU UNITATEA CRE\u0218TINILOR LA BISTRI\u021aA (18-25 IANUARIE 2024) - PROTOPOPIATELE GRECO-CATOLICE BECLEAN, BISTRI\u021aA \u0218I RODNA","isPartOf":{"@id":"https:\/\/www.protopopiatebn.ro\/#website"},"primaryImageOfPage":{"@id":"https:\/\/www.protopopiatebn.ro\/index.php\/2024\/01\/23\/octava-de-rugaciune-pentru-unitatea-crestinilor-la-bistrita-18-25-ianuarie-2024-2\/#primaryimage"},"image":{"@id":"https:\/\/www.protopopiatebn.ro\/index.php\/2024\/01\/23\/octava-de-rugaciune-pentru-unitatea-crestinilor-la-bistrita-18-25-ianuarie-2024-2\/#primaryimage"},"thumbnailUrl":"https:\/\/www.protopopiatebn.ro\/wp-content\/uploads\/2024\/01\/IMG_1786-scaled.jpeg","datePublished":"2024-01-23T10:44:50+00:00","dateModified":"2024-01-31T07:24:18+00:00","author":{"@id":"https:\/\/www.protopopiatebn.ro\/#\/schema\/person\/197df79e4c7a10df5e789cc6657cf4b6"},"breadcrumb":{"@id":"https:\/\/www.protopopiatebn.ro\/index.php\/2024\/01\/23\/octava-de-rugaciune-pentru-unitatea-crestinilor-la-bistrita-18-25-ianuarie-2024-2\/#breadcrumb"},"inLanguage":"ro-RO","potentialAction":[{"@type":"ReadAction","target":["https:\/\/www.protopopiatebn.ro\/index.php\/2024\/01\/23\/octava-de-rugaciune-pentru-unitatea-crestinilor-la-bistrita-18-25-ianuarie-2024-2\/"]}]},{"@type":"ImageObject","inLanguage":"ro-RO","@id":"https:\/\/www.protopopiatebn.ro\/index.php\/2024\/01\/23\/octava-de-rugaciune-pentru-unitatea-crestinilor-la-bistrita-18-25-ianuarie-2024-2\/#primaryimage","url":"https:\/\/www.protopopiatebn.ro\/wp-content\/uploads\/2024\/01\/IMG_1786-scaled.jpeg","contentUrl":"https:\/\/www.protopopiatebn.ro\/wp-content\/uploads\/2024\/01\/IMG_1786-scaled.jpeg","width":2560,"height":1920},{"@type":"BreadcrumbList","@id":"https:\/\/www.protopopiatebn.ro\/index.php\/2024\/01\/23\/octava-de-rugaciune-pentru-unitatea-crestinilor-la-bistrita-18-25-ianuarie-2024-2\/#breadcrumb","itemListElement":[{"@type":"ListItem","position":1,"name":"Home","item":"https:\/\/www.protopopiatebn.ro\/"},{"@type":"ListItem","position":2,"name":"OCTAVA DE RUG\u0102CIUNE PENTRU UNITATEA CRE\u0218TINILOR LA BISTRI\u021aA (18-25 IANUARIE 2024)"}]},{"@type":"WebSite","@id":"https:\/\/www.protopopiatebn.ro\/#website","url":"https:\/\/www.protopopiatebn.ro\/","name":"PROTOPOPIATELE GRECO-CATOLICE BECLEAN, BISTRI\u021aA \u0218I RODNA","description":"","potentialAction":[{"@type":"SearchAction","target":{"@type":"EntryPoint","urlTemplate":"https:\/\/www.protopopiatebn.ro\/?s={search_term_string}"},"query-input":{"@type":"PropertyValueSpecification","valueRequired":true,"valueName":"search_term_string"}}],"inLanguage":"ro-RO"},{"@type":"Person","@id":"https:\/\/www.protopopiatebn.ro\/#\/schema\/person\/197df79e4c7a10df5e789cc6657cf4b6","name":"media","image":{"@type":"ImageObject","inLanguage":"ro-RO","@id":"https:\/\/secure.gravatar.com\/avatar\/04cd0dc906eda4d18642465bdfac0c5e44dc1c0aee2c6e9ddadbbd2294e96fe6?s=96&d=mm&r=g","url":"https:\/\/secure.gravatar.com\/avatar\/04cd0dc906eda4d18642465bdfac0c5e44dc1c0aee2c6e9ddadbbd2294e96fe6?s=96&d=mm&r=g","contentUrl":"https:\/\/secure.gravatar.com\/avatar\/04cd0dc906eda4d18642465bdfac0c5e44dc1c0aee2c6e9ddadbbd2294e96fe6?s=96&d=mm&r=g","caption":"media"},"sameAs":["http:\/\/www.protopopiatebn.ro"],"url":"https:\/\/www.protopopiatebn.ro\/index.php\/author\/protos\/"}]}},"_links":{"self":[{"href":"https:\/\/www.protopopiatebn.ro\/index.php\/wp-json\/wp\/v2\/posts\/742","targetHints":{"allow":["GET"]}}],"collection":[{"href":"https:\/\/www.protopopiatebn.ro\/index.php\/wp-json\/wp\/v2\/posts"}],"about":[{"href":"https:\/\/www.protopopiatebn.ro\/index.php\/wp-json\/wp\/v2\/types\/post"}],"author":[{"embeddable":true,"href":"https:\/\/www.protopopiatebn.ro\/index.php\/wp-json\/wp\/v2\/users\/3"}],"replies":[{"embeddable":true,"href":"https:\/\/www.protopopiatebn.ro\/index.php\/wp-json\/wp\/v2\/comments?post=742"}],"version-history":[{"count":14,"href":"https:\/\/www.protopopiatebn.ro\/index.php\/wp-json\/wp\/v2\/posts\/742\/revisions"}],"predecessor-version":[{"id":777,"href":"https:\/\/www.protopopiatebn.ro\/index.php\/wp-json\/wp\/v2\/posts\/742\/revisions\/777"}],"wp:attachment":[{"href":"https:\/\/www.protopopiatebn.ro\/index.php\/wp-json\/wp\/v2\/media?parent=742"}],"wp:term":[{"taxonomy":"category","embeddable":true,"href":"https:\/\/www.protopopiatebn.ro\/index.php\/wp-json\/wp\/v2\/categories?post=742"},{"taxonomy":"post_tag","embeddable":true,"href":"https:\/\/www.protopopiatebn.ro\/index.php\/wp-json\/wp\/v2\/tags?post=742"}],"curies":[{"name":"wp","href":"https:\/\/api.w.org\/{rel}","templated":true}]}}