{"id":689,"date":"2024-01-14T22:23:11","date_gmt":"2024-01-14T20:23:11","guid":{"rendered":"https:\/\/www.protopopiatebn.ro\/?p=689"},"modified":"2024-01-24T16:17:44","modified_gmt":"2024-01-24T14:17:44","slug":"octava-de-rugaciune-pentru-unitatea-crestinilor-la-bistrita-18-25-ianuarie-2024","status":"publish","type":"post","link":"https:\/\/www.protopopiatebn.ro\/index.php\/2024\/01\/14\/octava-de-rugaciune-pentru-unitatea-crestinilor-la-bistrita-18-25-ianuarie-2024\/","title":{"rendered":"OCTAVA DE RUG\u0102CIUNE PENTRU UNITATEA CRE\u0218TINILOR LA BISTRI\u021aA (18-25 IANUARIE 2024)"},"content":{"rendered":"<p>\u00cen cadrul celebr\u0103rilor dedicate Octavei Mondiale de Rug\u0103ciune pentru Unitatea Cre\u0219tinilor (din perioada 18-25 ianuarie 2024) de pe teritoriul Eparhiei de Cluj-Gherla, vor fi cuprinse \u0219i ac\u021biunile care au loc \u00een ora\u0219ul Bistri\u021ba \u2013 centru multicultural \u0219i multiconfesional, unde s-a format o tradi\u021bie de 15 ani prin care Bisericile istorice organizeaz\u0103 pe r\u00e2nd momente de rug\u0103ciune ecumenic\u0103, la care se sunt prezen\u021bi protopopii, preo\u021bii, pastorii \u0219i credincio\u0219ii acestor Biserici. Timp de \u0219apte zile, \u0219ase Biserici istorice din Bistri\u021ba organizeaz\u0103 cele \u0219apte seri de rug\u0103ciune ecumenic\u0103: Biserica Evanghelic\u0103 C.A., Biserica Reformat\u0103, Romano-Catolic\u0103, Biserica Ortodox\u0103 (\u00een bisericile \u201dIntrarea \u00een Biseric\u0103 a Maicii Domnului\u201d \u0219i \u201dSf. Apostol Petru, Pavel \u0219i Andrei\u201d), Biserica Greco-Catolic\u0103 (\u00een biserica \u201dBuna-Vestire\u201d) \u0219i Biserica Luteran\u0103 Maghiar\u0103.<br \/>\n<a href=\"https:\/\/www.protopopiatebn.ro\/wp-content\/uploads\/2024\/01\/Octava-de-rugaciune-ecumenica-2024-Program-A3_page-0001-2.jpg\"><img loading=\"lazy\" decoding=\"async\" class=\"aligncenter size-full wp-image-695\" src=\"https:\/\/www.protopopiatebn.ro\/wp-content\/uploads\/2024\/01\/Octava-de-rugaciune-ecumenica-2024-Program-A3_page-0001-2-scaled.jpg\" alt=\"\" width=\"2121\" height=\"2560\" srcset=\"https:\/\/www.protopopiatebn.ro\/wp-content\/uploads\/2024\/01\/Octava-de-rugaciune-ecumenica-2024-Program-A3_page-0001-2-scaled.jpg 2121w, https:\/\/www.protopopiatebn.ro\/wp-content\/uploads\/2024\/01\/Octava-de-rugaciune-ecumenica-2024-Program-A3_page-0001-2-249x300.jpg 249w, https:\/\/www.protopopiatebn.ro\/wp-content\/uploads\/2024\/01\/Octava-de-rugaciune-ecumenica-2024-Program-A3_page-0001-2-849x1024.jpg 849w, https:\/\/www.protopopiatebn.ro\/wp-content\/uploads\/2024\/01\/Octava-de-rugaciune-ecumenica-2024-Program-A3_page-0001-2-768x927.jpg 768w, https:\/\/www.protopopiatebn.ro\/wp-content\/uploads\/2024\/01\/Octava-de-rugaciune-ecumenica-2024-Program-A3_page-0001-2-1273x1536.jpg 1273w, https:\/\/www.protopopiatebn.ro\/wp-content\/uploads\/2024\/01\/Octava-de-rugaciune-ecumenica-2024-Program-A3_page-0001-2-1697x2048.jpg 1697w\" sizes=\"auto, (max-width: 2121px) 100vw, 2121px\" \/><\/a><\/p>\n<p>&nbsp;<\/p>\n<p>&nbsp;<\/p>\n<p>&nbsp;<\/p>\n","protected":false},"excerpt":{"rendered":"<p>\u00cen cadrul celebr\u0103rilor dedicate Octavei Mondiale de Rug\u0103ciune pentru Unitatea Cre\u0219tinilor (din perioada 18-25 ianuarie 2024) de pe teritoriul Eparhiei de Cluj-Gherla, vor fi cuprinse \u0219i ac\u021biunile care au loc \u00een ora\u0219ul Bistri\u021ba \u2013 centru multicultural \u0219i multiconfesional, unde s-a format o tradi\u021bie de 15 ani prin care Bisericile istorice organizeaz\u0103 pe r\u00e2nd momente de &#8230; <span class=\"more\"><a class=\"more-link\" href=\"https:\/\/www.protopopiatebn.ro\/index.php\/2024\/01\/14\/octava-de-rugaciune-pentru-unitatea-crestinilor-la-bistrita-18-25-ianuarie-2024\/\">[Read more&#8230;]<\/a><\/span><\/p>\n","protected":false},"author":3,"featured_media":0,"comment_status":"open","ping_status":"open","sticky":false,"template":"","format":"standard","meta":{"footnotes":""},"categories":[1],"tags":[],"class_list":{"0":"entry","1":"post","2":"publish","3":"author-protos","4":"post-689","6":"format-standard","7":"category-uncategorized"},"yoast_head":"<!-- This site is optimized with the Yoast SEO plugin v27.5 - https:\/\/yoast.com\/product\/yoast-seo-wordpress\/ -->\n<title>OCTAVA DE RUG\u0102CIUNE PENTRU UNITATEA CRE\u0218TINILOR LA BISTRI\u021aA (18-25 IANUARIE 2024) - PROTOPOPIATELE GRECO-CATOLICE BECLEAN, BISTRI\u021aA \u0218I RODNA<\/title>\n<meta name=\"robots\" content=\"index, follow, max-snippet:-1, max-image-preview:large, max-video-preview:-1\" \/>\n<link rel=\"canonical\" href=\"https:\/\/www.protopopiatebn.ro\/index.php\/2024\/01\/14\/octava-de-rugaciune-pentru-unitatea-crestinilor-la-bistrita-18-25-ianuarie-2024\/\" \/>\n<meta property=\"og:locale\" content=\"ro_RO\" \/>\n<meta property=\"og:type\" content=\"article\" \/>\n<meta property=\"og:title\" content=\"OCTAVA DE RUG\u0102CIUNE PENTRU UNITATEA CRE\u0218TINILOR LA BISTRI\u021aA (18-25 IANUARIE 2024) - PROTOPOPIATELE GRECO-CATOLICE BECLEAN, BISTRI\u021aA \u0218I RODNA\" \/>\n<meta property=\"og:description\" content=\"\u00cen cadrul celebr\u0103rilor dedicate Octavei Mondiale de Rug\u0103ciune pentru Unitatea Cre\u0219tinilor (din perioada 18-25 ianuarie 2024) de pe teritoriul Eparhiei de Cluj-Gherla, vor fi cuprinse \u0219i ac\u021biunile care au loc \u00een ora\u0219ul Bistri\u021ba \u2013 centru multicultural \u0219i multiconfesional, unde s-a format o tradi\u021bie de 15 ani prin care Bisericile istorice organizeaz\u0103 pe r\u00e2nd momente de ... [Read more...]\" \/>\n<meta property=\"og:url\" content=\"https:\/\/www.protopopiatebn.ro\/index.php\/2024\/01\/14\/octava-de-rugaciune-pentru-unitatea-crestinilor-la-bistrita-18-25-ianuarie-2024\/\" \/>\n<meta property=\"og:site_name\" content=\"PROTOPOPIATELE GRECO-CATOLICE BECLEAN, BISTRI\u021aA \u0218I RODNA\" \/>\n<meta property=\"article:published_time\" content=\"2024-01-14T20:23:11+00:00\" \/>\n<meta property=\"article:modified_time\" content=\"2024-01-24T14:17:44+00:00\" \/>\n<meta property=\"og:image\" content=\"https:\/\/www.protopopiatebn.ro\/wp-content\/uploads\/2024\/01\/Octava-de-rugaciune-ecumenica-2024-Program-A3_page-0001-2-scaled.jpg\" \/>\n<meta name=\"author\" content=\"media\" \/>\n<meta name=\"twitter:card\" content=\"summary_large_image\" \/>\n<meta name=\"twitter:label1\" content=\"Scris de\" \/>\n\t<meta name=\"twitter:data1\" content=\"media\" \/>\n\t<meta name=\"twitter:label2\" content=\"Timp estimat pentru citire\" \/>\n\t<meta name=\"twitter:data2\" content=\"2 minute\" \/>\n<script type=\"application\/ld+json\" class=\"yoast-schema-graph\">{\"@context\":\"https:\\\/\\\/schema.org\",\"@graph\":[{\"@type\":\"Article\",\"@id\":\"https:\\\/\\\/www.protopopiatebn.ro\\\/index.php\\\/2024\\\/01\\\/14\\\/octava-de-rugaciune-pentru-unitatea-crestinilor-la-bistrita-18-25-ianuarie-2024\\\/#article\",\"isPartOf\":{\"@id\":\"https:\\\/\\\/www.protopopiatebn.ro\\\/index.php\\\/2024\\\/01\\\/14\\\/octava-de-rugaciune-pentru-unitatea-crestinilor-la-bistrita-18-25-ianuarie-2024\\\/\"},\"author\":{\"name\":\"media\",\"@id\":\"https:\\\/\\\/www.protopopiatebn.ro\\\/#\\\/schema\\\/person\\\/197df79e4c7a10df5e789cc6657cf4b6\"},\"headline\":\"OCTAVA DE RUG\u0102CIUNE PENTRU UNITATEA CRE\u0218TINILOR LA BISTRI\u021aA (18-25 IANUARIE 2024)\",\"datePublished\":\"2024-01-14T20:23:11+00:00\",\"dateModified\":\"2024-01-24T14:17:44+00:00\",\"mainEntityOfPage\":{\"@id\":\"https:\\\/\\\/www.protopopiatebn.ro\\\/index.php\\\/2024\\\/01\\\/14\\\/octava-de-rugaciune-pentru-unitatea-crestinilor-la-bistrita-18-25-ianuarie-2024\\\/\"},\"wordCount\":145,\"commentCount\":0,\"image\":{\"@id\":\"https:\\\/\\\/www.protopopiatebn.ro\\\/index.php\\\/2024\\\/01\\\/14\\\/octava-de-rugaciune-pentru-unitatea-crestinilor-la-bistrita-18-25-ianuarie-2024\\\/#primaryimage\"},\"thumbnailUrl\":\"https:\\\/\\\/www.protopopiatebn.ro\\\/wp-content\\\/uploads\\\/2024\\\/01\\\/Octava-de-rugaciune-ecumenica-2024-Program-A3_page-0001-2-scaled.jpg\",\"articleSection\":[\"Uncategorized\"],\"inLanguage\":\"ro-RO\",\"potentialAction\":[{\"@type\":\"CommentAction\",\"name\":\"Comment\",\"target\":[\"https:\\\/\\\/www.protopopiatebn.ro\\\/index.php\\\/2024\\\/01\\\/14\\\/octava-de-rugaciune-pentru-unitatea-crestinilor-la-bistrita-18-25-ianuarie-2024\\\/#respond\"]}]},{\"@type\":\"WebPage\",\"@id\":\"https:\\\/\\\/www.protopopiatebn.ro\\\/index.php\\\/2024\\\/01\\\/14\\\/octava-de-rugaciune-pentru-unitatea-crestinilor-la-bistrita-18-25-ianuarie-2024\\\/\",\"url\":\"https:\\\/\\\/www.protopopiatebn.ro\\\/index.php\\\/2024\\\/01\\\/14\\\/octava-de-rugaciune-pentru-unitatea-crestinilor-la-bistrita-18-25-ianuarie-2024\\\/\",\"name\":\"OCTAVA DE RUG\u0102CIUNE PENTRU UNITATEA CRE\u0218TINILOR LA BISTRI\u021aA (18-25 IANUARIE 2024) - PROTOPOPIATELE GRECO-CATOLICE BECLEAN, BISTRI\u021aA \u0218I RODNA\",\"isPartOf\":{\"@id\":\"https:\\\/\\\/www.protopopiatebn.ro\\\/#website\"},\"primaryImageOfPage\":{\"@id\":\"https:\\\/\\\/www.protopopiatebn.ro\\\/index.php\\\/2024\\\/01\\\/14\\\/octava-de-rugaciune-pentru-unitatea-crestinilor-la-bistrita-18-25-ianuarie-2024\\\/#primaryimage\"},\"image\":{\"@id\":\"https:\\\/\\\/www.protopopiatebn.ro\\\/index.php\\\/2024\\\/01\\\/14\\\/octava-de-rugaciune-pentru-unitatea-crestinilor-la-bistrita-18-25-ianuarie-2024\\\/#primaryimage\"},\"thumbnailUrl\":\"https:\\\/\\\/www.protopopiatebn.ro\\\/wp-content\\\/uploads\\\/2024\\\/01\\\/Octava-de-rugaciune-ecumenica-2024-Program-A3_page-0001-2-scaled.jpg\",\"datePublished\":\"2024-01-14T20:23:11+00:00\",\"dateModified\":\"2024-01-24T14:17:44+00:00\",\"author\":{\"@id\":\"https:\\\/\\\/www.protopopiatebn.ro\\\/#\\\/schema\\\/person\\\/197df79e4c7a10df5e789cc6657cf4b6\"},\"breadcrumb\":{\"@id\":\"https:\\\/\\\/www.protopopiatebn.ro\\\/index.php\\\/2024\\\/01\\\/14\\\/octava-de-rugaciune-pentru-unitatea-crestinilor-la-bistrita-18-25-ianuarie-2024\\\/#breadcrumb\"},\"inLanguage\":\"ro-RO\",\"potentialAction\":[{\"@type\":\"ReadAction\",\"target\":[\"https:\\\/\\\/www.protopopiatebn.ro\\\/index.php\\\/2024\\\/01\\\/14\\\/octava-de-rugaciune-pentru-unitatea-crestinilor-la-bistrita-18-25-ianuarie-2024\\\/\"]}]},{\"@type\":\"ImageObject\",\"inLanguage\":\"ro-RO\",\"@id\":\"https:\\\/\\\/www.protopopiatebn.ro\\\/index.php\\\/2024\\\/01\\\/14\\\/octava-de-rugaciune-pentru-unitatea-crestinilor-la-bistrita-18-25-ianuarie-2024\\\/#primaryimage\",\"url\":\"https:\\\/\\\/www.protopopiatebn.ro\\\/wp-content\\\/uploads\\\/2024\\\/01\\\/Octava-de-rugaciune-ecumenica-2024-Program-A3_page-0001-2-scaled.jpg\",\"contentUrl\":\"https:\\\/\\\/www.protopopiatebn.ro\\\/wp-content\\\/uploads\\\/2024\\\/01\\\/Octava-de-rugaciune-ecumenica-2024-Program-A3_page-0001-2-scaled.jpg\",\"width\":2121,\"height\":2560},{\"@type\":\"BreadcrumbList\",\"@id\":\"https:\\\/\\\/www.protopopiatebn.ro\\\/index.php\\\/2024\\\/01\\\/14\\\/octava-de-rugaciune-pentru-unitatea-crestinilor-la-bistrita-18-25-ianuarie-2024\\\/#breadcrumb\",\"itemListElement\":[{\"@type\":\"ListItem\",\"position\":1,\"name\":\"Home\",\"item\":\"https:\\\/\\\/www.protopopiatebn.ro\\\/\"},{\"@type\":\"ListItem\",\"position\":2,\"name\":\"OCTAVA DE RUG\u0102CIUNE PENTRU UNITATEA CRE\u0218TINILOR LA BISTRI\u021aA (18-25 IANUARIE 2024)\"}]},{\"@type\":\"WebSite\",\"@id\":\"https:\\\/\\\/www.protopopiatebn.ro\\\/#website\",\"url\":\"https:\\\/\\\/www.protopopiatebn.ro\\\/\",\"name\":\"PROTOPOPIATELE GRECO-CATOLICE BECLEAN, BISTRI\u021aA \u0218I RODNA\",\"description\":\"\",\"potentialAction\":[{\"@type\":\"SearchAction\",\"target\":{\"@type\":\"EntryPoint\",\"urlTemplate\":\"https:\\\/\\\/www.protopopiatebn.ro\\\/?s={search_term_string}\"},\"query-input\":{\"@type\":\"PropertyValueSpecification\",\"valueRequired\":true,\"valueName\":\"search_term_string\"}}],\"inLanguage\":\"ro-RO\"},{\"@type\":\"Person\",\"@id\":\"https:\\\/\\\/www.protopopiatebn.ro\\\/#\\\/schema\\\/person\\\/197df79e4c7a10df5e789cc6657cf4b6\",\"name\":\"media\",\"image\":{\"@type\":\"ImageObject\",\"inLanguage\":\"ro-RO\",\"@id\":\"https:\\\/\\\/secure.gravatar.com\\\/avatar\\\/04cd0dc906eda4d18642465bdfac0c5e44dc1c0aee2c6e9ddadbbd2294e96fe6?s=96&d=mm&r=g\",\"url\":\"https:\\\/\\\/secure.gravatar.com\\\/avatar\\\/04cd0dc906eda4d18642465bdfac0c5e44dc1c0aee2c6e9ddadbbd2294e96fe6?s=96&d=mm&r=g\",\"contentUrl\":\"https:\\\/\\\/secure.gravatar.com\\\/avatar\\\/04cd0dc906eda4d18642465bdfac0c5e44dc1c0aee2c6e9ddadbbd2294e96fe6?s=96&d=mm&r=g\",\"caption\":\"media\"},\"sameAs\":[\"http:\\\/\\\/www.protopopiatebn.ro\"],\"url\":\"https:\\\/\\\/www.protopopiatebn.ro\\\/index.php\\\/author\\\/protos\\\/\"}]}<\/script>\n<!-- \/ Yoast SEO plugin. -->","yoast_head_json":{"title":"OCTAVA DE RUG\u0102CIUNE PENTRU UNITATEA CRE\u0218TINILOR LA BISTRI\u021aA (18-25 IANUARIE 2024) - PROTOPOPIATELE GRECO-CATOLICE BECLEAN, BISTRI\u021aA \u0218I RODNA","robots":{"index":"index","follow":"follow","max-snippet":"max-snippet:-1","max-image-preview":"max-image-preview:large","max-video-preview":"max-video-preview:-1"},"canonical":"https:\/\/www.protopopiatebn.ro\/index.php\/2024\/01\/14\/octava-de-rugaciune-pentru-unitatea-crestinilor-la-bistrita-18-25-ianuarie-2024\/","og_locale":"ro_RO","og_type":"article","og_title":"OCTAVA DE RUG\u0102CIUNE PENTRU UNITATEA CRE\u0218TINILOR LA BISTRI\u021aA (18-25 IANUARIE 2024) - PROTOPOPIATELE GRECO-CATOLICE BECLEAN, BISTRI\u021aA \u0218I RODNA","og_description":"\u00cen cadrul celebr\u0103rilor dedicate Octavei Mondiale de Rug\u0103ciune pentru Unitatea Cre\u0219tinilor (din perioada 18-25 ianuarie 2024) de pe teritoriul Eparhiei de Cluj-Gherla, vor fi cuprinse \u0219i ac\u021biunile care au loc \u00een ora\u0219ul Bistri\u021ba \u2013 centru multicultural \u0219i multiconfesional, unde s-a format o tradi\u021bie de 15 ani prin care Bisericile istorice organizeaz\u0103 pe r\u00e2nd momente de ... [Read more...]","og_url":"https:\/\/www.protopopiatebn.ro\/index.php\/2024\/01\/14\/octava-de-rugaciune-pentru-unitatea-crestinilor-la-bistrita-18-25-ianuarie-2024\/","og_site_name":"PROTOPOPIATELE GRECO-CATOLICE BECLEAN, BISTRI\u021aA \u0218I RODNA","article_published_time":"2024-01-14T20:23:11+00:00","article_modified_time":"2024-01-24T14:17:44+00:00","og_image":[{"url":"https:\/\/www.protopopiatebn.ro\/wp-content\/uploads\/2024\/01\/Octava-de-rugaciune-ecumenica-2024-Program-A3_page-0001-2-scaled.jpg","type":"","width":"","height":""}],"author":"media","twitter_card":"summary_large_image","twitter_misc":{"Scris de":"media","Timp estimat pentru citire":"2 minute"},"schema":{"@context":"https:\/\/schema.org","@graph":[{"@type":"Article","@id":"https:\/\/www.protopopiatebn.ro\/index.php\/2024\/01\/14\/octava-de-rugaciune-pentru-unitatea-crestinilor-la-bistrita-18-25-ianuarie-2024\/#article","isPartOf":{"@id":"https:\/\/www.protopopiatebn.ro\/index.php\/2024\/01\/14\/octava-de-rugaciune-pentru-unitatea-crestinilor-la-bistrita-18-25-ianuarie-2024\/"},"author":{"name":"media","@id":"https:\/\/www.protopopiatebn.ro\/#\/schema\/person\/197df79e4c7a10df5e789cc6657cf4b6"},"headline":"OCTAVA DE RUG\u0102CIUNE PENTRU UNITATEA CRE\u0218TINILOR LA BISTRI\u021aA (18-25 IANUARIE 2024)","datePublished":"2024-01-14T20:23:11+00:00","dateModified":"2024-01-24T14:17:44+00:00","mainEntityOfPage":{"@id":"https:\/\/www.protopopiatebn.ro\/index.php\/2024\/01\/14\/octava-de-rugaciune-pentru-unitatea-crestinilor-la-bistrita-18-25-ianuarie-2024\/"},"wordCount":145,"commentCount":0,"image":{"@id":"https:\/\/www.protopopiatebn.ro\/index.php\/2024\/01\/14\/octava-de-rugaciune-pentru-unitatea-crestinilor-la-bistrita-18-25-ianuarie-2024\/#primaryimage"},"thumbnailUrl":"https:\/\/www.protopopiatebn.ro\/wp-content\/uploads\/2024\/01\/Octava-de-rugaciune-ecumenica-2024-Program-A3_page-0001-2-scaled.jpg","articleSection":["Uncategorized"],"inLanguage":"ro-RO","potentialAction":[{"@type":"CommentAction","name":"Comment","target":["https:\/\/www.protopopiatebn.ro\/index.php\/2024\/01\/14\/octava-de-rugaciune-pentru-unitatea-crestinilor-la-bistrita-18-25-ianuarie-2024\/#respond"]}]},{"@type":"WebPage","@id":"https:\/\/www.protopopiatebn.ro\/index.php\/2024\/01\/14\/octava-de-rugaciune-pentru-unitatea-crestinilor-la-bistrita-18-25-ianuarie-2024\/","url":"https:\/\/www.protopopiatebn.ro\/index.php\/2024\/01\/14\/octava-de-rugaciune-pentru-unitatea-crestinilor-la-bistrita-18-25-ianuarie-2024\/","name":"OCTAVA DE RUG\u0102CIUNE PENTRU UNITATEA CRE\u0218TINILOR LA BISTRI\u021aA (18-25 IANUARIE 2024) - PROTOPOPIATELE GRECO-CATOLICE BECLEAN, BISTRI\u021aA \u0218I RODNA","isPartOf":{"@id":"https:\/\/www.protopopiatebn.ro\/#website"},"primaryImageOfPage":{"@id":"https:\/\/www.protopopiatebn.ro\/index.php\/2024\/01\/14\/octava-de-rugaciune-pentru-unitatea-crestinilor-la-bistrita-18-25-ianuarie-2024\/#primaryimage"},"image":{"@id":"https:\/\/www.protopopiatebn.ro\/index.php\/2024\/01\/14\/octava-de-rugaciune-pentru-unitatea-crestinilor-la-bistrita-18-25-ianuarie-2024\/#primaryimage"},"thumbnailUrl":"https:\/\/www.protopopiatebn.ro\/wp-content\/uploads\/2024\/01\/Octava-de-rugaciune-ecumenica-2024-Program-A3_page-0001-2-scaled.jpg","datePublished":"2024-01-14T20:23:11+00:00","dateModified":"2024-01-24T14:17:44+00:00","author":{"@id":"https:\/\/www.protopopiatebn.ro\/#\/schema\/person\/197df79e4c7a10df5e789cc6657cf4b6"},"breadcrumb":{"@id":"https:\/\/www.protopopiatebn.ro\/index.php\/2024\/01\/14\/octava-de-rugaciune-pentru-unitatea-crestinilor-la-bistrita-18-25-ianuarie-2024\/#breadcrumb"},"inLanguage":"ro-RO","potentialAction":[{"@type":"ReadAction","target":["https:\/\/www.protopopiatebn.ro\/index.php\/2024\/01\/14\/octava-de-rugaciune-pentru-unitatea-crestinilor-la-bistrita-18-25-ianuarie-2024\/"]}]},{"@type":"ImageObject","inLanguage":"ro-RO","@id":"https:\/\/www.protopopiatebn.ro\/index.php\/2024\/01\/14\/octava-de-rugaciune-pentru-unitatea-crestinilor-la-bistrita-18-25-ianuarie-2024\/#primaryimage","url":"https:\/\/www.protopopiatebn.ro\/wp-content\/uploads\/2024\/01\/Octava-de-rugaciune-ecumenica-2024-Program-A3_page-0001-2-scaled.jpg","contentUrl":"https:\/\/www.protopopiatebn.ro\/wp-content\/uploads\/2024\/01\/Octava-de-rugaciune-ecumenica-2024-Program-A3_page-0001-2-scaled.jpg","width":2121,"height":2560},{"@type":"BreadcrumbList","@id":"https:\/\/www.protopopiatebn.ro\/index.php\/2024\/01\/14\/octava-de-rugaciune-pentru-unitatea-crestinilor-la-bistrita-18-25-ianuarie-2024\/#breadcrumb","itemListElement":[{"@type":"ListItem","position":1,"name":"Home","item":"https:\/\/www.protopopiatebn.ro\/"},{"@type":"ListItem","position":2,"name":"OCTAVA DE RUG\u0102CIUNE PENTRU UNITATEA CRE\u0218TINILOR LA BISTRI\u021aA (18-25 IANUARIE 2024)"}]},{"@type":"WebSite","@id":"https:\/\/www.protopopiatebn.ro\/#website","url":"https:\/\/www.protopopiatebn.ro\/","name":"PROTOPOPIATELE GRECO-CATOLICE BECLEAN, BISTRI\u021aA \u0218I RODNA","description":"","potentialAction":[{"@type":"SearchAction","target":{"@type":"EntryPoint","urlTemplate":"https:\/\/www.protopopiatebn.ro\/?s={search_term_string}"},"query-input":{"@type":"PropertyValueSpecification","valueRequired":true,"valueName":"search_term_string"}}],"inLanguage":"ro-RO"},{"@type":"Person","@id":"https:\/\/www.protopopiatebn.ro\/#\/schema\/person\/197df79e4c7a10df5e789cc6657cf4b6","name":"media","image":{"@type":"ImageObject","inLanguage":"ro-RO","@id":"https:\/\/secure.gravatar.com\/avatar\/04cd0dc906eda4d18642465bdfac0c5e44dc1c0aee2c6e9ddadbbd2294e96fe6?s=96&d=mm&r=g","url":"https:\/\/secure.gravatar.com\/avatar\/04cd0dc906eda4d18642465bdfac0c5e44dc1c0aee2c6e9ddadbbd2294e96fe6?s=96&d=mm&r=g","contentUrl":"https:\/\/secure.gravatar.com\/avatar\/04cd0dc906eda4d18642465bdfac0c5e44dc1c0aee2c6e9ddadbbd2294e96fe6?s=96&d=mm&r=g","caption":"media"},"sameAs":["http:\/\/www.protopopiatebn.ro"],"url":"https:\/\/www.protopopiatebn.ro\/index.php\/author\/protos\/"}]}},"_links":{"self":[{"href":"https:\/\/www.protopopiatebn.ro\/index.php\/wp-json\/wp\/v2\/posts\/689","targetHints":{"allow":["GET"]}}],"collection":[{"href":"https:\/\/www.protopopiatebn.ro\/index.php\/wp-json\/wp\/v2\/posts"}],"about":[{"href":"https:\/\/www.protopopiatebn.ro\/index.php\/wp-json\/wp\/v2\/types\/post"}],"author":[{"embeddable":true,"href":"https:\/\/www.protopopiatebn.ro\/index.php\/wp-json\/wp\/v2\/users\/3"}],"replies":[{"embeddable":true,"href":"https:\/\/www.protopopiatebn.ro\/index.php\/wp-json\/wp\/v2\/comments?post=689"}],"version-history":[{"count":22,"href":"https:\/\/www.protopopiatebn.ro\/index.php\/wp-json\/wp\/v2\/posts\/689\/revisions"}],"predecessor-version":[{"id":760,"href":"https:\/\/www.protopopiatebn.ro\/index.php\/wp-json\/wp\/v2\/posts\/689\/revisions\/760"}],"wp:attachment":[{"href":"https:\/\/www.protopopiatebn.ro\/index.php\/wp-json\/wp\/v2\/media?parent=689"}],"wp:term":[{"taxonomy":"category","embeddable":true,"href":"https:\/\/www.protopopiatebn.ro\/index.php\/wp-json\/wp\/v2\/categories?post=689"},{"taxonomy":"post_tag","embeddable":true,"href":"https:\/\/www.protopopiatebn.ro\/index.php\/wp-json\/wp\/v2\/tags?post=689"}],"curies":[{"name":"wp","href":"https:\/\/api.w.org\/{rel}","templated":true}]}}