{"id":644,"date":"2023-12-01T18:47:33","date_gmt":"2023-12-01T16:47:33","guid":{"rendered":"https:\/\/www.protopopiatebn.ro\/?p=644"},"modified":"2023-12-13T23:02:10","modified_gmt":"2023-12-13T21:02:10","slug":"participare-greco-catolica-la-manifestarile-de-ziua-nationala-la-beclean-si-bistrita-1-decembrie-2023","status":"publish","type":"post","link":"https:\/\/www.protopopiatebn.ro\/index.php\/2023\/12\/01\/participare-greco-catolica-la-manifestarile-de-ziua-nationala-la-beclean-si-bistrita-1-decembrie-2023\/","title":{"rendered":"Participare greco-catolic\u0103 la manifest\u0103rile de Ziua Na\u021bional\u0103 la Beclean \u0219i Bistri\u021ba 1 Decembrie 2023"},"content":{"rendered":"<h6 style=\"text-align: center;\"><img loading=\"lazy\" decoding=\"async\" class=\"size-full wp-image-646 aligncenter\" src=\"https:\/\/www.protopopiatebn.ro\/wp-content\/uploads\/2023\/12\/1-Decembrie-parada-Ziua-Nationala_24-1.jpg\" alt=\"\" width=\"800\" height=\"533\" srcset=\"https:\/\/www.protopopiatebn.ro\/wp-content\/uploads\/2023\/12\/1-Decembrie-parada-Ziua-Nationala_24-1.jpg 800w, https:\/\/www.protopopiatebn.ro\/wp-content\/uploads\/2023\/12\/1-Decembrie-parada-Ziua-Nationala_24-1-300x200.jpg 300w, https:\/\/www.protopopiatebn.ro\/wp-content\/uploads\/2023\/12\/1-Decembrie-parada-Ziua-Nationala_24-1-768x512.jpg 768w\" sizes=\"auto, (max-width: 800px) 100vw, 800px\" \/>foto preluat\u0103 de pe bistriteanul.ro<\/h6>\n<p>Pr. Cristian Goia, protopop de Beclean, Bistri\u021ba \u0219i Rodna a luat parte, ca invitat, la evenimentele organizate cu ocazia Zilei Na\u021bionale a Rom\u00e2niei \u00een ora\u0219ul Beclean \u0219i \u00een municipiul Bistri\u021ba.<\/p>\n<p>La Beclean evenimentul a \u00eenceput la monumentul eroilor cu intonarea imnului na\u021bional urmat de un moment de rug\u0103ciune Tedeum celebrat de protopopii \u0219i preotii celor dou\u0103 biserici na\u021bionale, cea greco-catolic\u0103 \u0219i cea ortodox\u0103. Din partea parohiei noastre din Beclean au fost prezen\u021bi Pr. paroh Felician Neago\u0219 \u0219i Pr. vicar\u00a0 parohial Cosmin Moldovan. Pr. Cristian \u00een scurtul discurs a vorbit despre vrednicul de amintire Cardinalul Iuliu Hossu cel care a citit actul de unire \u00een cadrul Marii adun\u0103ri Na\u021bionale de la Alba Iulia din 1 decembrie 1918. P\u0103rintele a subliniat \u00eemportan\u021ba unit\u0103\u021bii na\u021biuni rom\u00e2ne a\u0219a cu s-a reflectat din discursul Cardinalului Hossu. \u201ePe cum ne vede\u0163i aici \u00eembr\u0103\u0163i\u015fa\u0163i fr\u0103\u0163e\u015fte, a\u015fa s\u0103 r\u0103m\u00e2n\u0103 \u00eembr\u0103\u0163i\u015fa\u0163i pe veci to\u0163i fra\u0163ii rom\u00e2ni\u201d. A urmat disacursul d-lui subprefect Ioan Z\u0103grean, a d-lui Primar Nicolae Moldovan, a d-lui senator Ioan Dene\u0219. A urmat depunerea de coroane din partea autorit\u0103\u021bilor statului, a \u0219colilor, a parohiilor din localitate \u0219i Cerceta\u0219ii Mun\u021bilor. Programul s-a \u00eencheiat cu un concert folcloric.<\/p>\n<p>La Bistri\u021ba festivit\u0103\u021bile de Ziua Na\u021bional\u0103 au \u00eenceput la ora 15.00 \u0219i s-au desf\u0103\u0219urat la monumentul Eroilor din pia\u021ba Liviu Rebreanu. Dup\u0103 intonarea Imnului Na\u021bional, pr. Cristian \u00eempreun\u0103 cu Pr. Ioan Fri\u0219an au participat la un serviciu religios de Te Deum, de laud\u0103, mul\u021bumire \u0219i binecuv\u00e2ntare. \u00cempreun\u0103 cu pr. protopop ortodox \u0219i cu un sobor de preo\u021bi s-au rugat pentru eroii neamului rom\u00e2nesc.<\/p>\n<p>\u00cen continuare, dl. Bogdan-Ivan Gruia , ministrul cercet\u0103rii, inov\u0103rii \u0219i digitaliz\u0103rii \u00a0\u0219i dl Ioan Turc, Primarul mun. Bistri\u021ba a \u021binut discursuri, apoi au fost depuse coroane de flori. Ceremonia s-a incheiat cu defilarea deta\u0219amentelor de onoare, a tehnicii \u0219i echipamentelor militare.<\/p>\n<p>Idealurile Bisericii Greco-Catolice, \u00een toate ac\u021biunile \u00eentreprinse pentru a-i aduce \u00eempreun\u0103 pe rom\u00e2ni, ca na\u021biune liber\u0103 \u0219i demn\u0103 \u00eentre na\u021biunile Europei \u0219i ale lumii, se \u00eemplinesc cu fiecare nou\u0103 celebrare a Zilei Na\u021bionale \u00een bucurie.<\/p>\n<p>De Ziua Na\u021bional\u0103 au fost momente deosebite la Bistri\u021ba, la fel ca \u00een \u00eentreaga \u021bar\u0103. Pr. protopop Cristian Goia a participat \u00een aceast\u0103 zi la manifest\u0103ri de comuniune \u00een bucurie, la momente de recunoa\u0219tere \u0219i onor fa\u021b\u0103 de meritele \u0219i sacrificiile \u00eenainta\u0219ilor care au f\u0103cut cu putin\u021b\u0103 aceast\u0103 bucurie.<\/p>\n<p>A fost o zi de mul\u021bumire adus\u0103 lui Dumnezeu pentru harul, ocrotirea \u0219i binecuv\u00e2ntarea pe care o coboar\u0103 ne\u00eencetat peste \u00eentreaga \u021bar\u0103, Rom\u00e2nia.<\/p>\n<p style=\"text-align: right;\">M.P.<\/p>\n<p style=\"text-align: left;\">Poze Ziua Na\u021bional\u0103 Beclean<\/p>\n<p><img loading=\"lazy\" decoding=\"async\" class=\"alignnone wp-image-648\" src=\"https:\/\/www.protopopiatebn.ro\/wp-content\/uploads\/2023\/12\/WhatsApp-Image-2023-12-01-at-23.47.14-3-804x1024.jpeg\" alt=\"\" width=\"373\" height=\"475\" srcset=\"https:\/\/www.protopopiatebn.ro\/wp-content\/uploads\/2023\/12\/WhatsApp-Image-2023-12-01-at-23.47.14-3-804x1024.jpeg 804w, https:\/\/www.protopopiatebn.ro\/wp-content\/uploads\/2023\/12\/WhatsApp-Image-2023-12-01-at-23.47.14-3-235x300.jpeg 235w, https:\/\/www.protopopiatebn.ro\/wp-content\/uploads\/2023\/12\/WhatsApp-Image-2023-12-01-at-23.47.14-3-768x978.jpeg 768w, https:\/\/www.protopopiatebn.ro\/wp-content\/uploads\/2023\/12\/WhatsApp-Image-2023-12-01-at-23.47.14-3.jpeg 1080w\" sizes=\"auto, (max-width: 373px) 100vw, 373px\" \/> <img loading=\"lazy\" decoding=\"async\" class=\"alignnone wp-image-649\" src=\"https:\/\/www.protopopiatebn.ro\/wp-content\/uploads\/2023\/12\/WhatsApp-Image-2023-12-01-at-23.47.14-1-1024x768.jpeg\" alt=\"\" width=\"628\" height=\"471\" srcset=\"https:\/\/www.protopopiatebn.ro\/wp-content\/uploads\/2023\/12\/WhatsApp-Image-2023-12-01-at-23.47.14-1-1024x768.jpeg 1024w, https:\/\/www.protopopiatebn.ro\/wp-content\/uploads\/2023\/12\/WhatsApp-Image-2023-12-01-at-23.47.14-1-300x225.jpeg 300w, https:\/\/www.protopopiatebn.ro\/wp-content\/uploads\/2023\/12\/WhatsApp-Image-2023-12-01-at-23.47.14-1-768x576.jpeg 768w, https:\/\/www.protopopiatebn.ro\/wp-content\/uploads\/2023\/12\/WhatsApp-Image-2023-12-01-at-23.47.14-1.jpeg 1080w\" sizes=\"auto, (max-width: 628px) 100vw, 628px\" \/><\/p>\n<p>Poze Ziua Na\u021bionala Bistri\u021ba 2023<\/p>\n<p><img loading=\"lazy\" decoding=\"async\" class=\"alignnone wp-image-650\" src=\"https:\/\/www.protopopiatebn.ro\/wp-content\/uploads\/2023\/12\/b1f396fc-9ca1-4aaa-8bc9-7e200ddbf569-1024x683.jpg\" alt=\"\" width=\"535\" height=\"357\" srcset=\"https:\/\/www.protopopiatebn.ro\/wp-content\/uploads\/2023\/12\/b1f396fc-9ca1-4aaa-8bc9-7e200ddbf569-1024x683.jpg 1024w, https:\/\/www.protopopiatebn.ro\/wp-content\/uploads\/2023\/12\/b1f396fc-9ca1-4aaa-8bc9-7e200ddbf569-300x200.jpg 300w, https:\/\/www.protopopiatebn.ro\/wp-content\/uploads\/2023\/12\/b1f396fc-9ca1-4aaa-8bc9-7e200ddbf569-768x512.jpg 768w, https:\/\/www.protopopiatebn.ro\/wp-content\/uploads\/2023\/12\/b1f396fc-9ca1-4aaa-8bc9-7e200ddbf569.jpg 1080w\" sizes=\"auto, (max-width: 535px) 100vw, 535px\" \/> <img loading=\"lazy\" decoding=\"async\" class=\"alignnone wp-image-651\" src=\"https:\/\/www.protopopiatebn.ro\/wp-content\/uploads\/2023\/12\/dddc0621-eabc-43ca-b069-0e30fefe72a3-1024x683.jpg\" alt=\"\" width=\"534\" height=\"356\" srcset=\"https:\/\/www.protopopiatebn.ro\/wp-content\/uploads\/2023\/12\/dddc0621-eabc-43ca-b069-0e30fefe72a3-1024x683.jpg 1024w, https:\/\/www.protopopiatebn.ro\/wp-content\/uploads\/2023\/12\/dddc0621-eabc-43ca-b069-0e30fefe72a3-300x200.jpg 300w, https:\/\/www.protopopiatebn.ro\/wp-content\/uploads\/2023\/12\/dddc0621-eabc-43ca-b069-0e30fefe72a3-768x512.jpg 768w, https:\/\/www.protopopiatebn.ro\/wp-content\/uploads\/2023\/12\/dddc0621-eabc-43ca-b069-0e30fefe72a3.jpg 1080w\" sizes=\"auto, (max-width: 534px) 100vw, 534px\" \/><\/p>\n<p><img loading=\"lazy\" decoding=\"async\" class=\"alignnone wp-image-653\" src=\"https:\/\/www.protopopiatebn.ro\/wp-content\/uploads\/2023\/12\/407379166_820346796561073_3100947621079207485_n-1.jpg\" alt=\"\" width=\"530\" height=\"353\" srcset=\"https:\/\/www.protopopiatebn.ro\/wp-content\/uploads\/2023\/12\/407379166_820346796561073_3100947621079207485_n-1.jpg 1024w, https:\/\/www.protopopiatebn.ro\/wp-content\/uploads\/2023\/12\/407379166_820346796561073_3100947621079207485_n-1-300x200.jpg 300w, https:\/\/www.protopopiatebn.ro\/wp-content\/uploads\/2023\/12\/407379166_820346796561073_3100947621079207485_n-1-768x512.jpg 768w\" sizes=\"auto, (max-width: 530px) 100vw, 530px\" \/> <img loading=\"lazy\" decoding=\"async\" class=\"alignnone wp-image-652\" src=\"https:\/\/www.protopopiatebn.ro\/wp-content\/uploads\/2023\/12\/d1ec3548-144c-453f-b96f-5c5dd2baa403-1024x683.jpg\" alt=\"\" width=\"526\" height=\"351\" srcset=\"https:\/\/www.protopopiatebn.ro\/wp-content\/uploads\/2023\/12\/d1ec3548-144c-453f-b96f-5c5dd2baa403-1024x683.jpg 1024w, https:\/\/www.protopopiatebn.ro\/wp-content\/uploads\/2023\/12\/d1ec3548-144c-453f-b96f-5c5dd2baa403-300x200.jpg 300w, https:\/\/www.protopopiatebn.ro\/wp-content\/uploads\/2023\/12\/d1ec3548-144c-453f-b96f-5c5dd2baa403-768x512.jpg 768w, https:\/\/www.protopopiatebn.ro\/wp-content\/uploads\/2023\/12\/d1ec3548-144c-453f-b96f-5c5dd2baa403.jpg 1080w\" sizes=\"auto, (max-width: 526px) 100vw, 526px\" \/><\/p>\n<p>&nbsp;<\/p>\n","protected":false},"excerpt":{"rendered":"<p>foto preluat\u0103 de pe bistriteanul.ro Pr. Cristian Goia, protopop de Beclean, Bistri\u021ba \u0219i Rodna a luat parte, ca invitat, la evenimentele organizate cu ocazia Zilei Na\u021bionale a Rom\u00e2niei \u00een ora\u0219ul Beclean \u0219i \u00een municipiul Bistri\u021ba. La Beclean evenimentul a \u00eenceput la monumentul eroilor cu intonarea imnului na\u021bional urmat de un moment de rug\u0103ciune Tedeum celebrat &#8230; <span class=\"more\"><a class=\"more-link\" href=\"https:\/\/www.protopopiatebn.ro\/index.php\/2023\/12\/01\/participare-greco-catolica-la-manifestarile-de-ziua-nationala-la-beclean-si-bistrita-1-decembrie-2023\/\">[Read more&#8230;]<\/a><\/span><\/p>\n","protected":false},"author":3,"featured_media":0,"comment_status":"open","ping_status":"open","sticky":false,"template":"","format":"standard","meta":{"footnotes":""},"categories":[1],"tags":[],"class_list":{"0":"entry","1":"post","2":"publish","3":"author-protos","4":"post-644","6":"format-standard","7":"category-uncategorized"},"yoast_head":"<!-- This site is optimized with the Yoast SEO plugin v27.5 - https:\/\/yoast.com\/product\/yoast-seo-wordpress\/ -->\n<title>Participare greco-catolic\u0103 la manifest\u0103rile de Ziua Na\u021bional\u0103 la Beclean \u0219i Bistri\u021ba 1 Decembrie 2023 - PROTOPOPIATELE GRECO-CATOLICE BECLEAN, BISTRI\u021aA \u0218I RODNA<\/title>\n<meta name=\"robots\" content=\"index, follow, max-snippet:-1, max-image-preview:large, max-video-preview:-1\" \/>\n<link rel=\"canonical\" href=\"https:\/\/www.protopopiatebn.ro\/index.php\/2023\/12\/01\/participare-greco-catolica-la-manifestarile-de-ziua-nationala-la-beclean-si-bistrita-1-decembrie-2023\/\" \/>\n<meta property=\"og:locale\" content=\"ro_RO\" \/>\n<meta property=\"og:type\" content=\"article\" \/>\n<meta property=\"og:title\" content=\"Participare greco-catolic\u0103 la manifest\u0103rile de Ziua Na\u021bional\u0103 la Beclean \u0219i Bistri\u021ba 1 Decembrie 2023 - PROTOPOPIATELE GRECO-CATOLICE BECLEAN, BISTRI\u021aA \u0218I RODNA\" \/>\n<meta property=\"og:description\" content=\"foto preluat\u0103 de pe bistriteanul.ro Pr. Cristian Goia, protopop de Beclean, Bistri\u021ba \u0219i Rodna a luat parte, ca invitat, la evenimentele organizate cu ocazia Zilei Na\u021bionale a Rom\u00e2niei \u00een ora\u0219ul Beclean \u0219i \u00een municipiul Bistri\u021ba. La Beclean evenimentul a \u00eenceput la monumentul eroilor cu intonarea imnului na\u021bional urmat de un moment de rug\u0103ciune Tedeum celebrat ... [Read more...]\" \/>\n<meta property=\"og:url\" content=\"https:\/\/www.protopopiatebn.ro\/index.php\/2023\/12\/01\/participare-greco-catolica-la-manifestarile-de-ziua-nationala-la-beclean-si-bistrita-1-decembrie-2023\/\" \/>\n<meta property=\"og:site_name\" content=\"PROTOPOPIATELE GRECO-CATOLICE BECLEAN, BISTRI\u021aA \u0218I RODNA\" \/>\n<meta property=\"article:published_time\" content=\"2023-12-01T16:47:33+00:00\" \/>\n<meta property=\"article:modified_time\" content=\"2023-12-13T21:02:10+00:00\" \/>\n<meta property=\"og:image\" content=\"https:\/\/www.protopopiatebn.ro\/wp-content\/uploads\/2023\/12\/1-Decembrie-parada-Ziua-Nationala_24-1.jpg\" \/>\n<meta name=\"author\" content=\"media\" \/>\n<meta name=\"twitter:card\" content=\"summary_large_image\" \/>\n<meta name=\"twitter:label1\" content=\"Scris de\" \/>\n\t<meta name=\"twitter:data1\" content=\"media\" \/>\n\t<meta name=\"twitter:label2\" content=\"Timp estimat pentru citire\" \/>\n\t<meta name=\"twitter:data2\" content=\"4 minute\" \/>\n<script type=\"application\/ld+json\" class=\"yoast-schema-graph\">{\"@context\":\"https:\\\/\\\/schema.org\",\"@graph\":[{\"@type\":\"Article\",\"@id\":\"https:\\\/\\\/www.protopopiatebn.ro\\\/index.php\\\/2023\\\/12\\\/01\\\/participare-greco-catolica-la-manifestarile-de-ziua-nationala-la-beclean-si-bistrita-1-decembrie-2023\\\/#article\",\"isPartOf\":{\"@id\":\"https:\\\/\\\/www.protopopiatebn.ro\\\/index.php\\\/2023\\\/12\\\/01\\\/participare-greco-catolica-la-manifestarile-de-ziua-nationala-la-beclean-si-bistrita-1-decembrie-2023\\\/\"},\"author\":{\"name\":\"media\",\"@id\":\"https:\\\/\\\/www.protopopiatebn.ro\\\/#\\\/schema\\\/person\\\/197df79e4c7a10df5e789cc6657cf4b6\"},\"headline\":\"Participare greco-catolic\u0103 la manifest\u0103rile de Ziua Na\u021bional\u0103 la Beclean \u0219i Bistri\u021ba 1 Decembrie 2023\",\"datePublished\":\"2023-12-01T16:47:33+00:00\",\"dateModified\":\"2023-12-13T21:02:10+00:00\",\"mainEntityOfPage\":{\"@id\":\"https:\\\/\\\/www.protopopiatebn.ro\\\/index.php\\\/2023\\\/12\\\/01\\\/participare-greco-catolica-la-manifestarile-de-ziua-nationala-la-beclean-si-bistrita-1-decembrie-2023\\\/\"},\"wordCount\":498,\"commentCount\":0,\"image\":{\"@id\":\"https:\\\/\\\/www.protopopiatebn.ro\\\/index.php\\\/2023\\\/12\\\/01\\\/participare-greco-catolica-la-manifestarile-de-ziua-nationala-la-beclean-si-bistrita-1-decembrie-2023\\\/#primaryimage\"},\"thumbnailUrl\":\"https:\\\/\\\/www.protopopiatebn.ro\\\/wp-content\\\/uploads\\\/2023\\\/12\\\/1-Decembrie-parada-Ziua-Nationala_24-1.jpg\",\"articleSection\":[\"Uncategorized\"],\"inLanguage\":\"ro-RO\",\"potentialAction\":[{\"@type\":\"CommentAction\",\"name\":\"Comment\",\"target\":[\"https:\\\/\\\/www.protopopiatebn.ro\\\/index.php\\\/2023\\\/12\\\/01\\\/participare-greco-catolica-la-manifestarile-de-ziua-nationala-la-beclean-si-bistrita-1-decembrie-2023\\\/#respond\"]}]},{\"@type\":\"WebPage\",\"@id\":\"https:\\\/\\\/www.protopopiatebn.ro\\\/index.php\\\/2023\\\/12\\\/01\\\/participare-greco-catolica-la-manifestarile-de-ziua-nationala-la-beclean-si-bistrita-1-decembrie-2023\\\/\",\"url\":\"https:\\\/\\\/www.protopopiatebn.ro\\\/index.php\\\/2023\\\/12\\\/01\\\/participare-greco-catolica-la-manifestarile-de-ziua-nationala-la-beclean-si-bistrita-1-decembrie-2023\\\/\",\"name\":\"Participare greco-catolic\u0103 la manifest\u0103rile de Ziua Na\u021bional\u0103 la Beclean \u0219i Bistri\u021ba 1 Decembrie 2023 - PROTOPOPIATELE GRECO-CATOLICE BECLEAN, BISTRI\u021aA \u0218I RODNA\",\"isPartOf\":{\"@id\":\"https:\\\/\\\/www.protopopiatebn.ro\\\/#website\"},\"primaryImageOfPage\":{\"@id\":\"https:\\\/\\\/www.protopopiatebn.ro\\\/index.php\\\/2023\\\/12\\\/01\\\/participare-greco-catolica-la-manifestarile-de-ziua-nationala-la-beclean-si-bistrita-1-decembrie-2023\\\/#primaryimage\"},\"image\":{\"@id\":\"https:\\\/\\\/www.protopopiatebn.ro\\\/index.php\\\/2023\\\/12\\\/01\\\/participare-greco-catolica-la-manifestarile-de-ziua-nationala-la-beclean-si-bistrita-1-decembrie-2023\\\/#primaryimage\"},\"thumbnailUrl\":\"https:\\\/\\\/www.protopopiatebn.ro\\\/wp-content\\\/uploads\\\/2023\\\/12\\\/1-Decembrie-parada-Ziua-Nationala_24-1.jpg\",\"datePublished\":\"2023-12-01T16:47:33+00:00\",\"dateModified\":\"2023-12-13T21:02:10+00:00\",\"author\":{\"@id\":\"https:\\\/\\\/www.protopopiatebn.ro\\\/#\\\/schema\\\/person\\\/197df79e4c7a10df5e789cc6657cf4b6\"},\"breadcrumb\":{\"@id\":\"https:\\\/\\\/www.protopopiatebn.ro\\\/index.php\\\/2023\\\/12\\\/01\\\/participare-greco-catolica-la-manifestarile-de-ziua-nationala-la-beclean-si-bistrita-1-decembrie-2023\\\/#breadcrumb\"},\"inLanguage\":\"ro-RO\",\"potentialAction\":[{\"@type\":\"ReadAction\",\"target\":[\"https:\\\/\\\/www.protopopiatebn.ro\\\/index.php\\\/2023\\\/12\\\/01\\\/participare-greco-catolica-la-manifestarile-de-ziua-nationala-la-beclean-si-bistrita-1-decembrie-2023\\\/\"]}]},{\"@type\":\"ImageObject\",\"inLanguage\":\"ro-RO\",\"@id\":\"https:\\\/\\\/www.protopopiatebn.ro\\\/index.php\\\/2023\\\/12\\\/01\\\/participare-greco-catolica-la-manifestarile-de-ziua-nationala-la-beclean-si-bistrita-1-decembrie-2023\\\/#primaryimage\",\"url\":\"https:\\\/\\\/www.protopopiatebn.ro\\\/wp-content\\\/uploads\\\/2023\\\/12\\\/1-Decembrie-parada-Ziua-Nationala_24-1.jpg\",\"contentUrl\":\"https:\\\/\\\/www.protopopiatebn.ro\\\/wp-content\\\/uploads\\\/2023\\\/12\\\/1-Decembrie-parada-Ziua-Nationala_24-1.jpg\",\"width\":800,\"height\":533},{\"@type\":\"BreadcrumbList\",\"@id\":\"https:\\\/\\\/www.protopopiatebn.ro\\\/index.php\\\/2023\\\/12\\\/01\\\/participare-greco-catolica-la-manifestarile-de-ziua-nationala-la-beclean-si-bistrita-1-decembrie-2023\\\/#breadcrumb\",\"itemListElement\":[{\"@type\":\"ListItem\",\"position\":1,\"name\":\"Home\",\"item\":\"https:\\\/\\\/www.protopopiatebn.ro\\\/\"},{\"@type\":\"ListItem\",\"position\":2,\"name\":\"Participare greco-catolic\u0103 la manifest\u0103rile de Ziua Na\u021bional\u0103 la Beclean \u0219i Bistri\u021ba 1 Decembrie 2023\"}]},{\"@type\":\"WebSite\",\"@id\":\"https:\\\/\\\/www.protopopiatebn.ro\\\/#website\",\"url\":\"https:\\\/\\\/www.protopopiatebn.ro\\\/\",\"name\":\"PROTOPOPIATELE GRECO-CATOLICE BECLEAN, BISTRI\u021aA \u0218I RODNA\",\"description\":\"\",\"potentialAction\":[{\"@type\":\"SearchAction\",\"target\":{\"@type\":\"EntryPoint\",\"urlTemplate\":\"https:\\\/\\\/www.protopopiatebn.ro\\\/?s={search_term_string}\"},\"query-input\":{\"@type\":\"PropertyValueSpecification\",\"valueRequired\":true,\"valueName\":\"search_term_string\"}}],\"inLanguage\":\"ro-RO\"},{\"@type\":\"Person\",\"@id\":\"https:\\\/\\\/www.protopopiatebn.ro\\\/#\\\/schema\\\/person\\\/197df79e4c7a10df5e789cc6657cf4b6\",\"name\":\"media\",\"image\":{\"@type\":\"ImageObject\",\"inLanguage\":\"ro-RO\",\"@id\":\"https:\\\/\\\/secure.gravatar.com\\\/avatar\\\/04cd0dc906eda4d18642465bdfac0c5e44dc1c0aee2c6e9ddadbbd2294e96fe6?s=96&d=mm&r=g\",\"url\":\"https:\\\/\\\/secure.gravatar.com\\\/avatar\\\/04cd0dc906eda4d18642465bdfac0c5e44dc1c0aee2c6e9ddadbbd2294e96fe6?s=96&d=mm&r=g\",\"contentUrl\":\"https:\\\/\\\/secure.gravatar.com\\\/avatar\\\/04cd0dc906eda4d18642465bdfac0c5e44dc1c0aee2c6e9ddadbbd2294e96fe6?s=96&d=mm&r=g\",\"caption\":\"media\"},\"sameAs\":[\"http:\\\/\\\/www.protopopiatebn.ro\"],\"url\":\"https:\\\/\\\/www.protopopiatebn.ro\\\/index.php\\\/author\\\/protos\\\/\"}]}<\/script>\n<!-- \/ Yoast SEO plugin. -->","yoast_head_json":{"title":"Participare greco-catolic\u0103 la manifest\u0103rile de Ziua Na\u021bional\u0103 la Beclean \u0219i Bistri\u021ba 1 Decembrie 2023 - PROTOPOPIATELE GRECO-CATOLICE BECLEAN, BISTRI\u021aA \u0218I RODNA","robots":{"index":"index","follow":"follow","max-snippet":"max-snippet:-1","max-image-preview":"max-image-preview:large","max-video-preview":"max-video-preview:-1"},"canonical":"https:\/\/www.protopopiatebn.ro\/index.php\/2023\/12\/01\/participare-greco-catolica-la-manifestarile-de-ziua-nationala-la-beclean-si-bistrita-1-decembrie-2023\/","og_locale":"ro_RO","og_type":"article","og_title":"Participare greco-catolic\u0103 la manifest\u0103rile de Ziua Na\u021bional\u0103 la Beclean \u0219i Bistri\u021ba 1 Decembrie 2023 - PROTOPOPIATELE GRECO-CATOLICE BECLEAN, BISTRI\u021aA \u0218I RODNA","og_description":"foto preluat\u0103 de pe bistriteanul.ro Pr. Cristian Goia, protopop de Beclean, Bistri\u021ba \u0219i Rodna a luat parte, ca invitat, la evenimentele organizate cu ocazia Zilei Na\u021bionale a Rom\u00e2niei \u00een ora\u0219ul Beclean \u0219i \u00een municipiul Bistri\u021ba. La Beclean evenimentul a \u00eenceput la monumentul eroilor cu intonarea imnului na\u021bional urmat de un moment de rug\u0103ciune Tedeum celebrat ... [Read more...]","og_url":"https:\/\/www.protopopiatebn.ro\/index.php\/2023\/12\/01\/participare-greco-catolica-la-manifestarile-de-ziua-nationala-la-beclean-si-bistrita-1-decembrie-2023\/","og_site_name":"PROTOPOPIATELE GRECO-CATOLICE BECLEAN, BISTRI\u021aA \u0218I RODNA","article_published_time":"2023-12-01T16:47:33+00:00","article_modified_time":"2023-12-13T21:02:10+00:00","og_image":[{"url":"https:\/\/www.protopopiatebn.ro\/wp-content\/uploads\/2023\/12\/1-Decembrie-parada-Ziua-Nationala_24-1.jpg","type":"","width":"","height":""}],"author":"media","twitter_card":"summary_large_image","twitter_misc":{"Scris de":"media","Timp estimat pentru citire":"4 minute"},"schema":{"@context":"https:\/\/schema.org","@graph":[{"@type":"Article","@id":"https:\/\/www.protopopiatebn.ro\/index.php\/2023\/12\/01\/participare-greco-catolica-la-manifestarile-de-ziua-nationala-la-beclean-si-bistrita-1-decembrie-2023\/#article","isPartOf":{"@id":"https:\/\/www.protopopiatebn.ro\/index.php\/2023\/12\/01\/participare-greco-catolica-la-manifestarile-de-ziua-nationala-la-beclean-si-bistrita-1-decembrie-2023\/"},"author":{"name":"media","@id":"https:\/\/www.protopopiatebn.ro\/#\/schema\/person\/197df79e4c7a10df5e789cc6657cf4b6"},"headline":"Participare greco-catolic\u0103 la manifest\u0103rile de Ziua Na\u021bional\u0103 la Beclean \u0219i Bistri\u021ba 1 Decembrie 2023","datePublished":"2023-12-01T16:47:33+00:00","dateModified":"2023-12-13T21:02:10+00:00","mainEntityOfPage":{"@id":"https:\/\/www.protopopiatebn.ro\/index.php\/2023\/12\/01\/participare-greco-catolica-la-manifestarile-de-ziua-nationala-la-beclean-si-bistrita-1-decembrie-2023\/"},"wordCount":498,"commentCount":0,"image":{"@id":"https:\/\/www.protopopiatebn.ro\/index.php\/2023\/12\/01\/participare-greco-catolica-la-manifestarile-de-ziua-nationala-la-beclean-si-bistrita-1-decembrie-2023\/#primaryimage"},"thumbnailUrl":"https:\/\/www.protopopiatebn.ro\/wp-content\/uploads\/2023\/12\/1-Decembrie-parada-Ziua-Nationala_24-1.jpg","articleSection":["Uncategorized"],"inLanguage":"ro-RO","potentialAction":[{"@type":"CommentAction","name":"Comment","target":["https:\/\/www.protopopiatebn.ro\/index.php\/2023\/12\/01\/participare-greco-catolica-la-manifestarile-de-ziua-nationala-la-beclean-si-bistrita-1-decembrie-2023\/#respond"]}]},{"@type":"WebPage","@id":"https:\/\/www.protopopiatebn.ro\/index.php\/2023\/12\/01\/participare-greco-catolica-la-manifestarile-de-ziua-nationala-la-beclean-si-bistrita-1-decembrie-2023\/","url":"https:\/\/www.protopopiatebn.ro\/index.php\/2023\/12\/01\/participare-greco-catolica-la-manifestarile-de-ziua-nationala-la-beclean-si-bistrita-1-decembrie-2023\/","name":"Participare greco-catolic\u0103 la manifest\u0103rile de Ziua Na\u021bional\u0103 la Beclean \u0219i Bistri\u021ba 1 Decembrie 2023 - PROTOPOPIATELE GRECO-CATOLICE BECLEAN, BISTRI\u021aA \u0218I RODNA","isPartOf":{"@id":"https:\/\/www.protopopiatebn.ro\/#website"},"primaryImageOfPage":{"@id":"https:\/\/www.protopopiatebn.ro\/index.php\/2023\/12\/01\/participare-greco-catolica-la-manifestarile-de-ziua-nationala-la-beclean-si-bistrita-1-decembrie-2023\/#primaryimage"},"image":{"@id":"https:\/\/www.protopopiatebn.ro\/index.php\/2023\/12\/01\/participare-greco-catolica-la-manifestarile-de-ziua-nationala-la-beclean-si-bistrita-1-decembrie-2023\/#primaryimage"},"thumbnailUrl":"https:\/\/www.protopopiatebn.ro\/wp-content\/uploads\/2023\/12\/1-Decembrie-parada-Ziua-Nationala_24-1.jpg","datePublished":"2023-12-01T16:47:33+00:00","dateModified":"2023-12-13T21:02:10+00:00","author":{"@id":"https:\/\/www.protopopiatebn.ro\/#\/schema\/person\/197df79e4c7a10df5e789cc6657cf4b6"},"breadcrumb":{"@id":"https:\/\/www.protopopiatebn.ro\/index.php\/2023\/12\/01\/participare-greco-catolica-la-manifestarile-de-ziua-nationala-la-beclean-si-bistrita-1-decembrie-2023\/#breadcrumb"},"inLanguage":"ro-RO","potentialAction":[{"@type":"ReadAction","target":["https:\/\/www.protopopiatebn.ro\/index.php\/2023\/12\/01\/participare-greco-catolica-la-manifestarile-de-ziua-nationala-la-beclean-si-bistrita-1-decembrie-2023\/"]}]},{"@type":"ImageObject","inLanguage":"ro-RO","@id":"https:\/\/www.protopopiatebn.ro\/index.php\/2023\/12\/01\/participare-greco-catolica-la-manifestarile-de-ziua-nationala-la-beclean-si-bistrita-1-decembrie-2023\/#primaryimage","url":"https:\/\/www.protopopiatebn.ro\/wp-content\/uploads\/2023\/12\/1-Decembrie-parada-Ziua-Nationala_24-1.jpg","contentUrl":"https:\/\/www.protopopiatebn.ro\/wp-content\/uploads\/2023\/12\/1-Decembrie-parada-Ziua-Nationala_24-1.jpg","width":800,"height":533},{"@type":"BreadcrumbList","@id":"https:\/\/www.protopopiatebn.ro\/index.php\/2023\/12\/01\/participare-greco-catolica-la-manifestarile-de-ziua-nationala-la-beclean-si-bistrita-1-decembrie-2023\/#breadcrumb","itemListElement":[{"@type":"ListItem","position":1,"name":"Home","item":"https:\/\/www.protopopiatebn.ro\/"},{"@type":"ListItem","position":2,"name":"Participare greco-catolic\u0103 la manifest\u0103rile de Ziua Na\u021bional\u0103 la Beclean \u0219i Bistri\u021ba 1 Decembrie 2023"}]},{"@type":"WebSite","@id":"https:\/\/www.protopopiatebn.ro\/#website","url":"https:\/\/www.protopopiatebn.ro\/","name":"PROTOPOPIATELE GRECO-CATOLICE BECLEAN, BISTRI\u021aA \u0218I RODNA","description":"","potentialAction":[{"@type":"SearchAction","target":{"@type":"EntryPoint","urlTemplate":"https:\/\/www.protopopiatebn.ro\/?s={search_term_string}"},"query-input":{"@type":"PropertyValueSpecification","valueRequired":true,"valueName":"search_term_string"}}],"inLanguage":"ro-RO"},{"@type":"Person","@id":"https:\/\/www.protopopiatebn.ro\/#\/schema\/person\/197df79e4c7a10df5e789cc6657cf4b6","name":"media","image":{"@type":"ImageObject","inLanguage":"ro-RO","@id":"https:\/\/secure.gravatar.com\/avatar\/04cd0dc906eda4d18642465bdfac0c5e44dc1c0aee2c6e9ddadbbd2294e96fe6?s=96&d=mm&r=g","url":"https:\/\/secure.gravatar.com\/avatar\/04cd0dc906eda4d18642465bdfac0c5e44dc1c0aee2c6e9ddadbbd2294e96fe6?s=96&d=mm&r=g","contentUrl":"https:\/\/secure.gravatar.com\/avatar\/04cd0dc906eda4d18642465bdfac0c5e44dc1c0aee2c6e9ddadbbd2294e96fe6?s=96&d=mm&r=g","caption":"media"},"sameAs":["http:\/\/www.protopopiatebn.ro"],"url":"https:\/\/www.protopopiatebn.ro\/index.php\/author\/protos\/"}]}},"_links":{"self":[{"href":"https:\/\/www.protopopiatebn.ro\/index.php\/wp-json\/wp\/v2\/posts\/644","targetHints":{"allow":["GET"]}}],"collection":[{"href":"https:\/\/www.protopopiatebn.ro\/index.php\/wp-json\/wp\/v2\/posts"}],"about":[{"href":"https:\/\/www.protopopiatebn.ro\/index.php\/wp-json\/wp\/v2\/types\/post"}],"author":[{"embeddable":true,"href":"https:\/\/www.protopopiatebn.ro\/index.php\/wp-json\/wp\/v2\/users\/3"}],"replies":[{"embeddable":true,"href":"https:\/\/www.protopopiatebn.ro\/index.php\/wp-json\/wp\/v2\/comments?post=644"}],"version-history":[{"count":5,"href":"https:\/\/www.protopopiatebn.ro\/index.php\/wp-json\/wp\/v2\/posts\/644\/revisions"}],"predecessor-version":[{"id":660,"href":"https:\/\/www.protopopiatebn.ro\/index.php\/wp-json\/wp\/v2\/posts\/644\/revisions\/660"}],"wp:attachment":[{"href":"https:\/\/www.protopopiatebn.ro\/index.php\/wp-json\/wp\/v2\/media?parent=644"}],"wp:term":[{"taxonomy":"category","embeddable":true,"href":"https:\/\/www.protopopiatebn.ro\/index.php\/wp-json\/wp\/v2\/categories?post=644"},{"taxonomy":"post_tag","embeddable":true,"href":"https:\/\/www.protopopiatebn.ro\/index.php\/wp-json\/wp\/v2\/tags?post=644"}],"curies":[{"name":"wp","href":"https:\/\/api.w.org\/{rel}","templated":true}]}}