{"id":594,"date":"2023-11-12T20:52:58","date_gmt":"2023-11-12T18:52:58","guid":{"rendered":"https:\/\/www.protopopiatebn.ro\/?p=594"},"modified":"2024-07-06T16:35:52","modified_gmt":"2024-07-06T14:35:52","slug":"vizite-pastorale-in-parohiile-tarlisua-si-agries","status":"publish","type":"post","link":"https:\/\/www.protopopiatebn.ro\/index.php\/2023\/11\/12\/vizite-pastorale-in-parohiile-tarlisua-si-agries\/","title":{"rendered":"Celebr\u0103ri liturgice \u00een Parohiile T\u00e2rli\u0219ua \u0219i Agrie\u0219"},"content":{"rendered":"<p><img loading=\"lazy\" decoding=\"async\" class=\"size-large wp-image-600 aligncenter\" src=\"https:\/\/www.protopopiatebn.ro\/wp-content\/uploads\/2023\/11\/image00022-1024x768.jpeg\" alt=\"\" width=\"700\" height=\"525\" srcset=\"https:\/\/www.protopopiatebn.ro\/wp-content\/uploads\/2023\/11\/image00022-1024x768.jpeg 1024w, https:\/\/www.protopopiatebn.ro\/wp-content\/uploads\/2023\/11\/image00022-300x225.jpeg 300w, https:\/\/www.protopopiatebn.ro\/wp-content\/uploads\/2023\/11\/image00022-768x576.jpeg 768w, https:\/\/www.protopopiatebn.ro\/wp-content\/uploads\/2023\/11\/image00022-1536x1152.jpeg 1536w, https:\/\/www.protopopiatebn.ro\/wp-content\/uploads\/2023\/11\/image00022-2048x1536.jpeg 2048w\" sizes=\"auto, (max-width: 700px) 100vw, 700px\" \/><\/p>\n<p>Duminica a XXV-a dup\u0103 Rusalii, a \u201eSamariteanului milostiv\u201d, a reprezentat un moment aparte pentru membrii comunit\u0103\u021bilor din Parohia Greco-Catolic\u0103 din T\u00e2rli\u0219ua \u0219i Parohia Greco-Catolic\u0103 din Agrie\u0219, prin celebrarea Sfintei \u0219i Dumnezeie\u0219tii liturghii s\u0103v\u00e2r\u0219it\u0103 de p\u0103rintele pr. Cristian Goia, protopop de Bistri\u021ba, Beclean \u0219i Rodna.<\/p>\n<p>Primul popas al p\u0103rintelui Protopop a fost \u00een parohia T\u00e2rli\u0219ua, satul unde s-a n\u0103scut marele prozator \u0219i dramaturg Liviu Rebreanu, unul din marii scriitori ai secolului al XX-lea. \u00cen cuv\u00e2ntul de \u00eenv\u0103\u021b\u0103tur\u0103, p\u0103rintele protopop a vorbit despre p\u0103catul omisiunii, al indiferen\u021bei. Preotul \u0219i Levitul din Evanghelie au comis acest p\u0103cat. De multe ori \u0219i noi reprezent\u0103m aceste personaje: suntem indiferen\u021bi cu cei de l\u00e2ng\u0103 noi, cu un om s\u0103rman, un om bolnav. De aceea, suntem chema\u021bi s\u0103 ie\u0219im din propria comoditate \u0219i s\u0103 ajut\u0103m pe cei afla\u021bi \u00een suferin\u021be, amintindu-ne de cuvintele M\u00e2ntuitorului care zice: \u201eAdev\u0103rat v\u0103 spun c\u0103, ori de c\u00e2te ori a\u0163i f\u0103cut a\u015fa unora dintre cei mai ne\u00eensemna\u0163i dintre ace\u015fti fra\u0163i ai Mei, Mie Mi-a\u0163i f\u0103cut!\u201d(Mt 25, 40). La final, p\u0103rintele \u0219i-a exprimat bucuria revederii cu devotata comunitate de la poalele mun\u021bilor \u021aible\u0219ului.<\/p>\n<p>Al doilea popas al p\u0103rintelui Protopop a fost \u00een parohia Agrie\u0219, unde frumoasa \u0219i primitoarea bisericu\u021b\u0103 de lemn se \u00eembina perfect cu atmosfera \u0219i culorile toamnei. P\u0103rintele a salutat cu c\u0103ldur\u0103 frumoasa comunitate plin\u0103 de credin\u021b\u0103 autentic\u0103. Tema predicii de la Sf\u00e2nta Liturghie a fost \u201eCine este aproapele meu\u201d? De multe ori ne punem aceast\u0103 \u00eentrebare. Fiecare dintre noi punem limite c\u00e2nd ne raport\u0103m la aproapele. Pentru poporul evreu, samaritenii nu reprezentau aproapele. Samaritenii erau marginaliza\u021bi de evrei. M\u00e2ntuitorul ne spune clar: oricine este aproapele meu. Oricine \u00een nevoie, oricine ne iese \u00een cale \u00eent\u00e2mpl\u0103tor. Pentru Cristos, oricine era aproapele. Noi, \u00een calitate de cre\u0219tini, trebuie s\u0103 ne \u00eentreb\u0103m: cui pot eu s\u0103 \u00eei fiu aproape. Dup\u0103 Sf\u00e2nta Liturghie, p\u0103rintele protopop Cristian Goia a celebrat un parastas pentru sufletul unui credincios din parohie. Mul\u021bumim Bunului Dumnezeu pentru aceast\u0103 zi de har \u00een comuniune de rug\u0103ciune cu credincio\u0219ii din cele dou\u0103 parohii.<\/p>\n<p style=\"text-align: right;\">a consemnat Darius Tegla\u0219<\/p>\n<h3><a href=\"https:\/\/photos.app.goo.gl\/Ph61Y2THGvN13hv57\"><strong>POZE T\u00c2RLI\u0218UA<\/strong><\/a> \u00a0\u00a0\u00a0\u00a0 <a href=\"https:\/\/protopopiatebn.ro\/turtarlisua.html\">TUR VIRTUAL BISERICA GRECO-CATOLIC\u0102 T\u00c2RLI\u0218UA<\/a><\/h3>\n<h3><strong><a href=\"https:\/\/photos.app.goo.gl\/GeKXFoyVdVBuzgB98\">POZE AGRIE\u0218<\/a> \u00a0 \u00a0 \u00a0 \u00a0 \u00a0 <\/strong>\u00a0 <a href=\"https:\/\/protopopiatebn.ro\/turagries.html\">TUR VIRTUAL BISERICA GRECO-CATOLIC\u0102 AGRIE\u0218<\/a><\/h3>\n","protected":false},"excerpt":{"rendered":"<p>Duminica a XXV-a dup\u0103 Rusalii, a \u201eSamariteanului milostiv\u201d, a reprezentat un moment aparte pentru membrii comunit\u0103\u021bilor din Parohia Greco-Catolic\u0103 din T\u00e2rli\u0219ua \u0219i Parohia Greco-Catolic\u0103 din Agrie\u0219, prin celebrarea Sfintei \u0219i Dumnezeie\u0219tii liturghii s\u0103v\u00e2r\u0219it\u0103 de p\u0103rintele pr. Cristian Goia, protopop de Bistri\u021ba, Beclean \u0219i Rodna. Primul popas al p\u0103rintelui Protopop a fost \u00een parohia T\u00e2rli\u0219ua, satul &#8230; <span class=\"more\"><a class=\"more-link\" href=\"https:\/\/www.protopopiatebn.ro\/index.php\/2023\/11\/12\/vizite-pastorale-in-parohiile-tarlisua-si-agries\/\">[Read more&#8230;]<\/a><\/span><\/p>\n","protected":false},"author":3,"featured_media":0,"comment_status":"open","ping_status":"open","sticky":false,"template":"","format":"standard","meta":{"footnotes":""},"categories":[1],"tags":[],"class_list":{"0":"entry","1":"post","2":"publish","3":"author-protos","4":"post-594","6":"format-standard","7":"category-uncategorized"},"yoast_head":"<!-- This site is optimized with the Yoast SEO plugin v27.5 - https:\/\/yoast.com\/product\/yoast-seo-wordpress\/ -->\n<title>Celebr\u0103ri liturgice \u00een Parohiile T\u00e2rli\u0219ua \u0219i Agrie\u0219 - PROTOPOPIATELE GRECO-CATOLICE BECLEAN, BISTRI\u021aA \u0218I RODNA<\/title>\n<meta name=\"robots\" content=\"index, follow, max-snippet:-1, max-image-preview:large, max-video-preview:-1\" \/>\n<link rel=\"canonical\" href=\"https:\/\/www.protopopiatebn.ro\/index.php\/2023\/11\/12\/vizite-pastorale-in-parohiile-tarlisua-si-agries\/\" \/>\n<meta property=\"og:locale\" content=\"ro_RO\" \/>\n<meta property=\"og:type\" content=\"article\" \/>\n<meta property=\"og:title\" content=\"Celebr\u0103ri liturgice \u00een Parohiile T\u00e2rli\u0219ua \u0219i Agrie\u0219 - PROTOPOPIATELE GRECO-CATOLICE BECLEAN, BISTRI\u021aA \u0218I RODNA\" \/>\n<meta property=\"og:description\" content=\"Duminica a XXV-a dup\u0103 Rusalii, a \u201eSamariteanului milostiv\u201d, a reprezentat un moment aparte pentru membrii comunit\u0103\u021bilor din Parohia Greco-Catolic\u0103 din T\u00e2rli\u0219ua \u0219i Parohia Greco-Catolic\u0103 din Agrie\u0219, prin celebrarea Sfintei \u0219i Dumnezeie\u0219tii liturghii s\u0103v\u00e2r\u0219it\u0103 de p\u0103rintele pr. Cristian Goia, protopop de Bistri\u021ba, Beclean \u0219i Rodna. Primul popas al p\u0103rintelui Protopop a fost \u00een parohia T\u00e2rli\u0219ua, satul ... [Read more...]\" \/>\n<meta property=\"og:url\" content=\"https:\/\/www.protopopiatebn.ro\/index.php\/2023\/11\/12\/vizite-pastorale-in-parohiile-tarlisua-si-agries\/\" \/>\n<meta property=\"og:site_name\" content=\"PROTOPOPIATELE GRECO-CATOLICE BECLEAN, BISTRI\u021aA \u0218I RODNA\" \/>\n<meta property=\"article:published_time\" content=\"2023-11-12T18:52:58+00:00\" \/>\n<meta property=\"article:modified_time\" content=\"2024-07-06T14:35:52+00:00\" \/>\n<meta property=\"og:image\" content=\"https:\/\/www.protopopiatebn.ro\/wp-content\/uploads\/2023\/11\/image00022-1024x768.jpeg\" \/>\n<meta name=\"author\" content=\"media\" \/>\n<meta name=\"twitter:card\" content=\"summary_large_image\" \/>\n<meta name=\"twitter:label1\" content=\"Scris de\" \/>\n\t<meta name=\"twitter:data1\" content=\"media\" \/>\n\t<meta name=\"twitter:label2\" content=\"Timp estimat pentru citire\" \/>\n\t<meta name=\"twitter:data2\" content=\"3 minute\" \/>\n<script type=\"application\/ld+json\" class=\"yoast-schema-graph\">{\"@context\":\"https:\\\/\\\/schema.org\",\"@graph\":[{\"@type\":\"Article\",\"@id\":\"https:\\\/\\\/www.protopopiatebn.ro\\\/index.php\\\/2023\\\/11\\\/12\\\/vizite-pastorale-in-parohiile-tarlisua-si-agries\\\/#article\",\"isPartOf\":{\"@id\":\"https:\\\/\\\/www.protopopiatebn.ro\\\/index.php\\\/2023\\\/11\\\/12\\\/vizite-pastorale-in-parohiile-tarlisua-si-agries\\\/\"},\"author\":{\"name\":\"media\",\"@id\":\"https:\\\/\\\/www.protopopiatebn.ro\\\/#\\\/schema\\\/person\\\/197df79e4c7a10df5e789cc6657cf4b6\"},\"headline\":\"Celebr\u0103ri liturgice \u00een Parohiile T\u00e2rli\u0219ua \u0219i Agrie\u0219\",\"datePublished\":\"2023-11-12T18:52:58+00:00\",\"dateModified\":\"2024-07-06T14:35:52+00:00\",\"mainEntityOfPage\":{\"@id\":\"https:\\\/\\\/www.protopopiatebn.ro\\\/index.php\\\/2023\\\/11\\\/12\\\/vizite-pastorale-in-parohiile-tarlisua-si-agries\\\/\"},\"wordCount\":422,\"commentCount\":0,\"image\":{\"@id\":\"https:\\\/\\\/www.protopopiatebn.ro\\\/index.php\\\/2023\\\/11\\\/12\\\/vizite-pastorale-in-parohiile-tarlisua-si-agries\\\/#primaryimage\"},\"thumbnailUrl\":\"https:\\\/\\\/www.protopopiatebn.ro\\\/wp-content\\\/uploads\\\/2023\\\/11\\\/image00022-1024x768.jpeg\",\"articleSection\":[\"Uncategorized\"],\"inLanguage\":\"ro-RO\",\"potentialAction\":[{\"@type\":\"CommentAction\",\"name\":\"Comment\",\"target\":[\"https:\\\/\\\/www.protopopiatebn.ro\\\/index.php\\\/2023\\\/11\\\/12\\\/vizite-pastorale-in-parohiile-tarlisua-si-agries\\\/#respond\"]}]},{\"@type\":\"WebPage\",\"@id\":\"https:\\\/\\\/www.protopopiatebn.ro\\\/index.php\\\/2023\\\/11\\\/12\\\/vizite-pastorale-in-parohiile-tarlisua-si-agries\\\/\",\"url\":\"https:\\\/\\\/www.protopopiatebn.ro\\\/index.php\\\/2023\\\/11\\\/12\\\/vizite-pastorale-in-parohiile-tarlisua-si-agries\\\/\",\"name\":\"Celebr\u0103ri liturgice \u00een Parohiile T\u00e2rli\u0219ua \u0219i Agrie\u0219 - PROTOPOPIATELE GRECO-CATOLICE BECLEAN, BISTRI\u021aA \u0218I RODNA\",\"isPartOf\":{\"@id\":\"https:\\\/\\\/www.protopopiatebn.ro\\\/#website\"},\"primaryImageOfPage\":{\"@id\":\"https:\\\/\\\/www.protopopiatebn.ro\\\/index.php\\\/2023\\\/11\\\/12\\\/vizite-pastorale-in-parohiile-tarlisua-si-agries\\\/#primaryimage\"},\"image\":{\"@id\":\"https:\\\/\\\/www.protopopiatebn.ro\\\/index.php\\\/2023\\\/11\\\/12\\\/vizite-pastorale-in-parohiile-tarlisua-si-agries\\\/#primaryimage\"},\"thumbnailUrl\":\"https:\\\/\\\/www.protopopiatebn.ro\\\/wp-content\\\/uploads\\\/2023\\\/11\\\/image00022-1024x768.jpeg\",\"datePublished\":\"2023-11-12T18:52:58+00:00\",\"dateModified\":\"2024-07-06T14:35:52+00:00\",\"author\":{\"@id\":\"https:\\\/\\\/www.protopopiatebn.ro\\\/#\\\/schema\\\/person\\\/197df79e4c7a10df5e789cc6657cf4b6\"},\"breadcrumb\":{\"@id\":\"https:\\\/\\\/www.protopopiatebn.ro\\\/index.php\\\/2023\\\/11\\\/12\\\/vizite-pastorale-in-parohiile-tarlisua-si-agries\\\/#breadcrumb\"},\"inLanguage\":\"ro-RO\",\"potentialAction\":[{\"@type\":\"ReadAction\",\"target\":[\"https:\\\/\\\/www.protopopiatebn.ro\\\/index.php\\\/2023\\\/11\\\/12\\\/vizite-pastorale-in-parohiile-tarlisua-si-agries\\\/\"]}]},{\"@type\":\"ImageObject\",\"inLanguage\":\"ro-RO\",\"@id\":\"https:\\\/\\\/www.protopopiatebn.ro\\\/index.php\\\/2023\\\/11\\\/12\\\/vizite-pastorale-in-parohiile-tarlisua-si-agries\\\/#primaryimage\",\"url\":\"https:\\\/\\\/www.protopopiatebn.ro\\\/wp-content\\\/uploads\\\/2023\\\/11\\\/image00022-scaled.jpeg\",\"contentUrl\":\"https:\\\/\\\/www.protopopiatebn.ro\\\/wp-content\\\/uploads\\\/2023\\\/11\\\/image00022-scaled.jpeg\",\"width\":2560,\"height\":1920},{\"@type\":\"BreadcrumbList\",\"@id\":\"https:\\\/\\\/www.protopopiatebn.ro\\\/index.php\\\/2023\\\/11\\\/12\\\/vizite-pastorale-in-parohiile-tarlisua-si-agries\\\/#breadcrumb\",\"itemListElement\":[{\"@type\":\"ListItem\",\"position\":1,\"name\":\"Home\",\"item\":\"https:\\\/\\\/www.protopopiatebn.ro\\\/\"},{\"@type\":\"ListItem\",\"position\":2,\"name\":\"Celebr\u0103ri liturgice \u00een Parohiile T\u00e2rli\u0219ua \u0219i Agrie\u0219\"}]},{\"@type\":\"WebSite\",\"@id\":\"https:\\\/\\\/www.protopopiatebn.ro\\\/#website\",\"url\":\"https:\\\/\\\/www.protopopiatebn.ro\\\/\",\"name\":\"PROTOPOPIATELE GRECO-CATOLICE BECLEAN, BISTRI\u021aA \u0218I RODNA\",\"description\":\"\",\"potentialAction\":[{\"@type\":\"SearchAction\",\"target\":{\"@type\":\"EntryPoint\",\"urlTemplate\":\"https:\\\/\\\/www.protopopiatebn.ro\\\/?s={search_term_string}\"},\"query-input\":{\"@type\":\"PropertyValueSpecification\",\"valueRequired\":true,\"valueName\":\"search_term_string\"}}],\"inLanguage\":\"ro-RO\"},{\"@type\":\"Person\",\"@id\":\"https:\\\/\\\/www.protopopiatebn.ro\\\/#\\\/schema\\\/person\\\/197df79e4c7a10df5e789cc6657cf4b6\",\"name\":\"media\",\"image\":{\"@type\":\"ImageObject\",\"inLanguage\":\"ro-RO\",\"@id\":\"https:\\\/\\\/secure.gravatar.com\\\/avatar\\\/04cd0dc906eda4d18642465bdfac0c5e44dc1c0aee2c6e9ddadbbd2294e96fe6?s=96&d=mm&r=g\",\"url\":\"https:\\\/\\\/secure.gravatar.com\\\/avatar\\\/04cd0dc906eda4d18642465bdfac0c5e44dc1c0aee2c6e9ddadbbd2294e96fe6?s=96&d=mm&r=g\",\"contentUrl\":\"https:\\\/\\\/secure.gravatar.com\\\/avatar\\\/04cd0dc906eda4d18642465bdfac0c5e44dc1c0aee2c6e9ddadbbd2294e96fe6?s=96&d=mm&r=g\",\"caption\":\"media\"},\"sameAs\":[\"http:\\\/\\\/www.protopopiatebn.ro\"],\"url\":\"https:\\\/\\\/www.protopopiatebn.ro\\\/index.php\\\/author\\\/protos\\\/\"}]}<\/script>\n<!-- \/ Yoast SEO plugin. -->","yoast_head_json":{"title":"Celebr\u0103ri liturgice \u00een Parohiile T\u00e2rli\u0219ua \u0219i Agrie\u0219 - PROTOPOPIATELE GRECO-CATOLICE BECLEAN, BISTRI\u021aA \u0218I RODNA","robots":{"index":"index","follow":"follow","max-snippet":"max-snippet:-1","max-image-preview":"max-image-preview:large","max-video-preview":"max-video-preview:-1"},"canonical":"https:\/\/www.protopopiatebn.ro\/index.php\/2023\/11\/12\/vizite-pastorale-in-parohiile-tarlisua-si-agries\/","og_locale":"ro_RO","og_type":"article","og_title":"Celebr\u0103ri liturgice \u00een Parohiile T\u00e2rli\u0219ua \u0219i Agrie\u0219 - PROTOPOPIATELE GRECO-CATOLICE BECLEAN, BISTRI\u021aA \u0218I RODNA","og_description":"Duminica a XXV-a dup\u0103 Rusalii, a \u201eSamariteanului milostiv\u201d, a reprezentat un moment aparte pentru membrii comunit\u0103\u021bilor din Parohia Greco-Catolic\u0103 din T\u00e2rli\u0219ua \u0219i Parohia Greco-Catolic\u0103 din Agrie\u0219, prin celebrarea Sfintei \u0219i Dumnezeie\u0219tii liturghii s\u0103v\u00e2r\u0219it\u0103 de p\u0103rintele pr. Cristian Goia, protopop de Bistri\u021ba, Beclean \u0219i Rodna. Primul popas al p\u0103rintelui Protopop a fost \u00een parohia T\u00e2rli\u0219ua, satul ... [Read more...]","og_url":"https:\/\/www.protopopiatebn.ro\/index.php\/2023\/11\/12\/vizite-pastorale-in-parohiile-tarlisua-si-agries\/","og_site_name":"PROTOPOPIATELE GRECO-CATOLICE BECLEAN, BISTRI\u021aA \u0218I RODNA","article_published_time":"2023-11-12T18:52:58+00:00","article_modified_time":"2024-07-06T14:35:52+00:00","og_image":[{"url":"https:\/\/www.protopopiatebn.ro\/wp-content\/uploads\/2023\/11\/image00022-1024x768.jpeg","type":"","width":"","height":""}],"author":"media","twitter_card":"summary_large_image","twitter_misc":{"Scris de":"media","Timp estimat pentru citire":"3 minute"},"schema":{"@context":"https:\/\/schema.org","@graph":[{"@type":"Article","@id":"https:\/\/www.protopopiatebn.ro\/index.php\/2023\/11\/12\/vizite-pastorale-in-parohiile-tarlisua-si-agries\/#article","isPartOf":{"@id":"https:\/\/www.protopopiatebn.ro\/index.php\/2023\/11\/12\/vizite-pastorale-in-parohiile-tarlisua-si-agries\/"},"author":{"name":"media","@id":"https:\/\/www.protopopiatebn.ro\/#\/schema\/person\/197df79e4c7a10df5e789cc6657cf4b6"},"headline":"Celebr\u0103ri liturgice \u00een Parohiile T\u00e2rli\u0219ua \u0219i Agrie\u0219","datePublished":"2023-11-12T18:52:58+00:00","dateModified":"2024-07-06T14:35:52+00:00","mainEntityOfPage":{"@id":"https:\/\/www.protopopiatebn.ro\/index.php\/2023\/11\/12\/vizite-pastorale-in-parohiile-tarlisua-si-agries\/"},"wordCount":422,"commentCount":0,"image":{"@id":"https:\/\/www.protopopiatebn.ro\/index.php\/2023\/11\/12\/vizite-pastorale-in-parohiile-tarlisua-si-agries\/#primaryimage"},"thumbnailUrl":"https:\/\/www.protopopiatebn.ro\/wp-content\/uploads\/2023\/11\/image00022-1024x768.jpeg","articleSection":["Uncategorized"],"inLanguage":"ro-RO","potentialAction":[{"@type":"CommentAction","name":"Comment","target":["https:\/\/www.protopopiatebn.ro\/index.php\/2023\/11\/12\/vizite-pastorale-in-parohiile-tarlisua-si-agries\/#respond"]}]},{"@type":"WebPage","@id":"https:\/\/www.protopopiatebn.ro\/index.php\/2023\/11\/12\/vizite-pastorale-in-parohiile-tarlisua-si-agries\/","url":"https:\/\/www.protopopiatebn.ro\/index.php\/2023\/11\/12\/vizite-pastorale-in-parohiile-tarlisua-si-agries\/","name":"Celebr\u0103ri liturgice \u00een Parohiile T\u00e2rli\u0219ua \u0219i Agrie\u0219 - PROTOPOPIATELE GRECO-CATOLICE BECLEAN, BISTRI\u021aA \u0218I RODNA","isPartOf":{"@id":"https:\/\/www.protopopiatebn.ro\/#website"},"primaryImageOfPage":{"@id":"https:\/\/www.protopopiatebn.ro\/index.php\/2023\/11\/12\/vizite-pastorale-in-parohiile-tarlisua-si-agries\/#primaryimage"},"image":{"@id":"https:\/\/www.protopopiatebn.ro\/index.php\/2023\/11\/12\/vizite-pastorale-in-parohiile-tarlisua-si-agries\/#primaryimage"},"thumbnailUrl":"https:\/\/www.protopopiatebn.ro\/wp-content\/uploads\/2023\/11\/image00022-1024x768.jpeg","datePublished":"2023-11-12T18:52:58+00:00","dateModified":"2024-07-06T14:35:52+00:00","author":{"@id":"https:\/\/www.protopopiatebn.ro\/#\/schema\/person\/197df79e4c7a10df5e789cc6657cf4b6"},"breadcrumb":{"@id":"https:\/\/www.protopopiatebn.ro\/index.php\/2023\/11\/12\/vizite-pastorale-in-parohiile-tarlisua-si-agries\/#breadcrumb"},"inLanguage":"ro-RO","potentialAction":[{"@type":"ReadAction","target":["https:\/\/www.protopopiatebn.ro\/index.php\/2023\/11\/12\/vizite-pastorale-in-parohiile-tarlisua-si-agries\/"]}]},{"@type":"ImageObject","inLanguage":"ro-RO","@id":"https:\/\/www.protopopiatebn.ro\/index.php\/2023\/11\/12\/vizite-pastorale-in-parohiile-tarlisua-si-agries\/#primaryimage","url":"https:\/\/www.protopopiatebn.ro\/wp-content\/uploads\/2023\/11\/image00022-scaled.jpeg","contentUrl":"https:\/\/www.protopopiatebn.ro\/wp-content\/uploads\/2023\/11\/image00022-scaled.jpeg","width":2560,"height":1920},{"@type":"BreadcrumbList","@id":"https:\/\/www.protopopiatebn.ro\/index.php\/2023\/11\/12\/vizite-pastorale-in-parohiile-tarlisua-si-agries\/#breadcrumb","itemListElement":[{"@type":"ListItem","position":1,"name":"Home","item":"https:\/\/www.protopopiatebn.ro\/"},{"@type":"ListItem","position":2,"name":"Celebr\u0103ri liturgice \u00een Parohiile T\u00e2rli\u0219ua \u0219i Agrie\u0219"}]},{"@type":"WebSite","@id":"https:\/\/www.protopopiatebn.ro\/#website","url":"https:\/\/www.protopopiatebn.ro\/","name":"PROTOPOPIATELE GRECO-CATOLICE BECLEAN, BISTRI\u021aA \u0218I RODNA","description":"","potentialAction":[{"@type":"SearchAction","target":{"@type":"EntryPoint","urlTemplate":"https:\/\/www.protopopiatebn.ro\/?s={search_term_string}"},"query-input":{"@type":"PropertyValueSpecification","valueRequired":true,"valueName":"search_term_string"}}],"inLanguage":"ro-RO"},{"@type":"Person","@id":"https:\/\/www.protopopiatebn.ro\/#\/schema\/person\/197df79e4c7a10df5e789cc6657cf4b6","name":"media","image":{"@type":"ImageObject","inLanguage":"ro-RO","@id":"https:\/\/secure.gravatar.com\/avatar\/04cd0dc906eda4d18642465bdfac0c5e44dc1c0aee2c6e9ddadbbd2294e96fe6?s=96&d=mm&r=g","url":"https:\/\/secure.gravatar.com\/avatar\/04cd0dc906eda4d18642465bdfac0c5e44dc1c0aee2c6e9ddadbbd2294e96fe6?s=96&d=mm&r=g","contentUrl":"https:\/\/secure.gravatar.com\/avatar\/04cd0dc906eda4d18642465bdfac0c5e44dc1c0aee2c6e9ddadbbd2294e96fe6?s=96&d=mm&r=g","caption":"media"},"sameAs":["http:\/\/www.protopopiatebn.ro"],"url":"https:\/\/www.protopopiatebn.ro\/index.php\/author\/protos\/"}]}},"_links":{"self":[{"href":"https:\/\/www.protopopiatebn.ro\/index.php\/wp-json\/wp\/v2\/posts\/594","targetHints":{"allow":["GET"]}}],"collection":[{"href":"https:\/\/www.protopopiatebn.ro\/index.php\/wp-json\/wp\/v2\/posts"}],"about":[{"href":"https:\/\/www.protopopiatebn.ro\/index.php\/wp-json\/wp\/v2\/types\/post"}],"author":[{"embeddable":true,"href":"https:\/\/www.protopopiatebn.ro\/index.php\/wp-json\/wp\/v2\/users\/3"}],"replies":[{"embeddable":true,"href":"https:\/\/www.protopopiatebn.ro\/index.php\/wp-json\/wp\/v2\/comments?post=594"}],"version-history":[{"count":11,"href":"https:\/\/www.protopopiatebn.ro\/index.php\/wp-json\/wp\/v2\/posts\/594\/revisions"}],"predecessor-version":[{"id":933,"href":"https:\/\/www.protopopiatebn.ro\/index.php\/wp-json\/wp\/v2\/posts\/594\/revisions\/933"}],"wp:attachment":[{"href":"https:\/\/www.protopopiatebn.ro\/index.php\/wp-json\/wp\/v2\/media?parent=594"}],"wp:term":[{"taxonomy":"category","embeddable":true,"href":"https:\/\/www.protopopiatebn.ro\/index.php\/wp-json\/wp\/v2\/categories?post=594"},{"taxonomy":"post_tag","embeddable":true,"href":"https:\/\/www.protopopiatebn.ro\/index.php\/wp-json\/wp\/v2\/tags?post=594"}],"curies":[{"name":"wp","href":"https:\/\/api.w.org\/{rel}","templated":true}]}}