{"id":580,"date":"2023-10-23T22:48:55","date_gmt":"2023-10-23T20:48:55","guid":{"rendered":"https:\/\/www.protopopiatebn.ro\/?p=580"},"modified":"2024-01-31T09:25:46","modified_gmt":"2024-01-31T07:25:46","slug":"vizita-pastorala-a-ps-claudiu-in-parohia-sant-ziua-mondiala-a-misiunilor-22-octombrie-2023","status":"publish","type":"post","link":"https:\/\/www.protopopiatebn.ro\/index.php\/2023\/10\/23\/vizita-pastorala-a-ps-claudiu-in-parohia-sant-ziua-mondiala-a-misiunilor-22-octombrie-2023\/","title":{"rendered":"VIZIT\u0102 PASTORAL\u0102 A PS CLAUDIU \u00ceN PAROHIA \u0218AN\u021a, ZIUA MONDIAL\u0102 A MISIUNILOR, 22 OCTOMBRIE 2023"},"content":{"rendered":"<p style=\"text-align: center;\"><strong>VIZIT\u0102 PASTORAL\u0102 A PS CLAUDIU \u00ceN PAROHIA \u0218AN\u021a, ZIUA MONDIAL\u0102 A MISIUNILOR<\/strong><\/p>\n<div dir=\"auto\" style=\"text-align: center;\"><img loading=\"lazy\" decoding=\"async\" class=\"size-large wp-image-581 aligncenter\" src=\"https:\/\/www.protopopiatebn.ro\/wp-content\/uploads\/2023\/10\/IMG_7045-1024x683.jpg\" alt=\"\" width=\"700\" height=\"467\" srcset=\"https:\/\/www.protopopiatebn.ro\/wp-content\/uploads\/2023\/10\/IMG_7045-1024x683.jpg 1024w, https:\/\/www.protopopiatebn.ro\/wp-content\/uploads\/2023\/10\/IMG_7045-300x200.jpg 300w, https:\/\/www.protopopiatebn.ro\/wp-content\/uploads\/2023\/10\/IMG_7045-768x512.jpg 768w, https:\/\/www.protopopiatebn.ro\/wp-content\/uploads\/2023\/10\/IMG_7045-1536x1024.jpg 1536w, https:\/\/www.protopopiatebn.ro\/wp-content\/uploads\/2023\/10\/IMG_7045-2048x1365.jpg 2048w\" sizes=\"auto, (max-width: 700px) 100vw, 700px\" \/><\/div>\n<div dir=\"auto\"><\/div>\n<h2 class=\"xdj266r x11i5rnm xat24cr x1mh8g0r x1vvkbs x126k92a\" style=\"text-align: center;\">\u00a0Video (Sf\u00e2nta Liturghie)<\/h2>\n<div dir=\"auto\" style=\"text-align: center;\"><iframe loading=\"lazy\" title=\"YouTube video player\" src=\"https:\/\/www.youtube.com\/embed\/N4H-QVYmSVs?si=-mLLcgAAPyfx7jIn\" width=\"560\" height=\"315\" frameborder=\"0\" allowfullscreen=\"allowfullscreen\"><\/iframe><\/div>\n<h2 dir=\"auto\" style=\"text-align: center;\"><a href=\"https:\/\/photos.app.goo.gl\/44AxTrVBjGvKGSkAA\">ALBUM FOTO EVENIMENT<\/a><\/h2>\n<div class=\"x11i5rnm xat24cr x1mh8g0r x1vvkbs xtlvy1s x126k92a\">\n<div dir=\"auto\">Duminic\u0103, 22 octombrie 2023 &#8211; \u00een \u201ecea mai mare s\u0103rb\u0103toare\u201d \u0219i \u201ezi a \u00cenvierii\u201d &#8211; cum a numit fiecare duminic\u0103 Preasfin\u021bia Sa Claudiu, Episcopul de Cluj-Gherla, celebrarea Zilei Mondiale a Misiunilor a fost o s\u0103rb\u0103toare a vestirii cuv\u00e2ntului lui Dumnezeu \u0219i a prezen\u021bei Ierarhului \u00een Parohia Greco-Catolic\u0103 \u0218an\u021b, din Protopopiatul Rodna.<\/div>\n<\/div>\n<div class=\"x11i5rnm xat24cr x1mh8g0r x1vvkbs xtlvy1s x126k92a\">\n<div dir=\"auto\">Preasfin\u021bia Sa Claudiu a fost primit \u00een fa\u021ba bisericii parohiale, consacrat\u0103 Intr\u0103rii \u00een Templu a Maicii Domnului, de tineri cu p\u00e2ine \u0219i sare \u0219i de copii care i-au oferit flori. Ierarhul a fost salutat de preo\u021bi &#8211; cei mai mul\u021bi din Protopopiatul Rodna, \u00eempreun\u0103 cu pr. protopop Cristian Goia -, de studen\u021bi seminari\u0219ti din Cluj-Napoca, sosi\u021bi \u00eempreun\u0103 cu rectorul lor, pr. Marius Furtun\u0103, de persoane consacrate &#8211; surori ale Ordinului Sf\u00e2ntului Vasile cel Mare &#8211; \u0219i credincio\u0219i, oficialit\u0103\u021bi &#8211; \u00eentre care subprefectul jud. Bistri\u021ba-N\u0103s\u0103ud, Zegrean Ioan \u0219i primarul com. \u0218an\u021b, Marinel Forog\u0103u.<\/div>\n<\/div>\n<div class=\"x11i5rnm xat24cr x1mh8g0r x1vvkbs xtlvy1s x126k92a\">\n<div dir=\"auto\">Pr. Augustin Fl\u0103m\u00e2nd, preotul comunit\u0103\u021bii greco-catolice din loc. \u0218an\u021b a urat Ierarhului bun venit, \u201epe urmele marelui \u00cent\u00e2ist\u0103t\u0103tor Fericitul Iuliu Hossu, aici, la grani\u021ba eparhiei noastre, la poalele Mun\u021bilor Rodnei\u201d. Episcopul a salutat, m\u0103rturisind c\u0103, sosind la \u0218an\u021b, a admirat frumuse\u021bea crea\u021biei \u0219i a iubirii lui Dumnezeu.<\/div>\n<\/div>\n<div class=\"x11i5rnm xat24cr x1mh8g0r x1vvkbs xtlvy1s x126k92a\">\n<div dir=\"auto\">Dup\u0103 momentele de \u00eent\u00e2mpinare \u0219i salut, s-a intrat \u00een biseric\u0103, unde a fost celebrat\u0103 Sf\u00e2nta Liturghie a duminicii \u201eEliber\u0103rii demonizatului din \u021binutul Gherghesenilor\u201d. A diaconat dc. Ovidiu Mari\u0219ca, cancelar eparhial, de asemenea, au ajutat la celebrare \u0219i au dat r\u0103spunsurile liturgice studen\u021bi seminari\u0219ti.<\/div>\n<\/div>\n<div class=\"x11i5rnm xat24cr x1mh8g0r x1vvkbs xtlvy1s x126k92a\">\n<div dir=\"auto\">Biserica spa\u021bioas\u0103 a fost plin\u0103: pe l\u00e2ng\u0103 credincio\u0219i din \u0218an\u021b, au fost \u0219i din Maramure\u0219, din Beclean, din parohii \u00eenvecinate. \u00centre cei prezen\u021bi, dup\u0103 vechiul obicei din satele rom\u00e2ne\u0219ti, mul\u021bi purtau straie populare f\u0103urite cu m\u0103iestrie de m\u00e2n\u0103, cum \u00eenc\u0103 se obi\u0219nuie\u0219te pe aceste meleaguri ferite \u00een parte de practicile modernit\u0103\u021bii. De asemenea, \u00een biseric\u0103 s-au aflat mul\u021bi copii \u0219i ei \u00een costum popular.<\/div>\n<\/div>\n<div class=\"x11i5rnm xat24cr x1mh8g0r x1vvkbs xtlvy1s x126k92a\">\n<div dir=\"auto\">***<\/div>\n<div dir=\"auto\"><\/div>\n<div dir=\"auto\">\ud835\uddd6\ud835\ude02\ud835\ude03\u00e2\ud835\uddfb\ud835\ude01\ud835\ude02\ud835\uddf9 \ud835\uddf9\ud835\ude02\ud835\uddf6 \ud835\uddd7\ud835\ude02\ud835\uddfa\ud835\uddfb\ud835\uddf2\ud835\ude07\ud835\uddf2\ud835\ude02 \ud835\ude03\ud835\uddf2\ud835\ude00\ud835\ude01\ud835\uddf6\ud835\ude01 \ud835\uddf1\ud835\uddf2 \ud835\uddd8\ud835\uddfd\ud835\uddf6\ud835\ude00\ud835\uddf0\ud835\uddfc\ud835\uddfd\ud835\ude02\ud835\uddf9 \ud835\uddf2\ud835\uddfd\ud835\uddee\ud835\uddff\ud835\uddf5\ud835\uddf6\ud835\uddee\ud835\uddf9 \u00ee\ud835\uddfb \ud835\udde3\ud835\uddee\ud835\uddff\ud835\uddfc\ud835\uddf5\ud835\uddf6\ud835\uddee \u0218\ud835\uddee\ud835\uddfb\u021b, \ud835\udde3\ud835\uddff\ud835\uddfc\ud835\ude01\ud835\uddfc\ud835\uddfd\ud835\uddfc\ud835\uddfd\ud835\uddf6\ud835\uddee\ud835\ude01\ud835\ude02\ud835\uddf9 \ud835\udde5\ud835\uddfc\ud835\uddf1\ud835\uddfb\ud835\uddee &#8211; \ud835\uddd6\ud835\uddf2\ud835\uddf9\ud835\uddf2\ud835\uddef\ud835\uddff\ud835\uddee\ud835\uddff\ud835\uddf2\ud835\uddee \ud835\udded\ud835\uddf6\ud835\uddf9\ud835\uddf2\ud835\uddf6 \ud835\udde0\ud835\uddfc\ud835\uddfb\ud835\uddf1\ud835\uddf6\ud835\uddee\ud835\uddf9\ud835\uddf2 \ud835\uddee \ud835\udde0\ud835\uddf6\ud835\ude00\ud835\uddf6\ud835\ude02\ud835\uddfb\ud835\uddf6\ud835\uddf9\ud835\uddfc\ud835\uddff:<\/div>\n<div dir=\"auto\"><\/div>\n<div dir=\"auto\"><iframe loading=\"lazy\" title=\"YouTube video player\" src=\"https:\/\/www.youtube.com\/embed\/N4H-QVYmSVs?si=9aY1syqH7rsQqJFo&amp;start=1354\" width=\"560\" height=\"315\" frameborder=\"0\" allowfullscreen=\"allowfullscreen\"><\/iframe><\/div>\n<\/div>\n<div class=\"x11i5rnm xat24cr x1mh8g0r x1vvkbs xtlvy1s x126k92a\">\n<div dir=\"auto\">\u00cen cuv\u00e2ntul de \u00eenv\u0103\u021b\u0103tur\u0103, Preasfin\u021bia Sa Claudiu a invitat &#8211; mai ales \u00een aceast\u0103 zi \u00een care, la nivel mondial, \u00een Biseric\u0103 se celebreaz\u0103 Misiunile \u0219i activitatea misionar\u0103 &#8211; la con\u0219tientizarea darului \u0219i a iubirii lui Dumnezeu, \u201ecare ne-a scos din aceast\u0103 lume \u0219i ne-a trecut de la moarte la via\u021b\u0103\u201d, cu accent pe o expresie din lectura Apostolului, \u00een care se pomenea despre \u201ecov\u00e2r\u0219itoarea bog\u0103\u021bie a harului lui Dumnezeu\u201d.<\/div>\n<\/div>\n<div class=\"x11i5rnm xat24cr x1mh8g0r x1vvkbs xtlvy1s x126k92a\">\n<div dir=\"auto\">O \u201ecov\u00e2r\u0219itoare bog\u0103\u021bie\u201d, a explicat, pentru c\u0103 ceea ce aici pare normalitate, firescul vie\u021bii de zi cu zi &#8211; a veni la biseric\u0103, a participa la rug\u0103ciune, la Sf\u00e2nta Liturghie, a petrece timp cu familia, cu prietenii, \u00een alte p\u0103r\u021bi ale lumii nu este cu putin\u021b\u0103 f\u0103r\u0103 riscuri majore. Pentru c\u0103, a spus, \u201eexist\u0103 p\u0103r\u021bi \u00een aceast\u0103 lume, \u021b\u0103ri &#8211; \u0219tim de r\u0103zboiul din Ucraina, de cel din Israel &#8211; \u0219i multe alte locuri de pe acest p\u0103m\u00e2nt, \u00een care lumea nu poate face ceea ce noi facem\u201d. A dat un exemplu: \u201eSpunea cineva c\u0103 \u00een Orientul Mijlociu, cre\u0219tinii, c\u00e2nd ies de la Liturghie duminica, se salut\u0103 ca \u0219i cum s-ar fi \u00eent\u00e2lnit pentru ultima dat\u0103, fiindc\u0103 nu \u0219tiu dac\u0103 se vor mai vedea, nu \u0219tiu dac\u0103 vor mai tr\u0103i p\u00e2n\u0103 la urm\u0103toarea Sf\u00e2nt\u0103 Liturghie. Sunt oameni \u00een biserici care nu \u0219tiu dac\u0103 va c\u0103dea o rachet\u0103, sau o bomb\u0103, sau dac\u0103 va fi un atentat \u0219i \u00ee\u0219i vor pierde via\u021ba. Sunt oameni care \u00ee\u0219i tr\u0103iesc credin\u021ba ast\u0103zi, acum, \u00een felul acesta. G\u00e2ndi\u021bi-v\u0103 \u00een ce fel se \u00eencredin\u021beaz\u0103 lui Dumnezeu, \u00een ce fel urc\u0103 la cer rug\u0103ciunea lor, \u0219tiind c\u0103 depind clip\u0103 de clip\u0103 de harul lui Dumnezeu\u201d. De aceea, a invitat: \u201eS\u0103-I mul\u021bumim lui Dumnezeu c\u0103 respir\u0103m, c\u0103 ne putem mi\u0219ca, c\u0103 ne \u00eent\u00e2lnim familia, prietenii, fra\u021bi, surorile, c\u0103 ne putem bucura de o zi minunat\u0103\u201d.<\/div>\n<\/div>\n<div class=\"x11i5rnm xat24cr x1mh8g0r x1vvkbs xtlvy1s x126k92a\">\n<div dir=\"auto\">Iar aceast\u0103 duminic\u0103, \u201eeste o zi minunat\u0103 fiindc\u0103 \u00een Biserica Catolic\u0103 din toat\u0103 lumea se s\u0103rb\u0103tore\u0219te Ziua Misiunilor. Iar misiunea face referire la felul \u00een care Isus \u00eei trimite pe ucenici s\u0103 propov\u0103duiasc\u0103 cuv\u00e2ntul lui Dumnezeu, s\u0103 boteze oameni, s\u0103-i vindece, s\u0103-i elibereze de puterea celui r\u0103u\u201d.<\/div>\n<\/div>\n<div class=\"x11i5rnm xat24cr x1mh8g0r x1vvkbs xtlvy1s x126k92a\">\n<div dir=\"auto\">Ierarhul a mul\u021bumit tuturor preo\u021bilor \u201epentru misiunea pe care o fac zi de zi\u201d, aceea de a propov\u0103dui cuv\u00e2ntul lui Dumnezeu, pentru c\u0103, prin preo\u021bi, cuv\u00e2ntul lui Dumnezeu \u0219i harul lui Dumnezeu &#8211; \u201eacest har cov\u00e2r\u0219itor\u201d ajunge la to\u021bi credincio\u0219ii. \u0218i, \u201e\u00een acela\u0219i timp, sunt, tot \u00een aceste vremuri misionari care \u00ee\u0219i risc\u0103 via\u021ba, care tr\u0103iesc \u00een jungl\u0103 unde \u00eent\u00e2lnesc popoare \u00eenc\u0103 necre\u0219tinate \u0219i \u00eencearc\u0103 s\u0103 g\u0103seasc\u0103 o manier\u0103 de a le transmite cuv\u00e2ntul lui Dumnezeu\u201d. De aceea, Preasfin\u021bia Sa Claudiu a invitat la rug\u0103ciune pentru misionari, pentru cei care vestesc cuv\u00e2ntul lui Dumnezeu celor care nu l-au auzit \u00eenc\u0103. Dar, a continuat, misiunea de a propov\u0103dui este \u00eencredin\u021bat\u0103 tuturor: \u201eIsus cere tuturor s\u0103 vesteasc\u0103 cuv\u00e2ntul lui Dumnezeu celor care nu l-au auzit \u00eenc\u0103\u201d.<\/div>\n<\/div>\n<div class=\"x11i5rnm xat24cr x1mh8g0r x1vvkbs xtlvy1s x126k92a\">\n<div dir=\"auto\">O astfel de misiune, de a propov\u0103dui &#8211; \u00een evanghelia duminicii (Lc 8,26-39) -, Isus o \u00eencredin\u021beaz\u0103 omului pe care l-a eliberat, \u00eei spune: \u201e\u00eentoarce-te \u00een casa ta \u0219i poveste\u0219te c\u00e2t bine \u021bi-a f\u0103cut \u021bie Dumnezeu\u201d. Este misiunea \u00eencredin\u021bat\u0103 fiec\u0103rui cre\u0219tin \u0219i, mai mult, fiecare este chemat s\u0103-I mul\u021bumeasc\u0103 lui Dumnezeu. \u201eVia\u021ba noastr\u0103 s\u0103 fie o Euharistie, s\u0103 \u0219tim s\u0103-I aducem m\u0103rire \u0219i mul\u021bumire lui Dumnezeu prin via\u021ba noastr\u0103 \u00een fiecare clip\u0103\u201d. Este ceea ce au f\u0103cut \u0219i Episcopii greco-catolici martiri, care \u201eau fost Episcopi \u0219i \u00een Catedralele lor \u0219i \u00een \u00eenchisoare\u201d, au m\u0103rturisit cu via\u021ba lor iubirea lui Dumnezeu, nu s-au pl\u00e2ns fiind asupri\u021bi, au v\u0103zut, dincolo de suferin\u021be, puterea, harul \u0219i prezen\u021ba continu\u0103 a lui Dumnezeu, \u00een orice \u00eemprejurare.<\/div>\n<\/div>\n<div class=\"x11i5rnm xat24cr x1mh8g0r x1vvkbs xtlvy1s x126k92a\">\n<div dir=\"auto\">\u0218i, de\u0219i \u00een aceast\u0103 lume exist\u0103 o lupt\u0103 cu r\u0103ul &#8211; \u201e\u0219i lupta o vedem \u0219i \u00een Evanghelia de ast\u0103zi, \u00een care un om este posedat de diavol &#8211; dar vedem, \u00een acela\u0219i timp, c\u0103 dincolo de acest r\u0103u \u0219i tocmai prin aceast\u0103 ur\u00e2ciune, se v\u0103de\u0219te puterea lui Dumnezeu\u201d, o putere mai mare dec\u00e2t cea a unei legiuni: \u201eo structur\u0103 a armatei romane \u00een care erau mii de oameni, care, atunci c\u00e2nd atacau, se \u021bineau str\u00e2ns unul de altul, era o for\u021b\u0103 incredibil\u0103. G\u00e2ndi\u021bi-v\u0103 \u00een fa\u021ba cui, mii de oameni antrena\u021bi \u00een lupt\u0103 s-ar pune imediat \u00een genunchi? Ar face asta doar dac\u0103 ar percepe o for\u021b\u0103 mult mai mare dec\u00e2t a lor. Ei bine, Isus p\u0103\u0219e\u0219te pe t\u0103r\u00e2mul celui posedat iar diavolul numit \u00ablegiune\u00bb vine \u00een fa\u021ba Lui, \u0219i se a\u0219az\u0103 la p\u0103m\u00e2nt, \u00cel recunoa\u0219te ca Fiu al lui Dumnezeu\u201d. A\u0219adar, de\u0219i puterea celui r\u0103u este foarte mare, puterea lui Dumnezeu e mult mai mare \u0219i cel r\u0103u recunoa\u0219te acest lucru. A continuat: \u201e\u0218i acea putere este transmis\u0103 slujitorilor Bisericii, preo\u021bilor. Spunea un exorcist de la Roma, c\u0103, \u00een fa\u021ba unui posedat a \u00eentins m\u00e2na \u0219i l-a \u00eentrebat: \u00abCe vezi?\u00bb El a r\u0103spuns prin gura posedatului: \u00abm\u00e2na Nazarineanului\u00bb!\u201d<\/div>\n<\/div>\n<div class=\"x11i5rnm xat24cr x1mh8g0r x1vvkbs xtlvy1s x126k92a\">\n<div dir=\"auto\">Prin urmare, a ar\u0103tat Preasfin\u021bia Sa Claudiu, \u201epreo\u021bii nu ac\u021bioneaz\u0103 \u00een numele lor, ei ac\u021bioneaz\u0103 \u00een Numele lui Isus, \u0219i ceea ce ei fac, Isus face prin ei, pentru voi. Atunci c\u00e2nd preotul v\u0103 d\u0103 dezlegare de p\u0103cate, nu de la el o d\u0103, dar, \u00een acela\u0219i timp, a primit harul lui Dumnezeu. Prin el ac\u021bioneaz\u0103 puterea lui Dumnezeu, de aceea, atunci c\u00e2nd preotul v\u0103 dezleag\u0103 de p\u0103cate, Isus \u00eensu\u0219i va dezleag\u0103 de p\u0103cate. \u0218i atunci c\u00e2nd preotul v\u0103 vorbe\u0219te, Isus vorbe\u0219te prin el \u00een inimile voastre\u201d. A \u00eendemnat: \u201eIndiferent de nivelul social la care suntem, de slujirea pe care o avem \u00een \u021bar\u0103, \u00een comunitate, \u00een Biseric\u0103, cu to\u021bii trebuie s\u0103 ne deschidem \u00een fa\u021ba lui Dumnezeu, pentru a \u00een\u021belege \u00een ce fel putem aduce ceva din armonia Cerului \u00een lumea \u00een care tr\u0103im, \u00een bisericile noastre, \u00een ora\u0219ele noastre, \u00een comunele noastre, \u00een \u021bara noastr\u0103. Nu exist\u0103 alt\u0103 manier\u0103 de a aduce armonie \u0219i bun\u0103stare, dec\u00e2t a-I cere lui Dumnezeu s\u0103 ne trimit\u0103 aceste daruri. \u0218i dac\u0103 ne deschidem spre El, cu siguran\u021b\u0103 via\u021ba noastr\u0103 va fi mai bun\u0103, mai frumoas\u0103, mai sf\u00e2nt\u0103\u201d.<\/div>\n<\/div>\n<div class=\"x11i5rnm xat24cr x1mh8g0r x1vvkbs xtlvy1s x126k92a\">\n<div dir=\"auto\">Preasfin\u021bia Sa Claudiu a \u00eencheiat prin exemplul sf\u00e2ntului celebrat de Biseric\u0103 \u00een aceast\u0103 duminic\u0103: \u201eAst\u0103zi \u00eel s\u0103rb\u0103torim \u0219i pe Sf\u00e2ntul P\u0103rinte Ioan Paul al II-lea. \u0218i el a avut luptele lui, a f\u0103cut \u0219i exorcisme &#8211; sunt m\u0103rturii despre aceasta -, dar a f\u0103cut \u0219i acel exorcism extraordinar de a distruge Cortina de Fier din Europa. Prin rug\u0103ciunile lui, prin ac\u021biunea lui la toate nivelele, a reu\u0219it s\u0103 distrug\u0103 comunismul \u00een toate \u021b\u0103rile \u00een care domnea. \u0218i noi eram \u00een acea situa\u021bie, \u0219i noi am sim\u021bit pe deplin puterea \u0219i teroarea comunismului\u201d.<\/div>\n<\/div>\n<div class=\"x11i5rnm xat24cr x1mh8g0r x1vvkbs xtlvy1s x126k92a\">\n<div dir=\"auto\">De aceea, a invitat: \u201east\u0103zi s\u0103 ne aducem aminte de Sf\u00e2ntul Pap\u0103 Ioan Paul al II-lea care a vizitat \u021bara noastr\u0103, a binecuv\u00e2ntat-o, s\u0103-i cerem ajutorul, ca \u0219i noi s\u0103 \u0219tim pe deoparte s\u0103 \u00eenvingem r\u0103ul din sufletele noastre, dar s\u0103-l \u00eenvingem \u0219i \u00een lumea \u00een care tr\u0103im \u0219i atunci lumea va fi o lume mai bun\u0103\u201d.<\/div>\n<\/div>\n<div class=\"x11i5rnm xat24cr x1mh8g0r x1vvkbs xtlvy1s x126k92a\">\n<div dir=\"auto\">***<\/div>\n<div dir=\"auto\">La \u00eencheierea Sfintei Liturghii s-a f\u0103cut rug\u0103ciunea special\u0103 pentru celebrarea Zilei Mondiale a Misiunilor, apoi, pr. protopop Cristian Goia a rostit un cuv\u00e2nt de mul\u021bumire. \u0218i, \u201epentru a ne cunoa\u0219te \u00eenainta\u0219ii, pe cei care au p\u0103strat credin\u021ba noastr\u0103 pe aceste meleaguri\u201d, a amintit nume de personalit\u0103\u021bi ale Bisericii originare din loc. \u0218an\u021b (Rodna Nou\u0103), precum: pr. Grigore Moisil, om de cultur\u0103, vicar al Rodnei, protopop al N\u0103s\u0103udului; pr. Pamfiliu Grapini (1855 &#8211; 1949), preotul greco-catolic ctitor al fostei biserici parohiale; fiul s\u0103u Enea Grapini, inginer, arhitect, politician, artizan al Marii Uniri; pr. dr. Octavian Domide, prelat papal, prepozit capitular, vicar general al Episcopiei de Gherla, deputat al Marii Adun\u0103ri Na\u021bionale de la Alba Iulia, Pre\u0219edinte al Consiliului Na\u021bional Rom\u00e2n de la Gherla; pr. Laz\u0103r S\u00e2ngeorzan, \u201eultimul protopop de Rodna, dinainte de trecerea \u00een ilegalitate a Bisericii \u00een 1948\u201d.<\/div>\n<\/div>\n<div class=\"x11i5rnm xat24cr x1mh8g0r x1vvkbs xtlvy1s x126k92a\">\n<div dir=\"auto\">Cuv\u00e2ntul de mul\u021bumire al preotului paroh a \u00eencheiat \u00een\u0103l\u021b\u0103toarea celebrare. Pr. Augustin Fl\u0103m\u00e2nd a mul\u021bumit Preasfin\u021biei Sale Claudiu, \u201ecare a r\u0103spuns invita\u021biei de se afla \u00een acest loc \u00een care nu de pu\u021bine ori Cardinalul Iuliu Hossu venea cu bucurie \u0219i ast\u0103zi ne \u00eembr\u0103\u021bi\u0219eaz\u0103 din masa sf\u00e2ntului altar, \u00eentr-o zi special\u0103, la \u00eemplinirea a patru ani de la sfin\u021birea bisericii\u201d.<\/div>\n<\/div>\n<div class=\"x11i5rnm xat24cr x1mh8g0r x1vvkbs xtlvy1s x126k92a\">\n<div dir=\"auto\">A adresat mul\u021bumiri tuturor oaspe\u021bilor \u0219i parohienilor deopotriv\u0103, \u00een mod particular Preasfin\u021biei Sale Claudiu, c\u0103ruia i-a oferit un dar, \u201e\u00eempreun\u0103 cu inima, dragostea, respectul \u0219i recuno\u0219tin\u021ba noastr\u0103\u201d: a oferit Ierarhului o mitr\u0103 episcopal\u0103 \u201ecare s\u0103 ne \u021bin\u0103 \u00een puterea dragostei Bisericii\u201d.<\/div>\n<\/div>\n<div class=\"x11i5rnm xat24cr x1mh8g0r x1vvkbs xtlvy1s x126k92a\">\n<div dir=\"auto\">Mul\u021bumind, Preasfin\u021bia Sa Claudiu a spus: \u201eMitra este semnul demnit\u0103\u021bii, dar este \u0219i semnul cununii de spini pe care o poart\u0103 Cristos pentru noi, \u0219i, \u00een acela\u0219i timp, este \u0219i \u00abcununa episcopului\u00bb: comunitatea cre\u0219tinilor\u201d.<\/div>\n<\/div>\n<div class=\"x11i5rnm xat24cr x1mh8g0r x1vvkbs xtlvy1s x126k92a\">\n<div dir=\"auto\">Dup\u0103 celebrarea liturgic\u0103, \u00eempreun\u0103 cu preo\u021bii, diaconii \u0219i studen\u021bii teologi, Preasfin\u021bia Sa Claudiu a f\u0103cut binecuv\u00e2ntarea unui crucifix &#8211; amplasat la intrarea \u00een biseric\u0103 &#8211; \u0219i a noii grote cu statuia Preasfintei Fecioare Maria, pe care pr. Augustin Fl\u0103m\u00e2nd a numit-o \u201eocrotitoarea bisericii \u0219i a localit\u0103\u021bii\u201d.<\/div>\n<div dir=\"auto\" style=\"text-align: right;\">Biroul de Comunica\u021bii Sociale al Eparhiei de Cluj-Gherla<\/div>\n<div dir=\"auto\">\n<div class=\"x11i5rnm xat24cr x1mh8g0r x1vvkbs xtlvy1s x126k92a\">\n<div dir=\"auto\"><a href=\"https:\/\/photos.app.goo.gl\/MRwofthCpmBMHQhs8\">FOTOGRAFII BISERICA<\/a><\/div>\n<\/div>\n<div class=\"x11i5rnm xat24cr x1mh8g0r x1vvkbs xtlvy1s x126k92a\">\n<div dir=\"auto\">\u2022 \ud835\udde7\ud835\ude02\ud835\uddff \ud835\ude03\ud835\uddf6\ud835\uddff\ud835\ude01\ud835\ude02\ud835\uddee\ud835\uddf9 \ud835\uddee\ud835\uddf9 \ud835\uddef\ud835\uddf6\ud835\ude00\ud835\uddf2\ud835\uddff\ud835\uddf6\ud835\uddf0\ud835\uddf6\ud835\uddf6 \u201eIntrarea \u00een Templu a Maicii Domnului\u201d din Parohia \u015ean\u0163:<\/div>\n<div dir=\"auto\">\u2013 interiorul bisericii: <a class=\"x1i10hfl xjbqb8w x6umtig x1b1mbwd xaqea5y xav7gou x9f619 x1ypdohk xt0psk2 xe8uvvx xdj266r x11i5rnm xat24cr x1mh8g0r xexx8yu x4uap5 x18d9i69 xkhd6sd x16tdsg8 x1hl2dhg xggy1nq x1a2a7pz xt0b8zv x1fey0fg\" tabindex=\"0\" role=\"link\" href=\"https:\/\/protopopiatebn.ro\/turbis.html\" target=\"_blank\" rel=\"nofollow noopener noreferrer\">https:\/\/protopopiatebn.ro\/turbis.html<\/a><\/div>\n<div dir=\"auto\">\u2013 Altarul bisericii: <a class=\"x1i10hfl xjbqb8w x6umtig x1b1mbwd xaqea5y xav7gou x9f619 x1ypdohk xt0psk2 xe8uvvx xdj266r x11i5rnm xat24cr x1mh8g0r xexx8yu x4uap5 x18d9i69 xkhd6sd x16tdsg8 x1hl2dhg xggy1nq x1a2a7pz xt0b8zv x1fey0fg\" tabindex=\"0\" role=\"link\" href=\"https:\/\/protopopiatebn.ro\/turbis.html\" target=\"_blank\" rel=\"nofollow noopener noreferrer\">https:\/\/protopopiatebn.ro\/turbisaltar.html<\/a><\/div>\n<\/div>\n<\/div>\n<\/div>\n","protected":false},"excerpt":{"rendered":"<p>VIZIT\u0102 PASTORAL\u0102 A PS CLAUDIU \u00ceN PAROHIA \u0218AN\u021a, ZIUA MONDIAL\u0102 A MISIUNILOR \u00a0Video (Sf\u00e2nta Liturghie) ALBUM FOTO EVENIMENT Duminic\u0103, 22 octombrie 2023 &#8211; \u00een \u201ecea mai mare s\u0103rb\u0103toare\u201d \u0219i \u201ezi a \u00cenvierii\u201d &#8211; cum a numit fiecare duminic\u0103 Preasfin\u021bia Sa Claudiu, Episcopul de Cluj-Gherla, celebrarea Zilei Mondiale a Misiunilor a fost o s\u0103rb\u0103toare a vestirii &#8230; <span class=\"more\"><a class=\"more-link\" href=\"https:\/\/www.protopopiatebn.ro\/index.php\/2023\/10\/23\/vizita-pastorala-a-ps-claudiu-in-parohia-sant-ziua-mondiala-a-misiunilor-22-octombrie-2023\/\">[Read more&#8230;]<\/a><\/span><\/p>\n","protected":false},"author":3,"featured_media":0,"comment_status":"open","ping_status":"open","sticky":false,"template":"","format":"standard","meta":{"footnotes":""},"categories":[1],"tags":[],"class_list":{"0":"entry","1":"post","2":"publish","3":"author-protos","4":"post-580","6":"format-standard","7":"category-uncategorized"},"yoast_head":"<!-- This site is optimized with the Yoast SEO plugin v27.5 - https:\/\/yoast.com\/product\/yoast-seo-wordpress\/ -->\n<title>VIZIT\u0102 PASTORAL\u0102 A PS CLAUDIU \u00ceN PAROHIA \u0218AN\u021a, ZIUA MONDIAL\u0102 A MISIUNILOR, 22 OCTOMBRIE 2023 - PROTOPOPIATELE GRECO-CATOLICE BECLEAN, BISTRI\u021aA \u0218I RODNA<\/title>\n<meta name=\"robots\" content=\"index, follow, max-snippet:-1, max-image-preview:large, max-video-preview:-1\" \/>\n<link rel=\"canonical\" href=\"https:\/\/www.protopopiatebn.ro\/index.php\/2023\/10\/23\/vizita-pastorala-a-ps-claudiu-in-parohia-sant-ziua-mondiala-a-misiunilor-22-octombrie-2023\/\" \/>\n<meta property=\"og:locale\" content=\"ro_RO\" \/>\n<meta property=\"og:type\" content=\"article\" \/>\n<meta property=\"og:title\" content=\"VIZIT\u0102 PASTORAL\u0102 A PS CLAUDIU \u00ceN PAROHIA \u0218AN\u021a, ZIUA MONDIAL\u0102 A MISIUNILOR, 22 OCTOMBRIE 2023 - PROTOPOPIATELE GRECO-CATOLICE BECLEAN, BISTRI\u021aA \u0218I RODNA\" \/>\n<meta property=\"og:description\" content=\"VIZIT\u0102 PASTORAL\u0102 A PS CLAUDIU \u00ceN PAROHIA \u0218AN\u021a, ZIUA MONDIAL\u0102 A MISIUNILOR \u00a0Video (Sf\u00e2nta Liturghie) ALBUM FOTO EVENIMENT Duminic\u0103, 22 octombrie 2023 &#8211; \u00een \u201ecea mai mare s\u0103rb\u0103toare\u201d \u0219i \u201ezi a \u00cenvierii\u201d &#8211; cum a numit fiecare duminic\u0103 Preasfin\u021bia Sa Claudiu, Episcopul de Cluj-Gherla, celebrarea Zilei Mondiale a Misiunilor a fost o s\u0103rb\u0103toare a vestirii ... [Read more...]\" \/>\n<meta property=\"og:url\" content=\"https:\/\/www.protopopiatebn.ro\/index.php\/2023\/10\/23\/vizita-pastorala-a-ps-claudiu-in-parohia-sant-ziua-mondiala-a-misiunilor-22-octombrie-2023\/\" \/>\n<meta property=\"og:site_name\" content=\"PROTOPOPIATELE GRECO-CATOLICE BECLEAN, BISTRI\u021aA \u0218I RODNA\" \/>\n<meta property=\"article:published_time\" content=\"2023-10-23T20:48:55+00:00\" \/>\n<meta property=\"article:modified_time\" content=\"2024-01-31T07:25:46+00:00\" \/>\n<meta property=\"og:image\" content=\"https:\/\/www.protopopiatebn.ro\/wp-content\/uploads\/2023\/10\/IMG_7045-1024x683.jpg\" \/>\n<meta name=\"author\" content=\"media\" \/>\n<meta name=\"twitter:card\" content=\"summary_large_image\" \/>\n<meta name=\"twitter:label1\" content=\"Scris de\" \/>\n\t<meta name=\"twitter:data1\" content=\"media\" \/>\n\t<meta name=\"twitter:label2\" content=\"Timp estimat pentru citire\" \/>\n\t<meta name=\"twitter:data2\" content=\"10 minute\" \/>\n<script type=\"application\/ld+json\" class=\"yoast-schema-graph\">{\"@context\":\"https:\\\/\\\/schema.org\",\"@graph\":[{\"@type\":\"Article\",\"@id\":\"https:\\\/\\\/www.protopopiatebn.ro\\\/index.php\\\/2023\\\/10\\\/23\\\/vizita-pastorala-a-ps-claudiu-in-parohia-sant-ziua-mondiala-a-misiunilor-22-octombrie-2023\\\/#article\",\"isPartOf\":{\"@id\":\"https:\\\/\\\/www.protopopiatebn.ro\\\/index.php\\\/2023\\\/10\\\/23\\\/vizita-pastorala-a-ps-claudiu-in-parohia-sant-ziua-mondiala-a-misiunilor-22-octombrie-2023\\\/\"},\"author\":{\"name\":\"media\",\"@id\":\"https:\\\/\\\/www.protopopiatebn.ro\\\/#\\\/schema\\\/person\\\/197df79e4c7a10df5e789cc6657cf4b6\"},\"headline\":\"VIZIT\u0102 PASTORAL\u0102 A PS CLAUDIU \u00ceN PAROHIA \u0218AN\u021a, ZIUA MONDIAL\u0102 A MISIUNILOR, 22 OCTOMBRIE 2023\",\"datePublished\":\"2023-10-23T20:48:55+00:00\",\"dateModified\":\"2024-01-31T07:25:46+00:00\",\"mainEntityOfPage\":{\"@id\":\"https:\\\/\\\/www.protopopiatebn.ro\\\/index.php\\\/2023\\\/10\\\/23\\\/vizita-pastorala-a-ps-claudiu-in-parohia-sant-ziua-mondiala-a-misiunilor-22-octombrie-2023\\\/\"},\"wordCount\":2088,\"commentCount\":0,\"image\":{\"@id\":\"https:\\\/\\\/www.protopopiatebn.ro\\\/index.php\\\/2023\\\/10\\\/23\\\/vizita-pastorala-a-ps-claudiu-in-parohia-sant-ziua-mondiala-a-misiunilor-22-octombrie-2023\\\/#primaryimage\"},\"thumbnailUrl\":\"https:\\\/\\\/www.protopopiatebn.ro\\\/wp-content\\\/uploads\\\/2023\\\/10\\\/IMG_7045-1024x683.jpg\",\"articleSection\":[\"Uncategorized\"],\"inLanguage\":\"ro-RO\",\"potentialAction\":[{\"@type\":\"CommentAction\",\"name\":\"Comment\",\"target\":[\"https:\\\/\\\/www.protopopiatebn.ro\\\/index.php\\\/2023\\\/10\\\/23\\\/vizita-pastorala-a-ps-claudiu-in-parohia-sant-ziua-mondiala-a-misiunilor-22-octombrie-2023\\\/#respond\"]}]},{\"@type\":\"WebPage\",\"@id\":\"https:\\\/\\\/www.protopopiatebn.ro\\\/index.php\\\/2023\\\/10\\\/23\\\/vizita-pastorala-a-ps-claudiu-in-parohia-sant-ziua-mondiala-a-misiunilor-22-octombrie-2023\\\/\",\"url\":\"https:\\\/\\\/www.protopopiatebn.ro\\\/index.php\\\/2023\\\/10\\\/23\\\/vizita-pastorala-a-ps-claudiu-in-parohia-sant-ziua-mondiala-a-misiunilor-22-octombrie-2023\\\/\",\"name\":\"VIZIT\u0102 PASTORAL\u0102 A PS CLAUDIU \u00ceN PAROHIA \u0218AN\u021a, ZIUA MONDIAL\u0102 A MISIUNILOR, 22 OCTOMBRIE 2023 - PROTOPOPIATELE GRECO-CATOLICE BECLEAN, BISTRI\u021aA \u0218I RODNA\",\"isPartOf\":{\"@id\":\"https:\\\/\\\/www.protopopiatebn.ro\\\/#website\"},\"primaryImageOfPage\":{\"@id\":\"https:\\\/\\\/www.protopopiatebn.ro\\\/index.php\\\/2023\\\/10\\\/23\\\/vizita-pastorala-a-ps-claudiu-in-parohia-sant-ziua-mondiala-a-misiunilor-22-octombrie-2023\\\/#primaryimage\"},\"image\":{\"@id\":\"https:\\\/\\\/www.protopopiatebn.ro\\\/index.php\\\/2023\\\/10\\\/23\\\/vizita-pastorala-a-ps-claudiu-in-parohia-sant-ziua-mondiala-a-misiunilor-22-octombrie-2023\\\/#primaryimage\"},\"thumbnailUrl\":\"https:\\\/\\\/www.protopopiatebn.ro\\\/wp-content\\\/uploads\\\/2023\\\/10\\\/IMG_7045-1024x683.jpg\",\"datePublished\":\"2023-10-23T20:48:55+00:00\",\"dateModified\":\"2024-01-31T07:25:46+00:00\",\"author\":{\"@id\":\"https:\\\/\\\/www.protopopiatebn.ro\\\/#\\\/schema\\\/person\\\/197df79e4c7a10df5e789cc6657cf4b6\"},\"breadcrumb\":{\"@id\":\"https:\\\/\\\/www.protopopiatebn.ro\\\/index.php\\\/2023\\\/10\\\/23\\\/vizita-pastorala-a-ps-claudiu-in-parohia-sant-ziua-mondiala-a-misiunilor-22-octombrie-2023\\\/#breadcrumb\"},\"inLanguage\":\"ro-RO\",\"potentialAction\":[{\"@type\":\"ReadAction\",\"target\":[\"https:\\\/\\\/www.protopopiatebn.ro\\\/index.php\\\/2023\\\/10\\\/23\\\/vizita-pastorala-a-ps-claudiu-in-parohia-sant-ziua-mondiala-a-misiunilor-22-octombrie-2023\\\/\"]}]},{\"@type\":\"ImageObject\",\"inLanguage\":\"ro-RO\",\"@id\":\"https:\\\/\\\/www.protopopiatebn.ro\\\/index.php\\\/2023\\\/10\\\/23\\\/vizita-pastorala-a-ps-claudiu-in-parohia-sant-ziua-mondiala-a-misiunilor-22-octombrie-2023\\\/#primaryimage\",\"url\":\"https:\\\/\\\/www.protopopiatebn.ro\\\/wp-content\\\/uploads\\\/2023\\\/10\\\/IMG_7045-scaled.jpg\",\"contentUrl\":\"https:\\\/\\\/www.protopopiatebn.ro\\\/wp-content\\\/uploads\\\/2023\\\/10\\\/IMG_7045-scaled.jpg\",\"width\":2560,\"height\":1706},{\"@type\":\"BreadcrumbList\",\"@id\":\"https:\\\/\\\/www.protopopiatebn.ro\\\/index.php\\\/2023\\\/10\\\/23\\\/vizita-pastorala-a-ps-claudiu-in-parohia-sant-ziua-mondiala-a-misiunilor-22-octombrie-2023\\\/#breadcrumb\",\"itemListElement\":[{\"@type\":\"ListItem\",\"position\":1,\"name\":\"Home\",\"item\":\"https:\\\/\\\/www.protopopiatebn.ro\\\/\"},{\"@type\":\"ListItem\",\"position\":2,\"name\":\"VIZIT\u0102 PASTORAL\u0102 A PS CLAUDIU \u00ceN PAROHIA \u0218AN\u021a, ZIUA MONDIAL\u0102 A MISIUNILOR, 22 OCTOMBRIE 2023\"}]},{\"@type\":\"WebSite\",\"@id\":\"https:\\\/\\\/www.protopopiatebn.ro\\\/#website\",\"url\":\"https:\\\/\\\/www.protopopiatebn.ro\\\/\",\"name\":\"PROTOPOPIATELE GRECO-CATOLICE BECLEAN, BISTRI\u021aA \u0218I RODNA\",\"description\":\"\",\"potentialAction\":[{\"@type\":\"SearchAction\",\"target\":{\"@type\":\"EntryPoint\",\"urlTemplate\":\"https:\\\/\\\/www.protopopiatebn.ro\\\/?s={search_term_string}\"},\"query-input\":{\"@type\":\"PropertyValueSpecification\",\"valueRequired\":true,\"valueName\":\"search_term_string\"}}],\"inLanguage\":\"ro-RO\"},{\"@type\":\"Person\",\"@id\":\"https:\\\/\\\/www.protopopiatebn.ro\\\/#\\\/schema\\\/person\\\/197df79e4c7a10df5e789cc6657cf4b6\",\"name\":\"media\",\"image\":{\"@type\":\"ImageObject\",\"inLanguage\":\"ro-RO\",\"@id\":\"https:\\\/\\\/secure.gravatar.com\\\/avatar\\\/04cd0dc906eda4d18642465bdfac0c5e44dc1c0aee2c6e9ddadbbd2294e96fe6?s=96&d=mm&r=g\",\"url\":\"https:\\\/\\\/secure.gravatar.com\\\/avatar\\\/04cd0dc906eda4d18642465bdfac0c5e44dc1c0aee2c6e9ddadbbd2294e96fe6?s=96&d=mm&r=g\",\"contentUrl\":\"https:\\\/\\\/secure.gravatar.com\\\/avatar\\\/04cd0dc906eda4d18642465bdfac0c5e44dc1c0aee2c6e9ddadbbd2294e96fe6?s=96&d=mm&r=g\",\"caption\":\"media\"},\"sameAs\":[\"http:\\\/\\\/www.protopopiatebn.ro\"],\"url\":\"https:\\\/\\\/www.protopopiatebn.ro\\\/index.php\\\/author\\\/protos\\\/\"}]}<\/script>\n<!-- \/ Yoast SEO plugin. -->","yoast_head_json":{"title":"VIZIT\u0102 PASTORAL\u0102 A PS CLAUDIU \u00ceN PAROHIA \u0218AN\u021a, ZIUA MONDIAL\u0102 A MISIUNILOR, 22 OCTOMBRIE 2023 - PROTOPOPIATELE GRECO-CATOLICE BECLEAN, BISTRI\u021aA \u0218I RODNA","robots":{"index":"index","follow":"follow","max-snippet":"max-snippet:-1","max-image-preview":"max-image-preview:large","max-video-preview":"max-video-preview:-1"},"canonical":"https:\/\/www.protopopiatebn.ro\/index.php\/2023\/10\/23\/vizita-pastorala-a-ps-claudiu-in-parohia-sant-ziua-mondiala-a-misiunilor-22-octombrie-2023\/","og_locale":"ro_RO","og_type":"article","og_title":"VIZIT\u0102 PASTORAL\u0102 A PS CLAUDIU \u00ceN PAROHIA \u0218AN\u021a, ZIUA MONDIAL\u0102 A MISIUNILOR, 22 OCTOMBRIE 2023 - PROTOPOPIATELE GRECO-CATOLICE BECLEAN, BISTRI\u021aA \u0218I RODNA","og_description":"VIZIT\u0102 PASTORAL\u0102 A PS CLAUDIU \u00ceN PAROHIA \u0218AN\u021a, ZIUA MONDIAL\u0102 A MISIUNILOR \u00a0Video (Sf\u00e2nta Liturghie) ALBUM FOTO EVENIMENT Duminic\u0103, 22 octombrie 2023 &#8211; \u00een \u201ecea mai mare s\u0103rb\u0103toare\u201d \u0219i \u201ezi a \u00cenvierii\u201d &#8211; cum a numit fiecare duminic\u0103 Preasfin\u021bia Sa Claudiu, Episcopul de Cluj-Gherla, celebrarea Zilei Mondiale a Misiunilor a fost o s\u0103rb\u0103toare a vestirii ... [Read more...]","og_url":"https:\/\/www.protopopiatebn.ro\/index.php\/2023\/10\/23\/vizita-pastorala-a-ps-claudiu-in-parohia-sant-ziua-mondiala-a-misiunilor-22-octombrie-2023\/","og_site_name":"PROTOPOPIATELE GRECO-CATOLICE BECLEAN, BISTRI\u021aA \u0218I RODNA","article_published_time":"2023-10-23T20:48:55+00:00","article_modified_time":"2024-01-31T07:25:46+00:00","og_image":[{"url":"https:\/\/www.protopopiatebn.ro\/wp-content\/uploads\/2023\/10\/IMG_7045-1024x683.jpg","type":"","width":"","height":""}],"author":"media","twitter_card":"summary_large_image","twitter_misc":{"Scris de":"media","Timp estimat pentru citire":"10 minute"},"schema":{"@context":"https:\/\/schema.org","@graph":[{"@type":"Article","@id":"https:\/\/www.protopopiatebn.ro\/index.php\/2023\/10\/23\/vizita-pastorala-a-ps-claudiu-in-parohia-sant-ziua-mondiala-a-misiunilor-22-octombrie-2023\/#article","isPartOf":{"@id":"https:\/\/www.protopopiatebn.ro\/index.php\/2023\/10\/23\/vizita-pastorala-a-ps-claudiu-in-parohia-sant-ziua-mondiala-a-misiunilor-22-octombrie-2023\/"},"author":{"name":"media","@id":"https:\/\/www.protopopiatebn.ro\/#\/schema\/person\/197df79e4c7a10df5e789cc6657cf4b6"},"headline":"VIZIT\u0102 PASTORAL\u0102 A PS CLAUDIU \u00ceN PAROHIA \u0218AN\u021a, ZIUA MONDIAL\u0102 A MISIUNILOR, 22 OCTOMBRIE 2023","datePublished":"2023-10-23T20:48:55+00:00","dateModified":"2024-01-31T07:25:46+00:00","mainEntityOfPage":{"@id":"https:\/\/www.protopopiatebn.ro\/index.php\/2023\/10\/23\/vizita-pastorala-a-ps-claudiu-in-parohia-sant-ziua-mondiala-a-misiunilor-22-octombrie-2023\/"},"wordCount":2088,"commentCount":0,"image":{"@id":"https:\/\/www.protopopiatebn.ro\/index.php\/2023\/10\/23\/vizita-pastorala-a-ps-claudiu-in-parohia-sant-ziua-mondiala-a-misiunilor-22-octombrie-2023\/#primaryimage"},"thumbnailUrl":"https:\/\/www.protopopiatebn.ro\/wp-content\/uploads\/2023\/10\/IMG_7045-1024x683.jpg","articleSection":["Uncategorized"],"inLanguage":"ro-RO","potentialAction":[{"@type":"CommentAction","name":"Comment","target":["https:\/\/www.protopopiatebn.ro\/index.php\/2023\/10\/23\/vizita-pastorala-a-ps-claudiu-in-parohia-sant-ziua-mondiala-a-misiunilor-22-octombrie-2023\/#respond"]}]},{"@type":"WebPage","@id":"https:\/\/www.protopopiatebn.ro\/index.php\/2023\/10\/23\/vizita-pastorala-a-ps-claudiu-in-parohia-sant-ziua-mondiala-a-misiunilor-22-octombrie-2023\/","url":"https:\/\/www.protopopiatebn.ro\/index.php\/2023\/10\/23\/vizita-pastorala-a-ps-claudiu-in-parohia-sant-ziua-mondiala-a-misiunilor-22-octombrie-2023\/","name":"VIZIT\u0102 PASTORAL\u0102 A PS CLAUDIU \u00ceN PAROHIA \u0218AN\u021a, ZIUA MONDIAL\u0102 A MISIUNILOR, 22 OCTOMBRIE 2023 - PROTOPOPIATELE GRECO-CATOLICE BECLEAN, BISTRI\u021aA \u0218I RODNA","isPartOf":{"@id":"https:\/\/www.protopopiatebn.ro\/#website"},"primaryImageOfPage":{"@id":"https:\/\/www.protopopiatebn.ro\/index.php\/2023\/10\/23\/vizita-pastorala-a-ps-claudiu-in-parohia-sant-ziua-mondiala-a-misiunilor-22-octombrie-2023\/#primaryimage"},"image":{"@id":"https:\/\/www.protopopiatebn.ro\/index.php\/2023\/10\/23\/vizita-pastorala-a-ps-claudiu-in-parohia-sant-ziua-mondiala-a-misiunilor-22-octombrie-2023\/#primaryimage"},"thumbnailUrl":"https:\/\/www.protopopiatebn.ro\/wp-content\/uploads\/2023\/10\/IMG_7045-1024x683.jpg","datePublished":"2023-10-23T20:48:55+00:00","dateModified":"2024-01-31T07:25:46+00:00","author":{"@id":"https:\/\/www.protopopiatebn.ro\/#\/schema\/person\/197df79e4c7a10df5e789cc6657cf4b6"},"breadcrumb":{"@id":"https:\/\/www.protopopiatebn.ro\/index.php\/2023\/10\/23\/vizita-pastorala-a-ps-claudiu-in-parohia-sant-ziua-mondiala-a-misiunilor-22-octombrie-2023\/#breadcrumb"},"inLanguage":"ro-RO","potentialAction":[{"@type":"ReadAction","target":["https:\/\/www.protopopiatebn.ro\/index.php\/2023\/10\/23\/vizita-pastorala-a-ps-claudiu-in-parohia-sant-ziua-mondiala-a-misiunilor-22-octombrie-2023\/"]}]},{"@type":"ImageObject","inLanguage":"ro-RO","@id":"https:\/\/www.protopopiatebn.ro\/index.php\/2023\/10\/23\/vizita-pastorala-a-ps-claudiu-in-parohia-sant-ziua-mondiala-a-misiunilor-22-octombrie-2023\/#primaryimage","url":"https:\/\/www.protopopiatebn.ro\/wp-content\/uploads\/2023\/10\/IMG_7045-scaled.jpg","contentUrl":"https:\/\/www.protopopiatebn.ro\/wp-content\/uploads\/2023\/10\/IMG_7045-scaled.jpg","width":2560,"height":1706},{"@type":"BreadcrumbList","@id":"https:\/\/www.protopopiatebn.ro\/index.php\/2023\/10\/23\/vizita-pastorala-a-ps-claudiu-in-parohia-sant-ziua-mondiala-a-misiunilor-22-octombrie-2023\/#breadcrumb","itemListElement":[{"@type":"ListItem","position":1,"name":"Home","item":"https:\/\/www.protopopiatebn.ro\/"},{"@type":"ListItem","position":2,"name":"VIZIT\u0102 PASTORAL\u0102 A PS CLAUDIU \u00ceN PAROHIA \u0218AN\u021a, ZIUA MONDIAL\u0102 A MISIUNILOR, 22 OCTOMBRIE 2023"}]},{"@type":"WebSite","@id":"https:\/\/www.protopopiatebn.ro\/#website","url":"https:\/\/www.protopopiatebn.ro\/","name":"PROTOPOPIATELE GRECO-CATOLICE BECLEAN, BISTRI\u021aA \u0218I RODNA","description":"","potentialAction":[{"@type":"SearchAction","target":{"@type":"EntryPoint","urlTemplate":"https:\/\/www.protopopiatebn.ro\/?s={search_term_string}"},"query-input":{"@type":"PropertyValueSpecification","valueRequired":true,"valueName":"search_term_string"}}],"inLanguage":"ro-RO"},{"@type":"Person","@id":"https:\/\/www.protopopiatebn.ro\/#\/schema\/person\/197df79e4c7a10df5e789cc6657cf4b6","name":"media","image":{"@type":"ImageObject","inLanguage":"ro-RO","@id":"https:\/\/secure.gravatar.com\/avatar\/04cd0dc906eda4d18642465bdfac0c5e44dc1c0aee2c6e9ddadbbd2294e96fe6?s=96&d=mm&r=g","url":"https:\/\/secure.gravatar.com\/avatar\/04cd0dc906eda4d18642465bdfac0c5e44dc1c0aee2c6e9ddadbbd2294e96fe6?s=96&d=mm&r=g","contentUrl":"https:\/\/secure.gravatar.com\/avatar\/04cd0dc906eda4d18642465bdfac0c5e44dc1c0aee2c6e9ddadbbd2294e96fe6?s=96&d=mm&r=g","caption":"media"},"sameAs":["http:\/\/www.protopopiatebn.ro"],"url":"https:\/\/www.protopopiatebn.ro\/index.php\/author\/protos\/"}]}},"_links":{"self":[{"href":"https:\/\/www.protopopiatebn.ro\/index.php\/wp-json\/wp\/v2\/posts\/580","targetHints":{"allow":["GET"]}}],"collection":[{"href":"https:\/\/www.protopopiatebn.ro\/index.php\/wp-json\/wp\/v2\/posts"}],"about":[{"href":"https:\/\/www.protopopiatebn.ro\/index.php\/wp-json\/wp\/v2\/types\/post"}],"author":[{"embeddable":true,"href":"https:\/\/www.protopopiatebn.ro\/index.php\/wp-json\/wp\/v2\/users\/3"}],"replies":[{"embeddable":true,"href":"https:\/\/www.protopopiatebn.ro\/index.php\/wp-json\/wp\/v2\/comments?post=580"}],"version-history":[{"count":8,"href":"https:\/\/www.protopopiatebn.ro\/index.php\/wp-json\/wp\/v2\/posts\/580\/revisions"}],"predecessor-version":[{"id":779,"href":"https:\/\/www.protopopiatebn.ro\/index.php\/wp-json\/wp\/v2\/posts\/580\/revisions\/779"}],"wp:attachment":[{"href":"https:\/\/www.protopopiatebn.ro\/index.php\/wp-json\/wp\/v2\/media?parent=580"}],"wp:term":[{"taxonomy":"category","embeddable":true,"href":"https:\/\/www.protopopiatebn.ro\/index.php\/wp-json\/wp\/v2\/categories?post=580"},{"taxonomy":"post_tag","embeddable":true,"href":"https:\/\/www.protopopiatebn.ro\/index.php\/wp-json\/wp\/v2\/tags?post=580"}],"curies":[{"name":"wp","href":"https:\/\/api.w.org\/{rel}","templated":true}]}}