{"id":515,"date":"2023-08-30T18:28:06","date_gmt":"2023-08-30T16:28:06","guid":{"rendered":"https:\/\/www.protopopiatebn.ro\/?p=515"},"modified":"2023-08-30T18:38:52","modified_gmt":"2023-08-30T16:38:52","slug":"hramul-parohiei-greco-catolice-sf-ioan-botezatorul-cormaia","status":"publish","type":"post","link":"https:\/\/www.protopopiatebn.ro\/index.php\/2023\/08\/30\/hramul-parohiei-greco-catolice-sf-ioan-botezatorul-cormaia\/","title":{"rendered":"Hramul Parohiei Greco-Catolice &#8222;Sf. Ioan Botez\u0103torul&#8221; Cormaia"},"content":{"rendered":"<div dir=\"auto\">\n<div>\n<div class=\"x1cy8zhl x78zum5 x1q0g3np xod5an3 x1pi30zi x1swvt13 xz9dl7a\">\n<div class=\"x1iyjqo2\">\n<div class=\"x78zum5 xdt5ytf xz62fqu x16ldp7u\">\n<div class=\"xu06os2 x1ok221b\">\n<p><img loading=\"lazy\" decoding=\"async\" class=\"alignnone size-large wp-image-511\" src=\"https:\/\/www.protopopiatebn.ro\/wp-content\/uploads\/2023\/08\/20230829_110857-1024x576.jpg\" alt=\"\" width=\"700\" height=\"394\" srcset=\"https:\/\/www.protopopiatebn.ro\/wp-content\/uploads\/2023\/08\/20230829_110857-1024x576.jpg 1024w, https:\/\/www.protopopiatebn.ro\/wp-content\/uploads\/2023\/08\/20230829_110857-300x169.jpg 300w, https:\/\/www.protopopiatebn.ro\/wp-content\/uploads\/2023\/08\/20230829_110857-768x432.jpg 768w, https:\/\/www.protopopiatebn.ro\/wp-content\/uploads\/2023\/08\/20230829_110857-1536x864.jpg 1536w, https:\/\/www.protopopiatebn.ro\/wp-content\/uploads\/2023\/08\/20230829_110857.jpg 1691w\" sizes=\"auto, (max-width: 700px) 100vw, 700px\" \/><\/p>\n<\/div>\n<\/div>\n<\/div>\n<\/div>\n<\/div>\n<div>\n<div class=\"\" dir=\"auto\">\n<div id=\":r2s:\" class=\"x1iorvi4 x1pi30zi x1l90r2v x1swvt13\" data-ad-comet-preview=\"message\" data-ad-preview=\"message\">\n<div class=\"x78zum5 xdt5ytf xz62fqu x16ldp7u\">\n<div class=\"xu06os2 x1ok221b\">\n<div class=\"xdj266r x11i5rnm xat24cr x1mh8g0r x1vvkbs x126k92a\">\n<div dir=\"auto\">\u00cen S\u0103rb\u0103toarea \u201eT\u0103ierii capului Sf\u00e2ntului Ioan Botez\u0103torul\u201d, 29 august 2023, Preasfin\u021bia Sa Claudiu, Episcopul de Cluj-Gherla, a vizitat Parohia Greco-Catolic\u0103 Cormaia (l\u00e2ng\u0103 S\u00e2ngeorz-B\u0103i).<\/div>\n<div dir=\"auto\">Ierarhul a fost primit cu mult\u0103 bucurie de pr. paroh Nicolae Jarda &#8211; preot la Cormaia, dar \u0219i p\u0103stor al credincio\u0219ilor din S\u00e2ngeorz-B\u0103i -, \u00een gr\u0103dina bisericii \u201eSf. Ioan Botez\u0103torul\u201d.<\/div>\n<div dir=\"auto\">Primirea Episcopului s-a f\u0103cut \u00een mod tradi\u021bional, tineri \u00een port popular au oferit Preasfin\u021biei Sale Claudiu p\u00e2ine \u0219i sare. Au urmat, salutul copiilor, al preo\u021bilor, al oficialit\u0103\u021bilor prezente.<\/div>\n<div dir=\"auto\">Dup\u0103 un moment de preg\u0103tire pt. Sf. Liturghie \u00een biseric\u0103, Ierarhul \u0219i preo\u021bii au ie\u0219it \u00een procesiune \u0219i s-au \u00eendreptat spre Altarul exterior amenajat pentru celebr\u0103rile \u00een aer liber.<\/div>\n<\/div>\n<div class=\"x11i5rnm xat24cr x1mh8g0r x1vvkbs xtlvy1s x126k92a\">\n<div dir=\"auto\">Cuv\u00e2ntul de \u00eenv\u0103\u021b\u0103tur\u0103 al Preasfin\u021biei Sale Claudiu:<\/div>\n<p><iframe loading=\"lazy\" title=\"YouTube video player\" src=\"https:\/\/www.youtube.com\/embed\/R2YobWVqGWc?si=awZeynOab1OE-Kb4&amp;start=57\" width=\"560\" height=\"315\" frameborder=\"0\" allowfullscreen=\"allowfullscreen\" data-mce-fragment=\"1\"><\/iframe><\/p>\n<div dir=\"auto\"><\/div>\n<div dir=\"auto\">\u00cempreun\u0103 cu Episcopul de Cluj-Gherla, s-au reunit \u00een rug\u0103ciunea cea mai profund\u0103 a Bisericii &#8211; Sf. Liturghie, \u00een jur de 15 preo\u021bi, cei mai mul\u021bi din Protopopiatul Rodna. \u00cempreun\u0103 cu ei au mai fost: Pr. Cristian David, rector al M\u0103n\u0103stirii Maicii Domnului din Cluj-Napoca, pr. Laurean Daboc, c\u0103lug\u0103r al Ordinului Sf\u00e2ntului Vasile cel Mare, pr. Ioan Puie din Tih\u0103u, pr. Ovidiu L\u0103pu\u0219te din Cluj-Napoca (M\u0103n\u0103\u0219tur I), precum \u0219i studen\u021bi ai Seminarului \u201eSf. Ioan Evanghelistul\u201d din Cluj-Napoca.<\/div>\n<div dir=\"auto\">Preasfin\u021bia Sa Claudiu a celebrat Sf\u00e2nta Liturghie arhiereasc\u0103 av\u00e2nd al\u0103turi la masa Altarului pe pr. Nicolae Jarda \u0219i pr. Ioan Fri\u0219an din Bistri\u021ba.<\/div>\n<div dir=\"auto\">R\u0103spunsurile liturgice le-a dat Corul bisericii \u201eSf. Gheorghe\u201d din S\u00e2ngeorz-B\u0103i, \u00eempreun\u0103 cu cori\u0219tii au c\u00e2ntat surori ale Congrega\u021biei Maicii Domnului \u0219i studen\u021bi seminari\u0219ti. A dirijat Rare\u0219 Flore, student teolog.<\/div>\n<div dir=\"auto\">Credincio\u0219i din Cormaia, S\u00e2ngeorz-B\u0103i, Feldru, Ilva Mic\u0103, N\u0103s\u0103ud, \u0218an\u021b, Maieru, Salva, Runcu Salvei, Telciu, dar \u0219i alte localit\u0103\u021bi ale Eparhiei de Cluj-Gherla &#8211; precum Bistri\u021ba, Cluj-Napoca &#8211; au luat parte la Sf\u00e2nta Jertf\u0103 Liturghic\u0103, r\u0103sp\u00e2ndi\u021bi \u00een grupuri mari sau mici \u00een zonele umbrite de ramurile copacilor, \u00een spa\u021biul generos al gr\u0103dinii ce \u00eempresoar\u0103 biserica.<\/div>\n<div dir=\"auto\">\u00centre oficialit\u0103\u021bile prezente, s-au aflat Primarul ora\u0219ului S\u00e2ngeorz-B\u0103i, Bota C\u0103t\u0103lin cu viceprimarul Pop Cristian.<\/div>\n<div dir=\"auto\">Surori ale Congrega\u021biei Maicii Domnului, Surori Baziliene, C\u0103lug\u0103ri ai Ordinului Sf\u00e2ntului Vasile cel Mare au fost de asemenea de fa\u021b\u0103, al\u0103turi de membre ale Reuniunii Mariane, de tineri din ASTRU (care au \u00eencheiat recent c\u00e2teva zile de campus \u00een zona pitoreasc\u0103 din Cormaia). Copii \u0219i tineri, dar \u0219i persoane v\u00e2rstnice, purtau frumoasele costume populare specifice zonei, to\u021bi \u00eempreun\u0103 &#8211; Ierarh, preo\u021bi \u0219i seminari\u0219ti, persoane consacrate, credincio\u0219i &#8211; form\u00e2nd o imagine a bog\u0103\u021biei, diversit\u0103\u021bii, vitalit\u0103\u021bii \u0219i frumuse\u021bii Bisericii \u00een rug\u0103ciune.<\/div>\n<div dir=\"auto\">Sf\u00e2nta Liturghie celebrat\u0103 la Cormaia a fost transmis\u0103 \u00een direct \u0219i de postul Radio Maria, pentru to\u021bi cei care au dorit s\u0103 se uneasc\u0103 \u00een rug\u0103ciune.<\/div>\n<div dir=\"auto\">La \u00eencheierea celebr\u0103rii liturgice, pr. Nicolae Jarda a mul\u021bumit Preasfin\u021biei Sale Claudiu \u201epentru c\u0103 a\u021bi venit ca urma\u0219 a\u0219 Apostolilor \u0219i Episcop al nostru s\u0103 ne \u00eent\u0103ri\u021bi \u00een credin\u021b\u0103\u201d. A mul\u021bumit tuturor celor care s-au unit \u00een rug\u0103ciune \u0219i au luat parte la celebrare.<\/div>\n<div dir=\"auto\">Pr. paroh a oferit Preasfin\u021biei Sale Claudiu, asigur\u00e2ndu-l de rug\u0103ciunea, comuniunea \u0219i iubirea comunit\u0103\u021bilor din S\u00e2ngeorz-B\u0103i \u0219i Cormaia, \u00een semn de mul\u021bumire, o icoan\u0103 a Maicii Domnului. La final, to\u021bi credincio\u0219ii au fost invita\u021bi la o agap\u0103 fratern\u0103.<\/div>\n<\/div>\n<div class=\"x11i5rnm xat24cr x1mh8g0r x1vvkbs xtlvy1s x126k92a\">\n<div dir=\"auto\">Biroul Media al Eparhiei Greco-Catolice de Cluj-Gherla<\/div>\n<\/div>\n<\/div>\n<\/div>\n<\/div>\n<\/div>\n<\/div>\n<\/div>\n<div dir=\"auto\">\n<div dir=\"auto\">Video: <a class=\"x1i10hfl xjbqb8w x6umtig x1b1mbwd xaqea5y xav7gou x9f619 x1ypdohk xt0psk2 xe8uvvx xdj266r x11i5rnm xat24cr x1mh8g0r xexx8yu x4uap5 x18d9i69 xkhd6sd x16tdsg8 x1hl2dhg xggy1nq x1a2a7pz xt0b8zv x1fey0fg\" tabindex=\"0\" role=\"link\" href=\"https:\/\/l.facebook.com\/l.php?u=https%3A%2F%2Fyoutu.be%2FR2YobWVqGWc%3Ft%3D7727&amp;h=AT1z2taBiSt98FjlifIjoZKtiOnQLu7FoD8lkxcGqOEEI3t2Fm0JxzlR6uXFakqwuhOnFFS_mdJ1E2e2Vv4_RQX2e7lPMjQciP8HKzVamsBrXp1N_6QuzEV7iID4BcZTmfze5ec_gIYD&amp;__tn__=-UK-R&amp;c[0]=AT0gmXUqRJsgFr93mdgIiu41tLR9nrNbRWMftrsjaSRGuBd5v8sIQc645f5s3sEzOk2EbwmcaesT7xAqnE-8rwal3BBliAzyfeSsyvSCbV4C7NQ5RAejX3hgpcW0FKpTleZO_F3gyG6pB02_E1F62fZFHG-JSOZeYfFEyAVdpqiFMZuoQ_7zzfia8smAXcQKPcBWmFaaBq_w9cQJW5IWYOoVTggZLQDonuUQ\" target=\"_blank\" rel=\"nofollow noopener noreferrer\">https:\/\/youtu.be\/R2YobWVqGWc?t=7727<\/a><\/div>\n<div dir=\"auto\"><a href=\"https:\/\/photos.app.goo.gl\/KRCddjsLkqvqe67U9\">ALBUM FOTO<\/a><\/div>\n<div dir=\"auto\"><a href=\"https:\/\/www.protopopiatebn.ro\/index.php\/parohia-greco-catolica-sf-ioan-botezatorul-cormaia\/\">SCURT ISTORIC<\/a><\/div>\n<\/div>\n","protected":false},"excerpt":{"rendered":"<p>\u00cen S\u0103rb\u0103toarea \u201eT\u0103ierii capului Sf\u00e2ntului Ioan Botez\u0103torul\u201d, 29 august 2023, Preasfin\u021bia Sa Claudiu, Episcopul de Cluj-Gherla, a vizitat Parohia Greco-Catolic\u0103 Cormaia (l\u00e2ng\u0103 S\u00e2ngeorz-B\u0103i). Ierarhul a fost primit cu mult\u0103 bucurie de pr. paroh Nicolae Jarda &#8211; preot la Cormaia, dar \u0219i p\u0103stor al credincio\u0219ilor din S\u00e2ngeorz-B\u0103i -, \u00een gr\u0103dina bisericii \u201eSf. Ioan Botez\u0103torul\u201d. Primirea Episcopului &#8230; <span class=\"more\"><a class=\"more-link\" href=\"https:\/\/www.protopopiatebn.ro\/index.php\/2023\/08\/30\/hramul-parohiei-greco-catolice-sf-ioan-botezatorul-cormaia\/\">[Read more&#8230;]<\/a><\/span><\/p>\n","protected":false},"author":3,"featured_media":0,"comment_status":"open","ping_status":"open","sticky":false,"template":"","format":"standard","meta":{"footnotes":""},"categories":[1],"tags":[],"class_list":{"0":"entry","1":"post","2":"publish","3":"author-protos","4":"post-515","6":"format-standard","7":"category-uncategorized"},"yoast_head":"<!-- This site is optimized with the Yoast SEO plugin v27.5 - https:\/\/yoast.com\/product\/yoast-seo-wordpress\/ -->\n<title>Hramul Parohiei Greco-Catolice &quot;Sf. Ioan Botez\u0103torul&quot; Cormaia - PROTOPOPIATELE GRECO-CATOLICE BECLEAN, BISTRI\u021aA \u0218I RODNA<\/title>\n<meta name=\"robots\" content=\"index, follow, max-snippet:-1, max-image-preview:large, max-video-preview:-1\" \/>\n<link rel=\"canonical\" href=\"https:\/\/www.protopopiatebn.ro\/index.php\/2023\/08\/30\/hramul-parohiei-greco-catolice-sf-ioan-botezatorul-cormaia\/\" \/>\n<meta property=\"og:locale\" content=\"ro_RO\" \/>\n<meta property=\"og:type\" content=\"article\" \/>\n<meta property=\"og:title\" content=\"Hramul Parohiei Greco-Catolice &quot;Sf. Ioan Botez\u0103torul&quot; Cormaia - PROTOPOPIATELE GRECO-CATOLICE BECLEAN, BISTRI\u021aA \u0218I RODNA\" \/>\n<meta property=\"og:description\" content=\"\u00cen S\u0103rb\u0103toarea \u201eT\u0103ierii capului Sf\u00e2ntului Ioan Botez\u0103torul\u201d, 29 august 2023, Preasfin\u021bia Sa Claudiu, Episcopul de Cluj-Gherla, a vizitat Parohia Greco-Catolic\u0103 Cormaia (l\u00e2ng\u0103 S\u00e2ngeorz-B\u0103i). Ierarhul a fost primit cu mult\u0103 bucurie de pr. paroh Nicolae Jarda &#8211; preot la Cormaia, dar \u0219i p\u0103stor al credincio\u0219ilor din S\u00e2ngeorz-B\u0103i -, \u00een gr\u0103dina bisericii \u201eSf. Ioan Botez\u0103torul\u201d. Primirea Episcopului ... [Read more...]\" \/>\n<meta property=\"og:url\" content=\"https:\/\/www.protopopiatebn.ro\/index.php\/2023\/08\/30\/hramul-parohiei-greco-catolice-sf-ioan-botezatorul-cormaia\/\" \/>\n<meta property=\"og:site_name\" content=\"PROTOPOPIATELE GRECO-CATOLICE BECLEAN, BISTRI\u021aA \u0218I RODNA\" \/>\n<meta property=\"article:published_time\" content=\"2023-08-30T16:28:06+00:00\" \/>\n<meta property=\"article:modified_time\" content=\"2023-08-30T16:38:52+00:00\" \/>\n<meta property=\"og:image\" content=\"https:\/\/www.protopopiatebn.ro\/wp-content\/uploads\/2023\/08\/20230829_110857-1024x576.jpg\" \/>\n<meta name=\"author\" content=\"media\" \/>\n<meta name=\"twitter:card\" content=\"summary_large_image\" \/>\n<meta name=\"twitter:label1\" content=\"Scris de\" \/>\n\t<meta name=\"twitter:data1\" content=\"media\" \/>\n\t<meta name=\"twitter:label2\" content=\"Timp estimat pentru citire\" \/>\n\t<meta name=\"twitter:data2\" content=\"3 minute\" \/>\n<script type=\"application\/ld+json\" class=\"yoast-schema-graph\">{\"@context\":\"https:\\\/\\\/schema.org\",\"@graph\":[{\"@type\":\"Article\",\"@id\":\"https:\\\/\\\/www.protopopiatebn.ro\\\/index.php\\\/2023\\\/08\\\/30\\\/hramul-parohiei-greco-catolice-sf-ioan-botezatorul-cormaia\\\/#article\",\"isPartOf\":{\"@id\":\"https:\\\/\\\/www.protopopiatebn.ro\\\/index.php\\\/2023\\\/08\\\/30\\\/hramul-parohiei-greco-catolice-sf-ioan-botezatorul-cormaia\\\/\"},\"author\":{\"name\":\"media\",\"@id\":\"https:\\\/\\\/www.protopopiatebn.ro\\\/#\\\/schema\\\/person\\\/197df79e4c7a10df5e789cc6657cf4b6\"},\"headline\":\"Hramul Parohiei Greco-Catolice &#8222;Sf. Ioan Botez\u0103torul&#8221; Cormaia\",\"datePublished\":\"2023-08-30T16:28:06+00:00\",\"dateModified\":\"2023-08-30T16:38:52+00:00\",\"mainEntityOfPage\":{\"@id\":\"https:\\\/\\\/www.protopopiatebn.ro\\\/index.php\\\/2023\\\/08\\\/30\\\/hramul-parohiei-greco-catolice-sf-ioan-botezatorul-cormaia\\\/\"},\"wordCount\":636,\"commentCount\":0,\"image\":{\"@id\":\"https:\\\/\\\/www.protopopiatebn.ro\\\/index.php\\\/2023\\\/08\\\/30\\\/hramul-parohiei-greco-catolice-sf-ioan-botezatorul-cormaia\\\/#primaryimage\"},\"thumbnailUrl\":\"https:\\\/\\\/www.protopopiatebn.ro\\\/wp-content\\\/uploads\\\/2023\\\/08\\\/20230829_110857-1024x576.jpg\",\"articleSection\":[\"Uncategorized\"],\"inLanguage\":\"ro-RO\",\"potentialAction\":[{\"@type\":\"CommentAction\",\"name\":\"Comment\",\"target\":[\"https:\\\/\\\/www.protopopiatebn.ro\\\/index.php\\\/2023\\\/08\\\/30\\\/hramul-parohiei-greco-catolice-sf-ioan-botezatorul-cormaia\\\/#respond\"]}]},{\"@type\":\"WebPage\",\"@id\":\"https:\\\/\\\/www.protopopiatebn.ro\\\/index.php\\\/2023\\\/08\\\/30\\\/hramul-parohiei-greco-catolice-sf-ioan-botezatorul-cormaia\\\/\",\"url\":\"https:\\\/\\\/www.protopopiatebn.ro\\\/index.php\\\/2023\\\/08\\\/30\\\/hramul-parohiei-greco-catolice-sf-ioan-botezatorul-cormaia\\\/\",\"name\":\"Hramul Parohiei Greco-Catolice \\\"Sf. Ioan Botez\u0103torul\\\" Cormaia - PROTOPOPIATELE GRECO-CATOLICE BECLEAN, BISTRI\u021aA \u0218I RODNA\",\"isPartOf\":{\"@id\":\"https:\\\/\\\/www.protopopiatebn.ro\\\/#website\"},\"primaryImageOfPage\":{\"@id\":\"https:\\\/\\\/www.protopopiatebn.ro\\\/index.php\\\/2023\\\/08\\\/30\\\/hramul-parohiei-greco-catolice-sf-ioan-botezatorul-cormaia\\\/#primaryimage\"},\"image\":{\"@id\":\"https:\\\/\\\/www.protopopiatebn.ro\\\/index.php\\\/2023\\\/08\\\/30\\\/hramul-parohiei-greco-catolice-sf-ioan-botezatorul-cormaia\\\/#primaryimage\"},\"thumbnailUrl\":\"https:\\\/\\\/www.protopopiatebn.ro\\\/wp-content\\\/uploads\\\/2023\\\/08\\\/20230829_110857-1024x576.jpg\",\"datePublished\":\"2023-08-30T16:28:06+00:00\",\"dateModified\":\"2023-08-30T16:38:52+00:00\",\"author\":{\"@id\":\"https:\\\/\\\/www.protopopiatebn.ro\\\/#\\\/schema\\\/person\\\/197df79e4c7a10df5e789cc6657cf4b6\"},\"breadcrumb\":{\"@id\":\"https:\\\/\\\/www.protopopiatebn.ro\\\/index.php\\\/2023\\\/08\\\/30\\\/hramul-parohiei-greco-catolice-sf-ioan-botezatorul-cormaia\\\/#breadcrumb\"},\"inLanguage\":\"ro-RO\",\"potentialAction\":[{\"@type\":\"ReadAction\",\"target\":[\"https:\\\/\\\/www.protopopiatebn.ro\\\/index.php\\\/2023\\\/08\\\/30\\\/hramul-parohiei-greco-catolice-sf-ioan-botezatorul-cormaia\\\/\"]}]},{\"@type\":\"ImageObject\",\"inLanguage\":\"ro-RO\",\"@id\":\"https:\\\/\\\/www.protopopiatebn.ro\\\/index.php\\\/2023\\\/08\\\/30\\\/hramul-parohiei-greco-catolice-sf-ioan-botezatorul-cormaia\\\/#primaryimage\",\"url\":\"https:\\\/\\\/www.protopopiatebn.ro\\\/wp-content\\\/uploads\\\/2023\\\/08\\\/20230829_110857.jpg\",\"contentUrl\":\"https:\\\/\\\/www.protopopiatebn.ro\\\/wp-content\\\/uploads\\\/2023\\\/08\\\/20230829_110857.jpg\",\"width\":1691,\"height\":951},{\"@type\":\"BreadcrumbList\",\"@id\":\"https:\\\/\\\/www.protopopiatebn.ro\\\/index.php\\\/2023\\\/08\\\/30\\\/hramul-parohiei-greco-catolice-sf-ioan-botezatorul-cormaia\\\/#breadcrumb\",\"itemListElement\":[{\"@type\":\"ListItem\",\"position\":1,\"name\":\"Home\",\"item\":\"https:\\\/\\\/www.protopopiatebn.ro\\\/\"},{\"@type\":\"ListItem\",\"position\":2,\"name\":\"Hramul Parohiei Greco-Catolice &#8222;Sf. Ioan Botez\u0103torul&#8221; Cormaia\"}]},{\"@type\":\"WebSite\",\"@id\":\"https:\\\/\\\/www.protopopiatebn.ro\\\/#website\",\"url\":\"https:\\\/\\\/www.protopopiatebn.ro\\\/\",\"name\":\"PROTOPOPIATELE GRECO-CATOLICE BECLEAN, BISTRI\u021aA \u0218I RODNA\",\"description\":\"\",\"potentialAction\":[{\"@type\":\"SearchAction\",\"target\":{\"@type\":\"EntryPoint\",\"urlTemplate\":\"https:\\\/\\\/www.protopopiatebn.ro\\\/?s={search_term_string}\"},\"query-input\":{\"@type\":\"PropertyValueSpecification\",\"valueRequired\":true,\"valueName\":\"search_term_string\"}}],\"inLanguage\":\"ro-RO\"},{\"@type\":\"Person\",\"@id\":\"https:\\\/\\\/www.protopopiatebn.ro\\\/#\\\/schema\\\/person\\\/197df79e4c7a10df5e789cc6657cf4b6\",\"name\":\"media\",\"image\":{\"@type\":\"ImageObject\",\"inLanguage\":\"ro-RO\",\"@id\":\"https:\\\/\\\/secure.gravatar.com\\\/avatar\\\/04cd0dc906eda4d18642465bdfac0c5e44dc1c0aee2c6e9ddadbbd2294e96fe6?s=96&d=mm&r=g\",\"url\":\"https:\\\/\\\/secure.gravatar.com\\\/avatar\\\/04cd0dc906eda4d18642465bdfac0c5e44dc1c0aee2c6e9ddadbbd2294e96fe6?s=96&d=mm&r=g\",\"contentUrl\":\"https:\\\/\\\/secure.gravatar.com\\\/avatar\\\/04cd0dc906eda4d18642465bdfac0c5e44dc1c0aee2c6e9ddadbbd2294e96fe6?s=96&d=mm&r=g\",\"caption\":\"media\"},\"sameAs\":[\"http:\\\/\\\/www.protopopiatebn.ro\"],\"url\":\"https:\\\/\\\/www.protopopiatebn.ro\\\/index.php\\\/author\\\/protos\\\/\"}]}<\/script>\n<!-- \/ Yoast SEO plugin. -->","yoast_head_json":{"title":"Hramul Parohiei Greco-Catolice \"Sf. Ioan Botez\u0103torul\" Cormaia - PROTOPOPIATELE GRECO-CATOLICE BECLEAN, BISTRI\u021aA \u0218I RODNA","robots":{"index":"index","follow":"follow","max-snippet":"max-snippet:-1","max-image-preview":"max-image-preview:large","max-video-preview":"max-video-preview:-1"},"canonical":"https:\/\/www.protopopiatebn.ro\/index.php\/2023\/08\/30\/hramul-parohiei-greco-catolice-sf-ioan-botezatorul-cormaia\/","og_locale":"ro_RO","og_type":"article","og_title":"Hramul Parohiei Greco-Catolice \"Sf. Ioan Botez\u0103torul\" Cormaia - PROTOPOPIATELE GRECO-CATOLICE BECLEAN, BISTRI\u021aA \u0218I RODNA","og_description":"\u00cen S\u0103rb\u0103toarea \u201eT\u0103ierii capului Sf\u00e2ntului Ioan Botez\u0103torul\u201d, 29 august 2023, Preasfin\u021bia Sa Claudiu, Episcopul de Cluj-Gherla, a vizitat Parohia Greco-Catolic\u0103 Cormaia (l\u00e2ng\u0103 S\u00e2ngeorz-B\u0103i). Ierarhul a fost primit cu mult\u0103 bucurie de pr. paroh Nicolae Jarda &#8211; preot la Cormaia, dar \u0219i p\u0103stor al credincio\u0219ilor din S\u00e2ngeorz-B\u0103i -, \u00een gr\u0103dina bisericii \u201eSf. Ioan Botez\u0103torul\u201d. Primirea Episcopului ... [Read more...]","og_url":"https:\/\/www.protopopiatebn.ro\/index.php\/2023\/08\/30\/hramul-parohiei-greco-catolice-sf-ioan-botezatorul-cormaia\/","og_site_name":"PROTOPOPIATELE GRECO-CATOLICE BECLEAN, BISTRI\u021aA \u0218I RODNA","article_published_time":"2023-08-30T16:28:06+00:00","article_modified_time":"2023-08-30T16:38:52+00:00","og_image":[{"url":"https:\/\/www.protopopiatebn.ro\/wp-content\/uploads\/2023\/08\/20230829_110857-1024x576.jpg","type":"","width":"","height":""}],"author":"media","twitter_card":"summary_large_image","twitter_misc":{"Scris de":"media","Timp estimat pentru citire":"3 minute"},"schema":{"@context":"https:\/\/schema.org","@graph":[{"@type":"Article","@id":"https:\/\/www.protopopiatebn.ro\/index.php\/2023\/08\/30\/hramul-parohiei-greco-catolice-sf-ioan-botezatorul-cormaia\/#article","isPartOf":{"@id":"https:\/\/www.protopopiatebn.ro\/index.php\/2023\/08\/30\/hramul-parohiei-greco-catolice-sf-ioan-botezatorul-cormaia\/"},"author":{"name":"media","@id":"https:\/\/www.protopopiatebn.ro\/#\/schema\/person\/197df79e4c7a10df5e789cc6657cf4b6"},"headline":"Hramul Parohiei Greco-Catolice &#8222;Sf. Ioan Botez\u0103torul&#8221; Cormaia","datePublished":"2023-08-30T16:28:06+00:00","dateModified":"2023-08-30T16:38:52+00:00","mainEntityOfPage":{"@id":"https:\/\/www.protopopiatebn.ro\/index.php\/2023\/08\/30\/hramul-parohiei-greco-catolice-sf-ioan-botezatorul-cormaia\/"},"wordCount":636,"commentCount":0,"image":{"@id":"https:\/\/www.protopopiatebn.ro\/index.php\/2023\/08\/30\/hramul-parohiei-greco-catolice-sf-ioan-botezatorul-cormaia\/#primaryimage"},"thumbnailUrl":"https:\/\/www.protopopiatebn.ro\/wp-content\/uploads\/2023\/08\/20230829_110857-1024x576.jpg","articleSection":["Uncategorized"],"inLanguage":"ro-RO","potentialAction":[{"@type":"CommentAction","name":"Comment","target":["https:\/\/www.protopopiatebn.ro\/index.php\/2023\/08\/30\/hramul-parohiei-greco-catolice-sf-ioan-botezatorul-cormaia\/#respond"]}]},{"@type":"WebPage","@id":"https:\/\/www.protopopiatebn.ro\/index.php\/2023\/08\/30\/hramul-parohiei-greco-catolice-sf-ioan-botezatorul-cormaia\/","url":"https:\/\/www.protopopiatebn.ro\/index.php\/2023\/08\/30\/hramul-parohiei-greco-catolice-sf-ioan-botezatorul-cormaia\/","name":"Hramul Parohiei Greco-Catolice \"Sf. Ioan Botez\u0103torul\" Cormaia - PROTOPOPIATELE GRECO-CATOLICE BECLEAN, BISTRI\u021aA \u0218I RODNA","isPartOf":{"@id":"https:\/\/www.protopopiatebn.ro\/#website"},"primaryImageOfPage":{"@id":"https:\/\/www.protopopiatebn.ro\/index.php\/2023\/08\/30\/hramul-parohiei-greco-catolice-sf-ioan-botezatorul-cormaia\/#primaryimage"},"image":{"@id":"https:\/\/www.protopopiatebn.ro\/index.php\/2023\/08\/30\/hramul-parohiei-greco-catolice-sf-ioan-botezatorul-cormaia\/#primaryimage"},"thumbnailUrl":"https:\/\/www.protopopiatebn.ro\/wp-content\/uploads\/2023\/08\/20230829_110857-1024x576.jpg","datePublished":"2023-08-30T16:28:06+00:00","dateModified":"2023-08-30T16:38:52+00:00","author":{"@id":"https:\/\/www.protopopiatebn.ro\/#\/schema\/person\/197df79e4c7a10df5e789cc6657cf4b6"},"breadcrumb":{"@id":"https:\/\/www.protopopiatebn.ro\/index.php\/2023\/08\/30\/hramul-parohiei-greco-catolice-sf-ioan-botezatorul-cormaia\/#breadcrumb"},"inLanguage":"ro-RO","potentialAction":[{"@type":"ReadAction","target":["https:\/\/www.protopopiatebn.ro\/index.php\/2023\/08\/30\/hramul-parohiei-greco-catolice-sf-ioan-botezatorul-cormaia\/"]}]},{"@type":"ImageObject","inLanguage":"ro-RO","@id":"https:\/\/www.protopopiatebn.ro\/index.php\/2023\/08\/30\/hramul-parohiei-greco-catolice-sf-ioan-botezatorul-cormaia\/#primaryimage","url":"https:\/\/www.protopopiatebn.ro\/wp-content\/uploads\/2023\/08\/20230829_110857.jpg","contentUrl":"https:\/\/www.protopopiatebn.ro\/wp-content\/uploads\/2023\/08\/20230829_110857.jpg","width":1691,"height":951},{"@type":"BreadcrumbList","@id":"https:\/\/www.protopopiatebn.ro\/index.php\/2023\/08\/30\/hramul-parohiei-greco-catolice-sf-ioan-botezatorul-cormaia\/#breadcrumb","itemListElement":[{"@type":"ListItem","position":1,"name":"Home","item":"https:\/\/www.protopopiatebn.ro\/"},{"@type":"ListItem","position":2,"name":"Hramul Parohiei Greco-Catolice &#8222;Sf. Ioan Botez\u0103torul&#8221; Cormaia"}]},{"@type":"WebSite","@id":"https:\/\/www.protopopiatebn.ro\/#website","url":"https:\/\/www.protopopiatebn.ro\/","name":"PROTOPOPIATELE GRECO-CATOLICE BECLEAN, BISTRI\u021aA \u0218I RODNA","description":"","potentialAction":[{"@type":"SearchAction","target":{"@type":"EntryPoint","urlTemplate":"https:\/\/www.protopopiatebn.ro\/?s={search_term_string}"},"query-input":{"@type":"PropertyValueSpecification","valueRequired":true,"valueName":"search_term_string"}}],"inLanguage":"ro-RO"},{"@type":"Person","@id":"https:\/\/www.protopopiatebn.ro\/#\/schema\/person\/197df79e4c7a10df5e789cc6657cf4b6","name":"media","image":{"@type":"ImageObject","inLanguage":"ro-RO","@id":"https:\/\/secure.gravatar.com\/avatar\/04cd0dc906eda4d18642465bdfac0c5e44dc1c0aee2c6e9ddadbbd2294e96fe6?s=96&d=mm&r=g","url":"https:\/\/secure.gravatar.com\/avatar\/04cd0dc906eda4d18642465bdfac0c5e44dc1c0aee2c6e9ddadbbd2294e96fe6?s=96&d=mm&r=g","contentUrl":"https:\/\/secure.gravatar.com\/avatar\/04cd0dc906eda4d18642465bdfac0c5e44dc1c0aee2c6e9ddadbbd2294e96fe6?s=96&d=mm&r=g","caption":"media"},"sameAs":["http:\/\/www.protopopiatebn.ro"],"url":"https:\/\/www.protopopiatebn.ro\/index.php\/author\/protos\/"}]}},"_links":{"self":[{"href":"https:\/\/www.protopopiatebn.ro\/index.php\/wp-json\/wp\/v2\/posts\/515","targetHints":{"allow":["GET"]}}],"collection":[{"href":"https:\/\/www.protopopiatebn.ro\/index.php\/wp-json\/wp\/v2\/posts"}],"about":[{"href":"https:\/\/www.protopopiatebn.ro\/index.php\/wp-json\/wp\/v2\/types\/post"}],"author":[{"embeddable":true,"href":"https:\/\/www.protopopiatebn.ro\/index.php\/wp-json\/wp\/v2\/users\/3"}],"replies":[{"embeddable":true,"href":"https:\/\/www.protopopiatebn.ro\/index.php\/wp-json\/wp\/v2\/comments?post=515"}],"version-history":[{"count":4,"href":"https:\/\/www.protopopiatebn.ro\/index.php\/wp-json\/wp\/v2\/posts\/515\/revisions"}],"predecessor-version":[{"id":519,"href":"https:\/\/www.protopopiatebn.ro\/index.php\/wp-json\/wp\/v2\/posts\/515\/revisions\/519"}],"wp:attachment":[{"href":"https:\/\/www.protopopiatebn.ro\/index.php\/wp-json\/wp\/v2\/media?parent=515"}],"wp:term":[{"taxonomy":"category","embeddable":true,"href":"https:\/\/www.protopopiatebn.ro\/index.php\/wp-json\/wp\/v2\/categories?post=515"},{"taxonomy":"post_tag","embeddable":true,"href":"https:\/\/www.protopopiatebn.ro\/index.php\/wp-json\/wp\/v2\/tags?post=515"}],"curies":[{"name":"wp","href":"https:\/\/api.w.org\/{rel}","templated":true}]}}