{"id":503,"date":"2023-08-28T14:37:48","date_gmt":"2023-08-28T12:37:48","guid":{"rendered":"https:\/\/www.protopopiatebn.ro\/?p=503"},"modified":"2023-08-28T15:55:28","modified_gmt":"2023-08-28T13:55:28","slug":"503","status":"publish","type":"post","link":"https:\/\/www.protopopiatebn.ro\/index.php\/2023\/08\/28\/503\/","title":{"rendered":"Hramul Bisericii greco-catolice \u201dSf. Ioan Botez\u0103torul\u201d Cormaia, 29 august 2023, ora 10.30"},"content":{"rendered":"<div class=\"\" dir=\"auto\">\n<div id=\":rl:\" class=\"x1iorvi4 x1pi30zi x1l90r2v x1swvt13\" data-ad-comet-preview=\"message\" data-ad-preview=\"message\">\n<div class=\"x78zum5 xdt5ytf xz62fqu x16ldp7u\">\n<div class=\"xu06os2 x1ok221b\">\n<div class=\"xdj266r x11i5rnm xat24cr x1mh8g0r x1vvkbs x126k92a\">\n<div class=\"xdj266r x11i5rnm xat24cr x1mh8g0r x1vvkbs x126k92a\">\n<div dir=\"auto\" style=\"text-align: center;\"><strong>Hramul Bisericii Greco-Catolice &#8222;Sf. Ioan Botez\u0103torul&#8221; Cormaia, 29 august 2023, Sf. Liturghie Arhiereasc\u0103 ora 10.30<\/strong><\/div>\n<div dir=\"auto\"><\/div>\n<div dir=\"auto\"><img loading=\"lazy\" decoding=\"async\" class=\"size-full wp-image-493 aligncenter\" src=\"https:\/\/www.protopopiatebn.ro\/wp-content\/uploads\/2023\/08\/369841854_671277241694739_4654198575533417499_n.jpg\" alt=\"\" width=\"526\" height=\"528\" srcset=\"https:\/\/www.protopopiatebn.ro\/wp-content\/uploads\/2023\/08\/369841854_671277241694739_4654198575533417499_n.jpg 526w, https:\/\/www.protopopiatebn.ro\/wp-content\/uploads\/2023\/08\/369841854_671277241694739_4654198575533417499_n-300x300.jpg 300w, https:\/\/www.protopopiatebn.ro\/wp-content\/uploads\/2023\/08\/369841854_671277241694739_4654198575533417499_n-150x150.jpg 150w\" sizes=\"auto, (max-width: 526px) 100vw, 526px\" \/><\/div>\n<div dir=\"auto\">Preasfin\u021bia Sa Claudiu, Episcopul de Cluj-Gherla va face o vizit\u0103 pastoral\u0103 \u00een Parohia Greco-Catolic\u0103 Cormaia, Protopopiatul Rodna, mar\u021bi, 29 august 2023, \u00een S\u0103rb\u0103toarea T\u0103ierii Capului Sf\u00e2ntului Ioan Botez\u0103torul.<\/div>\n<\/div>\n<div class=\"x11i5rnm xat24cr x1mh8g0r x1vvkbs xtlvy1s x126k92a\">\n<div dir=\"auto\">\u00cen aceast\u0103 zi, comunitatea parohial\u0103 din Cormaia \u0219i pr. paroh Nicolae Jarda vor celebra hramul bisericii parohiale \u201eSf\u00e2ntul Ioan Botez\u0103torul\u201d.<\/div>\n<\/div>\n<div class=\"x11i5rnm xat24cr x1mh8g0r x1vvkbs xtlvy1s x126k92a\">\n<div dir=\"auto\">\u00cen masa altarului bisericii din Cormaia se afl\u0103 moa\u0219tele Fericitului episcop martir Iuliu Hossu (depuse de c\u0103tre Preasfin\u021bia Sa Florentin, la 25 august 2019, cu ocazia binecuv\u00e2nt\u0103rii sf. altar). Tot atunci a fost binecuv\u00e2ntat un bust al Cardinalului Iuliu Hossu, situat l\u00e2ng\u0103 biseric\u0103.<\/div>\n<\/div>\n<div class=\"x11i5rnm xat24cr x1mh8g0r x1vvkbs xtlvy1s x126k92a\">\n<div dir=\"auto\">Programul acestei s\u0103rb\u0103tori, la care sunt invita\u021bi to\u021bi cei ce doresc s\u0103 se uneasc\u0103 \u00een rug\u0103ciune, este urm\u0103torul:<\/div>\n<\/div>\n<div class=\"x11i5rnm xat24cr x1mh8g0r x1vvkbs xtlvy1s x126k92a\">\n<div dir=\"auto\">ora 9.00 Sf\u00e2ntul Rozariu<\/div>\n<div dir=\"auto\">ora 10.20 Primirea Preasfin\u021bitului Claudiu, Episcopul de Cluj-Gherla<\/div>\n<div dir=\"auto\">ora 10.30 Sf\u00e2nta Liturghie arhiereasc\u0103<\/div>\n<\/div>\n<div class=\"x11i5rnm xat24cr x1mh8g0r x1vvkbs xtlvy1s x126k92a\">\n<div dir=\"auto\">S\u0103rb\u0103toarea din 29 august, care \u00eencheie \u0219irul s\u0103rb\u0103torilor anului bisericesc, este zi de post \u0219i ajun (conform calendarului liturgic), fiind aten\u021bionare asupra finalit\u0103\u021bii tragice a \u201eosp\u0103\u021bului\u201d lumii: tipsia cu capul Sf\u00e2ntului Ioan Botez\u0103torul.<\/div>\n<\/div>\n<div class=\"x11i5rnm xat24cr x1mh8g0r x1vvkbs xtlvy1s x126k92a\">\n<div dir=\"auto\">Aceast\u0103 s\u0103rb\u0103toare reprezint\u0103 o puternic\u0103 invita\u021bie la a fi m\u0103rturisitori ai adev\u0103rului &#8211; dup\u0103 exemplul Sf\u00e2ntului Proroc \u0219i \u00cenaintemerg\u0103tor al Domnului, Ioan \u0219i dup\u0103 cel al Fericitului episcop martir Iuliu Hossu -, \u0219i, totodat\u0103, a lua parte \u201eOsp\u0103\u021bul\u201d d\u0103t\u0103tor de via\u021b\u0103, cel al Familiei lui Dumnezeu: Sf\u00e2nta Liturghie.<\/div>\n<div dir=\"auto\" style=\"text-align: right;\">Biroul Media al Eparhiei de Cluj-Gherla<\/div>\n<div dir=\"auto\"><a href=\"https:\/\/www.protopopiatebn.ro\/index.php\/parohia-greco-catolica-sf-ioan-botezatorul-cormaia\/\">SCURT ISTORIC AL PAROHIEI<\/a><\/div>\n<div dir=\"auto\"><a href=\"https:\/\/photos.app.goo.gl\/hA6ueVsoZLucGFyC9\">ALBUM FOTO<\/a><\/div>\n<\/div>\n<div class=\"x11i5rnm xat24cr x1mh8g0r x1vvkbs xtlvy1s x126k92a\">\n<div dir=\"auto\">Celebrarea va fi transmis\u0103 \u00een direct:<\/div>\n<div dir=\"auto\">&#8211; de Radio Maria: <a class=\"x1i10hfl xjbqb8w x6umtig x1b1mbwd xaqea5y xav7gou x9f619 x1ypdohk xt0psk2 xe8uvvx xdj266r x11i5rnm xat24cr x1mh8g0r xexx8yu x4uap5 x18d9i69 xkhd6sd x16tdsg8 x1hl2dhg xggy1nq x1a2a7pz xt0b8zv x1fey0fg\" tabindex=\"0\" role=\"link\" href=\"https:\/\/dreamsiteradioplayer.it\/wf\/wfromania\/\" target=\"_blank\" rel=\"nofollow noopener noreferrer\">https:\/\/dreamsiteradioplayer.it\/wf\/wfromania\/<\/a><\/div>\n<div dir=\"auto\">Canalul Youtube al episcopiei de Cluj-Gherla<\/div>\n<p><iframe loading=\"lazy\" src=\"https:\/\/www.youtube.com\/embed\/live_stream?channel=UCLBzZ7tawK8UP3T9xHRBEAA\" width=\"560\" height=\"315\" frameborder=\"0\" allowfullscreen=\"allowfullscreen\" data-mce-fragment=\"1\"><\/iframe><\/p>\n<div dir=\"auto\">LINK ACTIV DOAR PE DURATA TRANSMISIEI<\/div>\n<div dir=\"auto\"><\/div>\n<\/div>\n<\/div>\n<\/div>\n<\/div>\n<\/div>\n<\/div>\n<div id=\":rm:\" class=\"x1n2onr6\">\n<div class=\"x1n2onr6\">\n<div class=\"x1n2onr6\">\n<div class=\"x1n2onr6\">\n<div class=\"x6ikm8r x10wlt62 x10l6tqk\">\n<div class=\"x6ikm8r x10wlt62\">\n<div class=\"xqtp20y x6ikm8r x10wlt62 x1n2onr6\">\n<div class=\"x10l6tqk x13vifvy\"><\/div>\n<\/div>\n<\/div>\n<\/div>\n<\/div>\n<\/div>\n<\/div>\n<\/div>\n","protected":false},"excerpt":{"rendered":"<p>Hramul Bisericii Greco-Catolice &#8222;Sf. Ioan Botez\u0103torul&#8221; Cormaia, 29 august 2023, Sf. Liturghie Arhiereasc\u0103 ora 10.30 Preasfin\u021bia Sa Claudiu, Episcopul de Cluj-Gherla va face o vizit\u0103 pastoral\u0103 \u00een Parohia Greco-Catolic\u0103 Cormaia, Protopopiatul Rodna, mar\u021bi, 29 august 2023, \u00een S\u0103rb\u0103toarea T\u0103ierii Capului Sf\u00e2ntului Ioan Botez\u0103torul. \u00cen aceast\u0103 zi, comunitatea parohial\u0103 din Cormaia \u0219i pr. paroh Nicolae Jarda &#8230; <span class=\"more\"><a class=\"more-link\" href=\"https:\/\/www.protopopiatebn.ro\/index.php\/2023\/08\/28\/503\/\">[Read more&#8230;]<\/a><\/span><\/p>\n","protected":false},"author":3,"featured_media":0,"comment_status":"open","ping_status":"open","sticky":false,"template":"","format":"standard","meta":{"footnotes":""},"categories":[1],"tags":[],"class_list":{"0":"entry","1":"post","2":"publish","3":"author-protos","4":"post-503","6":"format-standard","7":"category-uncategorized"},"yoast_head":"<!-- This site is optimized with the Yoast SEO plugin v27.5 - https:\/\/yoast.com\/product\/yoast-seo-wordpress\/ -->\n<title>Hramul Bisericii greco-catolice \u201dSf. Ioan Botez\u0103torul\u201d Cormaia, 29 august 2023, ora 10.30 - PROTOPOPIATELE GRECO-CATOLICE BECLEAN, BISTRI\u021aA \u0218I RODNA<\/title>\n<meta name=\"robots\" content=\"index, follow, max-snippet:-1, max-image-preview:large, max-video-preview:-1\" \/>\n<link rel=\"canonical\" href=\"https:\/\/www.protopopiatebn.ro\/index.php\/2023\/08\/28\/503\/\" \/>\n<meta property=\"og:locale\" content=\"ro_RO\" \/>\n<meta property=\"og:type\" content=\"article\" \/>\n<meta property=\"og:title\" content=\"Hramul Bisericii greco-catolice \u201dSf. Ioan Botez\u0103torul\u201d Cormaia, 29 august 2023, ora 10.30 - PROTOPOPIATELE GRECO-CATOLICE BECLEAN, BISTRI\u021aA \u0218I RODNA\" \/>\n<meta property=\"og:description\" content=\"Hramul Bisericii Greco-Catolice &#8222;Sf. Ioan Botez\u0103torul&#8221; Cormaia, 29 august 2023, Sf. Liturghie Arhiereasc\u0103 ora 10.30 Preasfin\u021bia Sa Claudiu, Episcopul de Cluj-Gherla va face o vizit\u0103 pastoral\u0103 \u00een Parohia Greco-Catolic\u0103 Cormaia, Protopopiatul Rodna, mar\u021bi, 29 august 2023, \u00een S\u0103rb\u0103toarea T\u0103ierii Capului Sf\u00e2ntului Ioan Botez\u0103torul. \u00cen aceast\u0103 zi, comunitatea parohial\u0103 din Cormaia \u0219i pr. paroh Nicolae Jarda ... [Read more...]\" \/>\n<meta property=\"og:url\" content=\"https:\/\/www.protopopiatebn.ro\/index.php\/2023\/08\/28\/503\/\" \/>\n<meta property=\"og:site_name\" content=\"PROTOPOPIATELE GRECO-CATOLICE BECLEAN, BISTRI\u021aA \u0218I RODNA\" \/>\n<meta property=\"article:published_time\" content=\"2023-08-28T12:37:48+00:00\" \/>\n<meta property=\"article:modified_time\" content=\"2023-08-28T13:55:28+00:00\" \/>\n<meta property=\"og:image\" content=\"https:\/\/www.protopopiatebn.ro\/wp-content\/uploads\/2023\/08\/369841854_671277241694739_4654198575533417499_n.jpg\" \/>\n<meta name=\"author\" content=\"media\" \/>\n<meta name=\"twitter:card\" content=\"summary_large_image\" \/>\n<meta name=\"twitter:label1\" content=\"Scris de\" \/>\n\t<meta name=\"twitter:data1\" content=\"media\" \/>\n\t<meta name=\"twitter:label2\" content=\"Timp estimat pentru citire\" \/>\n\t<meta name=\"twitter:data2\" content=\"2 minute\" \/>\n<script type=\"application\/ld+json\" class=\"yoast-schema-graph\">{\"@context\":\"https:\\\/\\\/schema.org\",\"@graph\":[{\"@type\":\"Article\",\"@id\":\"https:\\\/\\\/www.protopopiatebn.ro\\\/index.php\\\/2023\\\/08\\\/28\\\/503\\\/#article\",\"isPartOf\":{\"@id\":\"https:\\\/\\\/www.protopopiatebn.ro\\\/index.php\\\/2023\\\/08\\\/28\\\/503\\\/\"},\"author\":{\"name\":\"media\",\"@id\":\"https:\\\/\\\/www.protopopiatebn.ro\\\/#\\\/schema\\\/person\\\/197df79e4c7a10df5e789cc6657cf4b6\"},\"headline\":\"Hramul Bisericii greco-catolice \u201dSf. Ioan Botez\u0103torul\u201d Cormaia, 29 august 2023, ora 10.30\",\"datePublished\":\"2023-08-28T12:37:48+00:00\",\"dateModified\":\"2023-08-28T13:55:28+00:00\",\"mainEntityOfPage\":{\"@id\":\"https:\\\/\\\/www.protopopiatebn.ro\\\/index.php\\\/2023\\\/08\\\/28\\\/503\\\/\"},\"wordCount\":306,\"commentCount\":0,\"image\":{\"@id\":\"https:\\\/\\\/www.protopopiatebn.ro\\\/index.php\\\/2023\\\/08\\\/28\\\/503\\\/#primaryimage\"},\"thumbnailUrl\":\"https:\\\/\\\/www.protopopiatebn.ro\\\/wp-content\\\/uploads\\\/2023\\\/08\\\/369841854_671277241694739_4654198575533417499_n.jpg\",\"articleSection\":[\"Uncategorized\"],\"inLanguage\":\"ro-RO\",\"potentialAction\":[{\"@type\":\"CommentAction\",\"name\":\"Comment\",\"target\":[\"https:\\\/\\\/www.protopopiatebn.ro\\\/index.php\\\/2023\\\/08\\\/28\\\/503\\\/#respond\"]}]},{\"@type\":\"WebPage\",\"@id\":\"https:\\\/\\\/www.protopopiatebn.ro\\\/index.php\\\/2023\\\/08\\\/28\\\/503\\\/\",\"url\":\"https:\\\/\\\/www.protopopiatebn.ro\\\/index.php\\\/2023\\\/08\\\/28\\\/503\\\/\",\"name\":\"Hramul Bisericii greco-catolice \u201dSf. Ioan Botez\u0103torul\u201d Cormaia, 29 august 2023, ora 10.30 - PROTOPOPIATELE GRECO-CATOLICE BECLEAN, BISTRI\u021aA \u0218I RODNA\",\"isPartOf\":{\"@id\":\"https:\\\/\\\/www.protopopiatebn.ro\\\/#website\"},\"primaryImageOfPage\":{\"@id\":\"https:\\\/\\\/www.protopopiatebn.ro\\\/index.php\\\/2023\\\/08\\\/28\\\/503\\\/#primaryimage\"},\"image\":{\"@id\":\"https:\\\/\\\/www.protopopiatebn.ro\\\/index.php\\\/2023\\\/08\\\/28\\\/503\\\/#primaryimage\"},\"thumbnailUrl\":\"https:\\\/\\\/www.protopopiatebn.ro\\\/wp-content\\\/uploads\\\/2023\\\/08\\\/369841854_671277241694739_4654198575533417499_n.jpg\",\"datePublished\":\"2023-08-28T12:37:48+00:00\",\"dateModified\":\"2023-08-28T13:55:28+00:00\",\"author\":{\"@id\":\"https:\\\/\\\/www.protopopiatebn.ro\\\/#\\\/schema\\\/person\\\/197df79e4c7a10df5e789cc6657cf4b6\"},\"breadcrumb\":{\"@id\":\"https:\\\/\\\/www.protopopiatebn.ro\\\/index.php\\\/2023\\\/08\\\/28\\\/503\\\/#breadcrumb\"},\"inLanguage\":\"ro-RO\",\"potentialAction\":[{\"@type\":\"ReadAction\",\"target\":[\"https:\\\/\\\/www.protopopiatebn.ro\\\/index.php\\\/2023\\\/08\\\/28\\\/503\\\/\"]}]},{\"@type\":\"ImageObject\",\"inLanguage\":\"ro-RO\",\"@id\":\"https:\\\/\\\/www.protopopiatebn.ro\\\/index.php\\\/2023\\\/08\\\/28\\\/503\\\/#primaryimage\",\"url\":\"https:\\\/\\\/www.protopopiatebn.ro\\\/wp-content\\\/uploads\\\/2023\\\/08\\\/369841854_671277241694739_4654198575533417499_n.jpg\",\"contentUrl\":\"https:\\\/\\\/www.protopopiatebn.ro\\\/wp-content\\\/uploads\\\/2023\\\/08\\\/369841854_671277241694739_4654198575533417499_n.jpg\",\"width\":526,\"height\":528},{\"@type\":\"BreadcrumbList\",\"@id\":\"https:\\\/\\\/www.protopopiatebn.ro\\\/index.php\\\/2023\\\/08\\\/28\\\/503\\\/#breadcrumb\",\"itemListElement\":[{\"@type\":\"ListItem\",\"position\":1,\"name\":\"Home\",\"item\":\"https:\\\/\\\/www.protopopiatebn.ro\\\/\"},{\"@type\":\"ListItem\",\"position\":2,\"name\":\"Hramul Bisericii greco-catolice \u201dSf. Ioan Botez\u0103torul\u201d Cormaia, 29 august 2023, ora 10.30\"}]},{\"@type\":\"WebSite\",\"@id\":\"https:\\\/\\\/www.protopopiatebn.ro\\\/#website\",\"url\":\"https:\\\/\\\/www.protopopiatebn.ro\\\/\",\"name\":\"PROTOPOPIATELE GRECO-CATOLICE BECLEAN, BISTRI\u021aA \u0218I RODNA\",\"description\":\"\",\"potentialAction\":[{\"@type\":\"SearchAction\",\"target\":{\"@type\":\"EntryPoint\",\"urlTemplate\":\"https:\\\/\\\/www.protopopiatebn.ro\\\/?s={search_term_string}\"},\"query-input\":{\"@type\":\"PropertyValueSpecification\",\"valueRequired\":true,\"valueName\":\"search_term_string\"}}],\"inLanguage\":\"ro-RO\"},{\"@type\":\"Person\",\"@id\":\"https:\\\/\\\/www.protopopiatebn.ro\\\/#\\\/schema\\\/person\\\/197df79e4c7a10df5e789cc6657cf4b6\",\"name\":\"media\",\"image\":{\"@type\":\"ImageObject\",\"inLanguage\":\"ro-RO\",\"@id\":\"https:\\\/\\\/secure.gravatar.com\\\/avatar\\\/04cd0dc906eda4d18642465bdfac0c5e44dc1c0aee2c6e9ddadbbd2294e96fe6?s=96&d=mm&r=g\",\"url\":\"https:\\\/\\\/secure.gravatar.com\\\/avatar\\\/04cd0dc906eda4d18642465bdfac0c5e44dc1c0aee2c6e9ddadbbd2294e96fe6?s=96&d=mm&r=g\",\"contentUrl\":\"https:\\\/\\\/secure.gravatar.com\\\/avatar\\\/04cd0dc906eda4d18642465bdfac0c5e44dc1c0aee2c6e9ddadbbd2294e96fe6?s=96&d=mm&r=g\",\"caption\":\"media\"},\"sameAs\":[\"http:\\\/\\\/www.protopopiatebn.ro\"],\"url\":\"https:\\\/\\\/www.protopopiatebn.ro\\\/index.php\\\/author\\\/protos\\\/\"}]}<\/script>\n<!-- \/ Yoast SEO plugin. -->","yoast_head_json":{"title":"Hramul Bisericii greco-catolice \u201dSf. Ioan Botez\u0103torul\u201d Cormaia, 29 august 2023, ora 10.30 - PROTOPOPIATELE GRECO-CATOLICE BECLEAN, BISTRI\u021aA \u0218I RODNA","robots":{"index":"index","follow":"follow","max-snippet":"max-snippet:-1","max-image-preview":"max-image-preview:large","max-video-preview":"max-video-preview:-1"},"canonical":"https:\/\/www.protopopiatebn.ro\/index.php\/2023\/08\/28\/503\/","og_locale":"ro_RO","og_type":"article","og_title":"Hramul Bisericii greco-catolice \u201dSf. Ioan Botez\u0103torul\u201d Cormaia, 29 august 2023, ora 10.30 - PROTOPOPIATELE GRECO-CATOLICE BECLEAN, BISTRI\u021aA \u0218I RODNA","og_description":"Hramul Bisericii Greco-Catolice &#8222;Sf. Ioan Botez\u0103torul&#8221; Cormaia, 29 august 2023, Sf. Liturghie Arhiereasc\u0103 ora 10.30 Preasfin\u021bia Sa Claudiu, Episcopul de Cluj-Gherla va face o vizit\u0103 pastoral\u0103 \u00een Parohia Greco-Catolic\u0103 Cormaia, Protopopiatul Rodna, mar\u021bi, 29 august 2023, \u00een S\u0103rb\u0103toarea T\u0103ierii Capului Sf\u00e2ntului Ioan Botez\u0103torul. \u00cen aceast\u0103 zi, comunitatea parohial\u0103 din Cormaia \u0219i pr. paroh Nicolae Jarda ... [Read more...]","og_url":"https:\/\/www.protopopiatebn.ro\/index.php\/2023\/08\/28\/503\/","og_site_name":"PROTOPOPIATELE GRECO-CATOLICE BECLEAN, BISTRI\u021aA \u0218I RODNA","article_published_time":"2023-08-28T12:37:48+00:00","article_modified_time":"2023-08-28T13:55:28+00:00","og_image":[{"url":"https:\/\/www.protopopiatebn.ro\/wp-content\/uploads\/2023\/08\/369841854_671277241694739_4654198575533417499_n.jpg","type":"","width":"","height":""}],"author":"media","twitter_card":"summary_large_image","twitter_misc":{"Scris de":"media","Timp estimat pentru citire":"2 minute"},"schema":{"@context":"https:\/\/schema.org","@graph":[{"@type":"Article","@id":"https:\/\/www.protopopiatebn.ro\/index.php\/2023\/08\/28\/503\/#article","isPartOf":{"@id":"https:\/\/www.protopopiatebn.ro\/index.php\/2023\/08\/28\/503\/"},"author":{"name":"media","@id":"https:\/\/www.protopopiatebn.ro\/#\/schema\/person\/197df79e4c7a10df5e789cc6657cf4b6"},"headline":"Hramul Bisericii greco-catolice \u201dSf. Ioan Botez\u0103torul\u201d Cormaia, 29 august 2023, ora 10.30","datePublished":"2023-08-28T12:37:48+00:00","dateModified":"2023-08-28T13:55:28+00:00","mainEntityOfPage":{"@id":"https:\/\/www.protopopiatebn.ro\/index.php\/2023\/08\/28\/503\/"},"wordCount":306,"commentCount":0,"image":{"@id":"https:\/\/www.protopopiatebn.ro\/index.php\/2023\/08\/28\/503\/#primaryimage"},"thumbnailUrl":"https:\/\/www.protopopiatebn.ro\/wp-content\/uploads\/2023\/08\/369841854_671277241694739_4654198575533417499_n.jpg","articleSection":["Uncategorized"],"inLanguage":"ro-RO","potentialAction":[{"@type":"CommentAction","name":"Comment","target":["https:\/\/www.protopopiatebn.ro\/index.php\/2023\/08\/28\/503\/#respond"]}]},{"@type":"WebPage","@id":"https:\/\/www.protopopiatebn.ro\/index.php\/2023\/08\/28\/503\/","url":"https:\/\/www.protopopiatebn.ro\/index.php\/2023\/08\/28\/503\/","name":"Hramul Bisericii greco-catolice \u201dSf. Ioan Botez\u0103torul\u201d Cormaia, 29 august 2023, ora 10.30 - PROTOPOPIATELE GRECO-CATOLICE BECLEAN, BISTRI\u021aA \u0218I RODNA","isPartOf":{"@id":"https:\/\/www.protopopiatebn.ro\/#website"},"primaryImageOfPage":{"@id":"https:\/\/www.protopopiatebn.ro\/index.php\/2023\/08\/28\/503\/#primaryimage"},"image":{"@id":"https:\/\/www.protopopiatebn.ro\/index.php\/2023\/08\/28\/503\/#primaryimage"},"thumbnailUrl":"https:\/\/www.protopopiatebn.ro\/wp-content\/uploads\/2023\/08\/369841854_671277241694739_4654198575533417499_n.jpg","datePublished":"2023-08-28T12:37:48+00:00","dateModified":"2023-08-28T13:55:28+00:00","author":{"@id":"https:\/\/www.protopopiatebn.ro\/#\/schema\/person\/197df79e4c7a10df5e789cc6657cf4b6"},"breadcrumb":{"@id":"https:\/\/www.protopopiatebn.ro\/index.php\/2023\/08\/28\/503\/#breadcrumb"},"inLanguage":"ro-RO","potentialAction":[{"@type":"ReadAction","target":["https:\/\/www.protopopiatebn.ro\/index.php\/2023\/08\/28\/503\/"]}]},{"@type":"ImageObject","inLanguage":"ro-RO","@id":"https:\/\/www.protopopiatebn.ro\/index.php\/2023\/08\/28\/503\/#primaryimage","url":"https:\/\/www.protopopiatebn.ro\/wp-content\/uploads\/2023\/08\/369841854_671277241694739_4654198575533417499_n.jpg","contentUrl":"https:\/\/www.protopopiatebn.ro\/wp-content\/uploads\/2023\/08\/369841854_671277241694739_4654198575533417499_n.jpg","width":526,"height":528},{"@type":"BreadcrumbList","@id":"https:\/\/www.protopopiatebn.ro\/index.php\/2023\/08\/28\/503\/#breadcrumb","itemListElement":[{"@type":"ListItem","position":1,"name":"Home","item":"https:\/\/www.protopopiatebn.ro\/"},{"@type":"ListItem","position":2,"name":"Hramul Bisericii greco-catolice \u201dSf. Ioan Botez\u0103torul\u201d Cormaia, 29 august 2023, ora 10.30"}]},{"@type":"WebSite","@id":"https:\/\/www.protopopiatebn.ro\/#website","url":"https:\/\/www.protopopiatebn.ro\/","name":"PROTOPOPIATELE GRECO-CATOLICE BECLEAN, BISTRI\u021aA \u0218I RODNA","description":"","potentialAction":[{"@type":"SearchAction","target":{"@type":"EntryPoint","urlTemplate":"https:\/\/www.protopopiatebn.ro\/?s={search_term_string}"},"query-input":{"@type":"PropertyValueSpecification","valueRequired":true,"valueName":"search_term_string"}}],"inLanguage":"ro-RO"},{"@type":"Person","@id":"https:\/\/www.protopopiatebn.ro\/#\/schema\/person\/197df79e4c7a10df5e789cc6657cf4b6","name":"media","image":{"@type":"ImageObject","inLanguage":"ro-RO","@id":"https:\/\/secure.gravatar.com\/avatar\/04cd0dc906eda4d18642465bdfac0c5e44dc1c0aee2c6e9ddadbbd2294e96fe6?s=96&d=mm&r=g","url":"https:\/\/secure.gravatar.com\/avatar\/04cd0dc906eda4d18642465bdfac0c5e44dc1c0aee2c6e9ddadbbd2294e96fe6?s=96&d=mm&r=g","contentUrl":"https:\/\/secure.gravatar.com\/avatar\/04cd0dc906eda4d18642465bdfac0c5e44dc1c0aee2c6e9ddadbbd2294e96fe6?s=96&d=mm&r=g","caption":"media"},"sameAs":["http:\/\/www.protopopiatebn.ro"],"url":"https:\/\/www.protopopiatebn.ro\/index.php\/author\/protos\/"}]}},"_links":{"self":[{"href":"https:\/\/www.protopopiatebn.ro\/index.php\/wp-json\/wp\/v2\/posts\/503","targetHints":{"allow":["GET"]}}],"collection":[{"href":"https:\/\/www.protopopiatebn.ro\/index.php\/wp-json\/wp\/v2\/posts"}],"about":[{"href":"https:\/\/www.protopopiatebn.ro\/index.php\/wp-json\/wp\/v2\/types\/post"}],"author":[{"embeddable":true,"href":"https:\/\/www.protopopiatebn.ro\/index.php\/wp-json\/wp\/v2\/users\/3"}],"replies":[{"embeddable":true,"href":"https:\/\/www.protopopiatebn.ro\/index.php\/wp-json\/wp\/v2\/comments?post=503"}],"version-history":[{"count":4,"href":"https:\/\/www.protopopiatebn.ro\/index.php\/wp-json\/wp\/v2\/posts\/503\/revisions"}],"predecessor-version":[{"id":507,"href":"https:\/\/www.protopopiatebn.ro\/index.php\/wp-json\/wp\/v2\/posts\/503\/revisions\/507"}],"wp:attachment":[{"href":"https:\/\/www.protopopiatebn.ro\/index.php\/wp-json\/wp\/v2\/media?parent=503"}],"wp:term":[{"taxonomy":"category","embeddable":true,"href":"https:\/\/www.protopopiatebn.ro\/index.php\/wp-json\/wp\/v2\/categories?post=503"},{"taxonomy":"post_tag","embeddable":true,"href":"https:\/\/www.protopopiatebn.ro\/index.php\/wp-json\/wp\/v2\/tags?post=503"}],"curies":[{"name":"wp","href":"https:\/\/api.w.org\/{rel}","templated":true}]}}