{"id":191,"date":"2023-06-05T19:11:16","date_gmt":"2023-06-05T19:11:16","guid":{"rendered":"https:\/\/protopopiatebn.ro\/?p=191"},"modified":"2023-06-05T19:11:17","modified_gmt":"2023-06-05T19:11:17","slug":"prima-impartasanie-si-hramul-parohiei-inaltarea-domnului-din-nasaud","status":"publish","type":"post","link":"https:\/\/www.protopopiatebn.ro\/index.php\/2023\/06\/05\/prima-impartasanie-si-hramul-parohiei-inaltarea-domnului-din-nasaud\/","title":{"rendered":"Prima \u00cemp\u0103rt\u0103\u0219anie \u0219i hramul parohiei \u201e\u00cen\u0103l\u021barea Domnului\u201d din N\u0103s\u0103ud"},"content":{"rendered":"\n<figure class=\"wp-block-image size-large\"><img loading=\"lazy\" decoding=\"async\" width=\"1024\" height=\"709\" src=\"https:\/\/protopopiatebn.ro\/wp-content\/uploads\/2023\/06\/WhatsApp-Image-2023-05-28-at-22.34.52-2-1024x709.jpg\" alt=\"\" class=\"wp-image-192\" srcset=\"https:\/\/www.protopopiatebn.ro\/wp-content\/uploads\/2023\/06\/WhatsApp-Image-2023-05-28-at-22.34.52-2-1024x709.jpg 1024w, https:\/\/www.protopopiatebn.ro\/wp-content\/uploads\/2023\/06\/WhatsApp-Image-2023-05-28-at-22.34.52-2-300x208.jpg 300w, https:\/\/www.protopopiatebn.ro\/wp-content\/uploads\/2023\/06\/WhatsApp-Image-2023-05-28-at-22.34.52-2-768x532.jpg 768w, https:\/\/www.protopopiatebn.ro\/wp-content\/uploads\/2023\/06\/WhatsApp-Image-2023-05-28-at-22.34.52-2.jpg 1399w\" sizes=\"auto, (max-width: 1024px) 100vw, 1024px\" \/><\/figure>\n\n\n\n<p>Hramul parohiei \u201e\u00cen\u0103l\u021barea Domnului\u201d N\u0103s\u0103ud, din protopopiatul Rodna, din Duminica a VII-a a Pa\u0219tilor, 28 mai 2023, a adus bucurie \u0219i atmosfer\u0103 s\u0103rb\u0103toreasc\u0103 pentru comunitatea p\u0103storit\u0103 de pr. Login Ceuca. Rodul vie\u021bii pastorale din aceast\u0103 parohie, oferit Domnului la aceast\u0103 serbare de hram, s-a concretizat prin prezen\u021ba \u00een fa\u021ba Sf. Altar \u0219i a Bisericii a \u0219ase copila\u0219i care au primit \u00een mod solemn Prima Sf\u00e2nt\u0103 \u00cemp\u0103rt\u0103\u0219anie, din m\u00e2na pr. Vasile Tofan\u0103 SJ, Vicarul general al Eparhiei de Cluj-Gherla. De preg\u0103tirea copiilor pentru \u00eent\u00e2lnirea cu Domnul s-a ocupat sr. Maria Ignat OSBM, membr\u0103 a Biroului pentru Evanghelizare \u0219i Catehez\u0103.<\/p>\n\n\n\n<p>\u00cen prezen\u021ba preo\u021bilor: pr. Vasile Tofan\u0103 SJ, Vicar general, a pr. protopop Cristian Goia, a pr. paroh Login Ceuca, a pr. Teofil Bembea, \u0219i a credincio\u0219ilor \u2013 mul\u021bi \u00een port popular -, copiii au intrat \u00een procesiune \u00een biseric\u0103, o parte dintre ei purt\u00e2nd costume tradi\u021bionale, ve\u0219m\u00e2ntul de s\u0103rb\u0103toare al rom\u00e2nilor. Sf\u00e2nta Liturghie a fost celebrat\u0103 de pr. Vasile Tofan\u0103, av\u00e2nd al\u0103turi ceilal\u021bi preo\u021bi concelebran\u021bi. \u00cen cuv\u00e2ntul de \u00eenv\u0103\u021b\u0103tur\u0103, pr. Vasile Tofan\u0103 a felicitat mai \u00eent\u00e2i copila\u0219ii care \u00een aceast\u0103 zi au venit la Sf\u00e2nta Liturghie pentru a-l primi, \u201e\u00een mod cu totul special\u201d, pe Isus \u00een via\u021ba lor. Le-a spus: \u201eComunitatea parohial\u0103, p\u0103rin\u021bii \u0219i rudele, surorile care v-au preg\u0103tit, cu to\u021bii suntem m\u00e2ndri de voi c\u0103 a\u021bi studiat \u0219i a\u021bi \u00eenv\u0103\u021bat despre Isus \u0219i despre Biseric\u0103, ca sa v\u0103 preg\u0103ti\u021bi pentru aceast\u0103 zi \u00een care spune\u021bi \u00abda\u00bb harului \u0219i dragostei lui Cristos. Domnul nostru Isus Cristos v\u0103 binecuv\u00e2nteaz\u0103 \u00een aceast\u0103 zi special\u0103 \u0219i \u00een restul vie\u021bii voastre, ca pe m\u0103sur\u0103 ce cre\u0219te\u021bi \u0219i practica\u021bi credin\u021ba catolic\u0103 s\u0103 primi\u021bi Trupul \u0219i S\u00e2ngele lui Isus pentru m\u00e2ntuirea \u0219i sfin\u021birea voastr\u0103.\u201d<\/p>\n\n\n\n<p>Pr. Vasile Tofan\u0103 s-a referit apoi la lecturile duminicii, \u00een care s-a citit rug\u0103ciunea lui Isus din Evanghelia dup\u0103 Sf. evanghelist Ioan (In 17,1-13) \u201epentru ucenicii \u0219i Biserica Sa, prima rug\u0103ciune pentru unitatea cre\u0219tin\u0103\u201d. A spus: \u201eDin p\u0103cate, \u0219tim cu to\u021bii c\u0103 \u0219i \u00een Biseric\u0103 a fost, \u0219i \u00eenc\u0103 mai este dezbinare \u0219i discordie. Aceast\u0103 lips\u0103 de unitate este evident\u0103 \u00een num\u0103rul de confesiuni pe care le avem \u00een lume. La \u00eenceput a fost doar ca o ceart\u0103 de familie. Apoi au devenit dou\u0103 familii, catolici \u0219i ortodoc\u0219i, iar apoi protestan\u021bi \u0219i neoprotestan\u021bi. \u0218i astfel s-a creat dezbinare \u00een trupul lui Cristos. \u00cen ultima noapte a vie\u021bii Sale, Domnul nostru Isus s-a rugat pentru ca ei s\u0103 se \u00een\u021beleag\u0103 unul cu altul; nu s-a rugat pentru s\u0103n\u0103tatea sau pentru succesul ucenicilor \u0219i nici m\u0103car pentru fericirea lor.\u201d<\/p>\n\n\n\n<p>Privind la realitatea prezentului Bisericii, a \u00eentrebat: \u201eCum putem respecta aceasta dorin\u021b\u0103 a lui Cristos?\u201d \u0218i a c\u0103utat s\u0103 ofere credincio\u0219ilor un r\u0103spuns la aceast\u0103 \u00eentrebare, totodat\u0103 o cale a urm\u0103rii lui Isus \u00een societatea de azi, ar\u0103t\u00e2nd c\u0103 unitatea, \u201e\u00een primul r\u00e2nd, trebuie s\u0103 \u00eenceap\u0103 de la noi (\u2026) \u0219i are la baza rela\u021bia noastr\u0103 personal\u0103 cu Cristos. \u00cen primul r\u00e2nd vie\u021bile noastre trebuie s\u0103 fie unite cu Dumnezeu prin credin\u021b\u0103 iar aceast\u0103 credin\u021b\u0103 trebuie s\u0103 se vad\u0103 \u0219i \u00een familia, comunitatea \u0219i Biserica noastr\u0103. \u00cen al doilea r\u00e2nd, dac\u0103 suntem una cu Cristos trebuie s\u0103 mergem \u00een aceea\u0219i direc\u021bie. Imagina\u021bi-v\u0103 ce for\u021b\u0103 am putea avea dac\u0103 \u00een comunitate to\u021bi am lucra \u00eempreun\u0103, ca o echip\u0103. Nu putem realiza multe, dac\u0103 mergem \u00een zece direc\u021bii diferite. Trebuie s\u0103 avem un scop, o viziune \u0219i un obiectiv comun \u0219i toate acestea s\u0103 vina de la Dumnezeu.\u201d<\/p>\n\n\n\n<p>Este un deziderat ce pare \u00eenc\u0103 greu de atins, dar, a \u00eencurajat: \u201eS\u0103 nu renun\u021b\u0103m! Ideea de unitate \u00eencepe cu noi iar secretul este s\u0103 nu renun\u021b\u0103m. Unitatea nu se realizeaz\u0103 u\u0219or, deoarece cei mai mul\u021bi dintre noi \u00eenc\u0103 nu am \u00eenv\u0103\u021bat cum s\u0103 \u00eei iubim pe cei cu care nu suntem de acord. Probabil c\u0103 aici, pe p\u0103m\u00e2nt, nu va fi niciodat\u0103 unitate perfect\u0103, \u00eens\u0103 mereu vom putea m\u0103rturisi \u0219i s\u0103rb\u0103tori iubirea lui Dumnezeu pentru noi to\u021bi \u0219i dragostea noastr\u0103 pentru aproapele. Chiar dac\u0103 nu vom ajunge niciodat\u0103 la unitate des\u0103v\u00e2r\u0219it\u0103 aici pe p\u0103m\u00e2nt, cel pu\u021bin vom merge \u00een direc\u021bia bun\u0103.\u201d A continuat: \u201eNoul Testament prezint\u0103 Biserica lui Isus Cristos ca pe o cl\u0103dire, iar fiecare credincios este o piatra \u00een acea cl\u0103dire. Sf\u00e2ntul Petru a spus c\u0103 noi suntem \u00abca ni\u0219te pietre vii, [sunte\u021bi] zidi\u021bi \u00eentr-o cas\u0103 spiritual\u0103 pentru o preo\u021bie sf\u00e2nt\u0103 ca s\u0103 aduce\u021bi jertfe spirituale pl\u0103cute lui Dumnezeu prin Isus Cristos.\u00bb (1Petru 2,5).\u201d<\/p>\n\n\n\n<p>\u201eOameni din medii diferite, cu abilit\u0103\u021bi, interese \u0219i nevoi care nu \u00eentotdeauna sunt convergente, alc\u0103tuiesc Biserica lui Cristos, a\u0219a c\u0103 unirea \u00eentr-un scop comun nu este un proces u\u0219or. Totu\u0219i, c\u00e2nd \u00eel l\u0103s\u0103m pe Domnul s\u0103 \u00ee\u0219i fac\u0103 lucrarea \u00een noi, model\u00e2ndu-ne \u0219i atribuindu-ne un loc \u00een aceast\u0103 structur\u0103, devenim parte dintr-un edificiu puternic \u0219i solid. To\u021bi trebuie s\u0103 lucr\u0103m pentru eliminarea barierelor confesionale, culturale \u0219i rasiale, care ne despart ca \u0219i cre\u0219tini. S\u0103 \u00eei \u00eencredin\u021b\u0103m lui Dumnezeu trecutul care doare \u0219i tot ceea ce ne desparte unul de altul, iert\u00e2ndu-i pe cei care ne-au r\u0103nit \u0219i s\u0103 cer\u00e2nd iertare de la cei pe care i-am r\u0103nit. Rug\u0103ciunea lui Cristos este ca noi s\u0103 fim una, a\u0219a cum El este una cu Dumnezeu Tat\u0103l \u0219i s\u0103 ne iubim unii pe al\u021bii a\u0219a cum El ne-a iubit.\u201d<\/p>\n\n\n\n<p>\u00cen cadrul celebr\u0103rii liturgice, mai \u00eenainte de rug\u0103ciunea Crezului \u2013 \u201eSimbolul credin\u021bei\u201d, cei \u0219ase copii, cu sufletele curate, luminate deja prin Spovad\u0103, au f\u0103cut Profesiunea de credin\u021b\u0103 \u0219i apoi Prima Sf\u00e2nt\u0103 \u00cemp\u0103rt\u0103\u0219anie solemn\u0103. La \u00eencheierea Sfintei Liturghii, a urmat un moment de mul\u021bumire \u0219i recuno\u0219tin\u021b\u0103, prin cuv\u00e2ntul pr. protopop Cristian Goia \u0219i apoi al pr. paroh Login Ceuca. Totodat\u0103, \u00een numele Preasfin\u021biei Sale Claudiu, Episcopul de Cluj-Gherla, pr. Vasile Tofan\u0103, Vicarul general a oferit o diplom\u0103 de amintire de la Prima \u00cemp\u0103rt\u0103\u0219anie copiilor care, primindu-l \u00een sufletul lor pe Isus Domnul, au devenit din aceast\u0103 zi membri activi ai comunit\u0103\u021bii parohiale \u0219i \u00abpietre vii\u00bb ale Bisericii lui Cristos. Diploma a fost \u00eenso\u021bit\u0103 de un mic dar din partea parohiei din N\u0103s\u0103ud. Programul a continuat \u00een curtea bisericii parohiale, cu o agap\u0103 fratern\u0103 pentru to\u021bi enoria\u0219ii \u0219i participan\u021bii la acest frumos moment de s\u0103rb\u0103toare, comuniune \u0219i rug\u0103ciune.<\/p>\n\n\n\n<p><strong><a href=\"https:\/\/photos.google.com\/share\/AF1QipPAGnUb6EqTF7MoTh9ceXM5wU27l3s8pHtMOv1GG3nT7Lf6PlfKWForWSDgiccRXQ?key=eUJwR0RkN0hMUzV1U1RkZFFQUkh0a1dVYVRHbHdR\">ALBUM FOTO<\/a><\/strong><\/p>\n","protected":false},"excerpt":{"rendered":"<p>Hramul parohiei \u201e\u00cen\u0103l\u021barea Domnului\u201d N\u0103s\u0103ud, din protopopiatul Rodna, din Duminica a VII-a a Pa\u0219tilor, 28 mai 2023, a adus bucurie \u0219i atmosfer\u0103 s\u0103rb\u0103toreasc\u0103 pentru comunitatea p\u0103storit\u0103 de pr. Login Ceuca. Rodul vie\u021bii pastorale din aceast\u0103 parohie, oferit Domnului la aceast\u0103 serbare de hram, s-a concretizat prin prezen\u021ba \u00een fa\u021ba Sf. Altar \u0219i a Bisericii a &#8230; <span class=\"more\"><a class=\"more-link\" href=\"https:\/\/www.protopopiatebn.ro\/index.php\/2023\/06\/05\/prima-impartasanie-si-hramul-parohiei-inaltarea-domnului-din-nasaud\/\">[Read more&#8230;]<\/a><\/span><\/p>\n","protected":false},"author":3,"featured_media":0,"comment_status":"open","ping_status":"open","sticky":false,"template":"","format":"standard","meta":{"footnotes":""},"categories":[1],"tags":[],"class_list":{"0":"entry","1":"post","2":"publish","3":"author-protos","4":"post-191","6":"format-standard","7":"category-uncategorized"},"yoast_head":"<!-- This site is optimized with the Yoast SEO plugin v27.5 - https:\/\/yoast.com\/product\/yoast-seo-wordpress\/ -->\n<title>Prima \u00cemp\u0103rt\u0103\u0219anie \u0219i hramul parohiei \u201e\u00cen\u0103l\u021barea Domnului\u201d din N\u0103s\u0103ud - PROTOPOPIATELE GRECO-CATOLICE BECLEAN, BISTRI\u021aA \u0218I RODNA<\/title>\n<meta name=\"robots\" content=\"index, follow, max-snippet:-1, max-image-preview:large, max-video-preview:-1\" \/>\n<link rel=\"canonical\" href=\"https:\/\/www.protopopiatebn.ro\/index.php\/2023\/06\/05\/prima-impartasanie-si-hramul-parohiei-inaltarea-domnului-din-nasaud\/\" \/>\n<meta property=\"og:locale\" content=\"ro_RO\" \/>\n<meta property=\"og:type\" content=\"article\" \/>\n<meta property=\"og:title\" content=\"Prima \u00cemp\u0103rt\u0103\u0219anie \u0219i hramul parohiei \u201e\u00cen\u0103l\u021barea Domnului\u201d din N\u0103s\u0103ud - PROTOPOPIATELE GRECO-CATOLICE BECLEAN, BISTRI\u021aA \u0218I RODNA\" \/>\n<meta property=\"og:description\" content=\"Hramul parohiei \u201e\u00cen\u0103l\u021barea Domnului\u201d N\u0103s\u0103ud, din protopopiatul Rodna, din Duminica a VII-a a Pa\u0219tilor, 28 mai 2023, a adus bucurie \u0219i atmosfer\u0103 s\u0103rb\u0103toreasc\u0103 pentru comunitatea p\u0103storit\u0103 de pr. Login Ceuca. Rodul vie\u021bii pastorale din aceast\u0103 parohie, oferit Domnului la aceast\u0103 serbare de hram, s-a concretizat prin prezen\u021ba \u00een fa\u021ba Sf. Altar \u0219i a Bisericii a ... [Read more...]\" \/>\n<meta property=\"og:url\" content=\"https:\/\/www.protopopiatebn.ro\/index.php\/2023\/06\/05\/prima-impartasanie-si-hramul-parohiei-inaltarea-domnului-din-nasaud\/\" \/>\n<meta property=\"og:site_name\" content=\"PROTOPOPIATELE GRECO-CATOLICE BECLEAN, BISTRI\u021aA \u0218I RODNA\" \/>\n<meta property=\"article:published_time\" content=\"2023-06-05T19:11:16+00:00\" \/>\n<meta property=\"article:modified_time\" content=\"2023-06-05T19:11:17+00:00\" \/>\n<meta property=\"og:image\" content=\"https:\/\/protopopiatebn.ro\/wp-content\/uploads\/2023\/06\/WhatsApp-Image-2023-05-28-at-22.34.52-2-1024x709.jpg\" \/>\n<meta name=\"author\" content=\"media\" \/>\n<meta name=\"twitter:card\" content=\"summary_large_image\" \/>\n<meta name=\"twitter:label1\" content=\"Scris de\" \/>\n\t<meta name=\"twitter:data1\" content=\"media\" \/>\n\t<meta name=\"twitter:label2\" content=\"Timp estimat pentru citire\" \/>\n\t<meta name=\"twitter:data2\" content=\"5 minute\" \/>\n<script type=\"application\/ld+json\" class=\"yoast-schema-graph\">{\"@context\":\"https:\\\/\\\/schema.org\",\"@graph\":[{\"@type\":\"Article\",\"@id\":\"https:\\\/\\\/www.protopopiatebn.ro\\\/index.php\\\/2023\\\/06\\\/05\\\/prima-impartasanie-si-hramul-parohiei-inaltarea-domnului-din-nasaud\\\/#article\",\"isPartOf\":{\"@id\":\"https:\\\/\\\/www.protopopiatebn.ro\\\/index.php\\\/2023\\\/06\\\/05\\\/prima-impartasanie-si-hramul-parohiei-inaltarea-domnului-din-nasaud\\\/\"},\"author\":{\"name\":\"media\",\"@id\":\"https:\\\/\\\/www.protopopiatebn.ro\\\/#\\\/schema\\\/person\\\/197df79e4c7a10df5e789cc6657cf4b6\"},\"headline\":\"Prima \u00cemp\u0103rt\u0103\u0219anie \u0219i hramul parohiei \u201e\u00cen\u0103l\u021barea Domnului\u201d din N\u0103s\u0103ud\",\"datePublished\":\"2023-06-05T19:11:16+00:00\",\"dateModified\":\"2023-06-05T19:11:17+00:00\",\"mainEntityOfPage\":{\"@id\":\"https:\\\/\\\/www.protopopiatebn.ro\\\/index.php\\\/2023\\\/06\\\/05\\\/prima-impartasanie-si-hramul-parohiei-inaltarea-domnului-din-nasaud\\\/\"},\"wordCount\":1176,\"commentCount\":0,\"image\":{\"@id\":\"https:\\\/\\\/www.protopopiatebn.ro\\\/index.php\\\/2023\\\/06\\\/05\\\/prima-impartasanie-si-hramul-parohiei-inaltarea-domnului-din-nasaud\\\/#primaryimage\"},\"thumbnailUrl\":\"https:\\\/\\\/protopopiatebn.ro\\\/wp-content\\\/uploads\\\/2023\\\/06\\\/WhatsApp-Image-2023-05-28-at-22.34.52-2-1024x709.jpg\",\"articleSection\":[\"Uncategorized\"],\"inLanguage\":\"ro-RO\",\"potentialAction\":[{\"@type\":\"CommentAction\",\"name\":\"Comment\",\"target\":[\"https:\\\/\\\/www.protopopiatebn.ro\\\/index.php\\\/2023\\\/06\\\/05\\\/prima-impartasanie-si-hramul-parohiei-inaltarea-domnului-din-nasaud\\\/#respond\"]}]},{\"@type\":\"WebPage\",\"@id\":\"https:\\\/\\\/www.protopopiatebn.ro\\\/index.php\\\/2023\\\/06\\\/05\\\/prima-impartasanie-si-hramul-parohiei-inaltarea-domnului-din-nasaud\\\/\",\"url\":\"https:\\\/\\\/www.protopopiatebn.ro\\\/index.php\\\/2023\\\/06\\\/05\\\/prima-impartasanie-si-hramul-parohiei-inaltarea-domnului-din-nasaud\\\/\",\"name\":\"Prima \u00cemp\u0103rt\u0103\u0219anie \u0219i hramul parohiei \u201e\u00cen\u0103l\u021barea Domnului\u201d din N\u0103s\u0103ud - PROTOPOPIATELE GRECO-CATOLICE BECLEAN, BISTRI\u021aA \u0218I RODNA\",\"isPartOf\":{\"@id\":\"https:\\\/\\\/www.protopopiatebn.ro\\\/#website\"},\"primaryImageOfPage\":{\"@id\":\"https:\\\/\\\/www.protopopiatebn.ro\\\/index.php\\\/2023\\\/06\\\/05\\\/prima-impartasanie-si-hramul-parohiei-inaltarea-domnului-din-nasaud\\\/#primaryimage\"},\"image\":{\"@id\":\"https:\\\/\\\/www.protopopiatebn.ro\\\/index.php\\\/2023\\\/06\\\/05\\\/prima-impartasanie-si-hramul-parohiei-inaltarea-domnului-din-nasaud\\\/#primaryimage\"},\"thumbnailUrl\":\"https:\\\/\\\/protopopiatebn.ro\\\/wp-content\\\/uploads\\\/2023\\\/06\\\/WhatsApp-Image-2023-05-28-at-22.34.52-2-1024x709.jpg\",\"datePublished\":\"2023-06-05T19:11:16+00:00\",\"dateModified\":\"2023-06-05T19:11:17+00:00\",\"author\":{\"@id\":\"https:\\\/\\\/www.protopopiatebn.ro\\\/#\\\/schema\\\/person\\\/197df79e4c7a10df5e789cc6657cf4b6\"},\"breadcrumb\":{\"@id\":\"https:\\\/\\\/www.protopopiatebn.ro\\\/index.php\\\/2023\\\/06\\\/05\\\/prima-impartasanie-si-hramul-parohiei-inaltarea-domnului-din-nasaud\\\/#breadcrumb\"},\"inLanguage\":\"ro-RO\",\"potentialAction\":[{\"@type\":\"ReadAction\",\"target\":[\"https:\\\/\\\/www.protopopiatebn.ro\\\/index.php\\\/2023\\\/06\\\/05\\\/prima-impartasanie-si-hramul-parohiei-inaltarea-domnului-din-nasaud\\\/\"]}]},{\"@type\":\"ImageObject\",\"inLanguage\":\"ro-RO\",\"@id\":\"https:\\\/\\\/www.protopopiatebn.ro\\\/index.php\\\/2023\\\/06\\\/05\\\/prima-impartasanie-si-hramul-parohiei-inaltarea-domnului-din-nasaud\\\/#primaryimage\",\"url\":\"https:\\\/\\\/protopopiatebn.ro\\\/wp-content\\\/uploads\\\/2023\\\/06\\\/WhatsApp-Image-2023-05-28-at-22.34.52-2-1024x709.jpg\",\"contentUrl\":\"https:\\\/\\\/protopopiatebn.ro\\\/wp-content\\\/uploads\\\/2023\\\/06\\\/WhatsApp-Image-2023-05-28-at-22.34.52-2-1024x709.jpg\"},{\"@type\":\"BreadcrumbList\",\"@id\":\"https:\\\/\\\/www.protopopiatebn.ro\\\/index.php\\\/2023\\\/06\\\/05\\\/prima-impartasanie-si-hramul-parohiei-inaltarea-domnului-din-nasaud\\\/#breadcrumb\",\"itemListElement\":[{\"@type\":\"ListItem\",\"position\":1,\"name\":\"Home\",\"item\":\"https:\\\/\\\/www.protopopiatebn.ro\\\/\"},{\"@type\":\"ListItem\",\"position\":2,\"name\":\"Prima \u00cemp\u0103rt\u0103\u0219anie \u0219i hramul parohiei \u201e\u00cen\u0103l\u021barea Domnului\u201d din N\u0103s\u0103ud\"}]},{\"@type\":\"WebSite\",\"@id\":\"https:\\\/\\\/www.protopopiatebn.ro\\\/#website\",\"url\":\"https:\\\/\\\/www.protopopiatebn.ro\\\/\",\"name\":\"PROTOPOPIATELE GRECO-CATOLICE BECLEAN, BISTRI\u021aA \u0218I RODNA\",\"description\":\"\",\"potentialAction\":[{\"@type\":\"SearchAction\",\"target\":{\"@type\":\"EntryPoint\",\"urlTemplate\":\"https:\\\/\\\/www.protopopiatebn.ro\\\/?s={search_term_string}\"},\"query-input\":{\"@type\":\"PropertyValueSpecification\",\"valueRequired\":true,\"valueName\":\"search_term_string\"}}],\"inLanguage\":\"ro-RO\"},{\"@type\":\"Person\",\"@id\":\"https:\\\/\\\/www.protopopiatebn.ro\\\/#\\\/schema\\\/person\\\/197df79e4c7a10df5e789cc6657cf4b6\",\"name\":\"media\",\"image\":{\"@type\":\"ImageObject\",\"inLanguage\":\"ro-RO\",\"@id\":\"https:\\\/\\\/secure.gravatar.com\\\/avatar\\\/04cd0dc906eda4d18642465bdfac0c5e44dc1c0aee2c6e9ddadbbd2294e96fe6?s=96&d=mm&r=g\",\"url\":\"https:\\\/\\\/secure.gravatar.com\\\/avatar\\\/04cd0dc906eda4d18642465bdfac0c5e44dc1c0aee2c6e9ddadbbd2294e96fe6?s=96&d=mm&r=g\",\"contentUrl\":\"https:\\\/\\\/secure.gravatar.com\\\/avatar\\\/04cd0dc906eda4d18642465bdfac0c5e44dc1c0aee2c6e9ddadbbd2294e96fe6?s=96&d=mm&r=g\",\"caption\":\"media\"},\"sameAs\":[\"http:\\\/\\\/www.protopopiatebn.ro\"],\"url\":\"https:\\\/\\\/www.protopopiatebn.ro\\\/index.php\\\/author\\\/protos\\\/\"}]}<\/script>\n<!-- \/ Yoast SEO plugin. -->","yoast_head_json":{"title":"Prima \u00cemp\u0103rt\u0103\u0219anie \u0219i hramul parohiei \u201e\u00cen\u0103l\u021barea Domnului\u201d din N\u0103s\u0103ud - PROTOPOPIATELE GRECO-CATOLICE BECLEAN, BISTRI\u021aA \u0218I RODNA","robots":{"index":"index","follow":"follow","max-snippet":"max-snippet:-1","max-image-preview":"max-image-preview:large","max-video-preview":"max-video-preview:-1"},"canonical":"https:\/\/www.protopopiatebn.ro\/index.php\/2023\/06\/05\/prima-impartasanie-si-hramul-parohiei-inaltarea-domnului-din-nasaud\/","og_locale":"ro_RO","og_type":"article","og_title":"Prima \u00cemp\u0103rt\u0103\u0219anie \u0219i hramul parohiei \u201e\u00cen\u0103l\u021barea Domnului\u201d din N\u0103s\u0103ud - PROTOPOPIATELE GRECO-CATOLICE BECLEAN, BISTRI\u021aA \u0218I RODNA","og_description":"Hramul parohiei \u201e\u00cen\u0103l\u021barea Domnului\u201d N\u0103s\u0103ud, din protopopiatul Rodna, din Duminica a VII-a a Pa\u0219tilor, 28 mai 2023, a adus bucurie \u0219i atmosfer\u0103 s\u0103rb\u0103toreasc\u0103 pentru comunitatea p\u0103storit\u0103 de pr. Login Ceuca. Rodul vie\u021bii pastorale din aceast\u0103 parohie, oferit Domnului la aceast\u0103 serbare de hram, s-a concretizat prin prezen\u021ba \u00een fa\u021ba Sf. Altar \u0219i a Bisericii a ... [Read more...]","og_url":"https:\/\/www.protopopiatebn.ro\/index.php\/2023\/06\/05\/prima-impartasanie-si-hramul-parohiei-inaltarea-domnului-din-nasaud\/","og_site_name":"PROTOPOPIATELE GRECO-CATOLICE BECLEAN, BISTRI\u021aA \u0218I RODNA","article_published_time":"2023-06-05T19:11:16+00:00","article_modified_time":"2023-06-05T19:11:17+00:00","og_image":[{"url":"https:\/\/protopopiatebn.ro\/wp-content\/uploads\/2023\/06\/WhatsApp-Image-2023-05-28-at-22.34.52-2-1024x709.jpg","type":"","width":"","height":""}],"author":"media","twitter_card":"summary_large_image","twitter_misc":{"Scris de":"media","Timp estimat pentru citire":"5 minute"},"schema":{"@context":"https:\/\/schema.org","@graph":[{"@type":"Article","@id":"https:\/\/www.protopopiatebn.ro\/index.php\/2023\/06\/05\/prima-impartasanie-si-hramul-parohiei-inaltarea-domnului-din-nasaud\/#article","isPartOf":{"@id":"https:\/\/www.protopopiatebn.ro\/index.php\/2023\/06\/05\/prima-impartasanie-si-hramul-parohiei-inaltarea-domnului-din-nasaud\/"},"author":{"name":"media","@id":"https:\/\/www.protopopiatebn.ro\/#\/schema\/person\/197df79e4c7a10df5e789cc6657cf4b6"},"headline":"Prima \u00cemp\u0103rt\u0103\u0219anie \u0219i hramul parohiei \u201e\u00cen\u0103l\u021barea Domnului\u201d din N\u0103s\u0103ud","datePublished":"2023-06-05T19:11:16+00:00","dateModified":"2023-06-05T19:11:17+00:00","mainEntityOfPage":{"@id":"https:\/\/www.protopopiatebn.ro\/index.php\/2023\/06\/05\/prima-impartasanie-si-hramul-parohiei-inaltarea-domnului-din-nasaud\/"},"wordCount":1176,"commentCount":0,"image":{"@id":"https:\/\/www.protopopiatebn.ro\/index.php\/2023\/06\/05\/prima-impartasanie-si-hramul-parohiei-inaltarea-domnului-din-nasaud\/#primaryimage"},"thumbnailUrl":"https:\/\/protopopiatebn.ro\/wp-content\/uploads\/2023\/06\/WhatsApp-Image-2023-05-28-at-22.34.52-2-1024x709.jpg","articleSection":["Uncategorized"],"inLanguage":"ro-RO","potentialAction":[{"@type":"CommentAction","name":"Comment","target":["https:\/\/www.protopopiatebn.ro\/index.php\/2023\/06\/05\/prima-impartasanie-si-hramul-parohiei-inaltarea-domnului-din-nasaud\/#respond"]}]},{"@type":"WebPage","@id":"https:\/\/www.protopopiatebn.ro\/index.php\/2023\/06\/05\/prima-impartasanie-si-hramul-parohiei-inaltarea-domnului-din-nasaud\/","url":"https:\/\/www.protopopiatebn.ro\/index.php\/2023\/06\/05\/prima-impartasanie-si-hramul-parohiei-inaltarea-domnului-din-nasaud\/","name":"Prima \u00cemp\u0103rt\u0103\u0219anie \u0219i hramul parohiei \u201e\u00cen\u0103l\u021barea Domnului\u201d din N\u0103s\u0103ud - PROTOPOPIATELE GRECO-CATOLICE BECLEAN, BISTRI\u021aA \u0218I RODNA","isPartOf":{"@id":"https:\/\/www.protopopiatebn.ro\/#website"},"primaryImageOfPage":{"@id":"https:\/\/www.protopopiatebn.ro\/index.php\/2023\/06\/05\/prima-impartasanie-si-hramul-parohiei-inaltarea-domnului-din-nasaud\/#primaryimage"},"image":{"@id":"https:\/\/www.protopopiatebn.ro\/index.php\/2023\/06\/05\/prima-impartasanie-si-hramul-parohiei-inaltarea-domnului-din-nasaud\/#primaryimage"},"thumbnailUrl":"https:\/\/protopopiatebn.ro\/wp-content\/uploads\/2023\/06\/WhatsApp-Image-2023-05-28-at-22.34.52-2-1024x709.jpg","datePublished":"2023-06-05T19:11:16+00:00","dateModified":"2023-06-05T19:11:17+00:00","author":{"@id":"https:\/\/www.protopopiatebn.ro\/#\/schema\/person\/197df79e4c7a10df5e789cc6657cf4b6"},"breadcrumb":{"@id":"https:\/\/www.protopopiatebn.ro\/index.php\/2023\/06\/05\/prima-impartasanie-si-hramul-parohiei-inaltarea-domnului-din-nasaud\/#breadcrumb"},"inLanguage":"ro-RO","potentialAction":[{"@type":"ReadAction","target":["https:\/\/www.protopopiatebn.ro\/index.php\/2023\/06\/05\/prima-impartasanie-si-hramul-parohiei-inaltarea-domnului-din-nasaud\/"]}]},{"@type":"ImageObject","inLanguage":"ro-RO","@id":"https:\/\/www.protopopiatebn.ro\/index.php\/2023\/06\/05\/prima-impartasanie-si-hramul-parohiei-inaltarea-domnului-din-nasaud\/#primaryimage","url":"https:\/\/protopopiatebn.ro\/wp-content\/uploads\/2023\/06\/WhatsApp-Image-2023-05-28-at-22.34.52-2-1024x709.jpg","contentUrl":"https:\/\/protopopiatebn.ro\/wp-content\/uploads\/2023\/06\/WhatsApp-Image-2023-05-28-at-22.34.52-2-1024x709.jpg"},{"@type":"BreadcrumbList","@id":"https:\/\/www.protopopiatebn.ro\/index.php\/2023\/06\/05\/prima-impartasanie-si-hramul-parohiei-inaltarea-domnului-din-nasaud\/#breadcrumb","itemListElement":[{"@type":"ListItem","position":1,"name":"Home","item":"https:\/\/www.protopopiatebn.ro\/"},{"@type":"ListItem","position":2,"name":"Prima \u00cemp\u0103rt\u0103\u0219anie \u0219i hramul parohiei \u201e\u00cen\u0103l\u021barea Domnului\u201d din N\u0103s\u0103ud"}]},{"@type":"WebSite","@id":"https:\/\/www.protopopiatebn.ro\/#website","url":"https:\/\/www.protopopiatebn.ro\/","name":"PROTOPOPIATELE GRECO-CATOLICE BECLEAN, BISTRI\u021aA \u0218I RODNA","description":"","potentialAction":[{"@type":"SearchAction","target":{"@type":"EntryPoint","urlTemplate":"https:\/\/www.protopopiatebn.ro\/?s={search_term_string}"},"query-input":{"@type":"PropertyValueSpecification","valueRequired":true,"valueName":"search_term_string"}}],"inLanguage":"ro-RO"},{"@type":"Person","@id":"https:\/\/www.protopopiatebn.ro\/#\/schema\/person\/197df79e4c7a10df5e789cc6657cf4b6","name":"media","image":{"@type":"ImageObject","inLanguage":"ro-RO","@id":"https:\/\/secure.gravatar.com\/avatar\/04cd0dc906eda4d18642465bdfac0c5e44dc1c0aee2c6e9ddadbbd2294e96fe6?s=96&d=mm&r=g","url":"https:\/\/secure.gravatar.com\/avatar\/04cd0dc906eda4d18642465bdfac0c5e44dc1c0aee2c6e9ddadbbd2294e96fe6?s=96&d=mm&r=g","contentUrl":"https:\/\/secure.gravatar.com\/avatar\/04cd0dc906eda4d18642465bdfac0c5e44dc1c0aee2c6e9ddadbbd2294e96fe6?s=96&d=mm&r=g","caption":"media"},"sameAs":["http:\/\/www.protopopiatebn.ro"],"url":"https:\/\/www.protopopiatebn.ro\/index.php\/author\/protos\/"}]}},"_links":{"self":[{"href":"https:\/\/www.protopopiatebn.ro\/index.php\/wp-json\/wp\/v2\/posts\/191","targetHints":{"allow":["GET"]}}],"collection":[{"href":"https:\/\/www.protopopiatebn.ro\/index.php\/wp-json\/wp\/v2\/posts"}],"about":[{"href":"https:\/\/www.protopopiatebn.ro\/index.php\/wp-json\/wp\/v2\/types\/post"}],"author":[{"embeddable":true,"href":"https:\/\/www.protopopiatebn.ro\/index.php\/wp-json\/wp\/v2\/users\/3"}],"replies":[{"embeddable":true,"href":"https:\/\/www.protopopiatebn.ro\/index.php\/wp-json\/wp\/v2\/comments?post=191"}],"version-history":[{"count":1,"href":"https:\/\/www.protopopiatebn.ro\/index.php\/wp-json\/wp\/v2\/posts\/191\/revisions"}],"predecessor-version":[{"id":193,"href":"https:\/\/www.protopopiatebn.ro\/index.php\/wp-json\/wp\/v2\/posts\/191\/revisions\/193"}],"wp:attachment":[{"href":"https:\/\/www.protopopiatebn.ro\/index.php\/wp-json\/wp\/v2\/media?parent=191"}],"wp:term":[{"taxonomy":"category","embeddable":true,"href":"https:\/\/www.protopopiatebn.ro\/index.php\/wp-json\/wp\/v2\/categories?post=191"},{"taxonomy":"post_tag","embeddable":true,"href":"https:\/\/www.protopopiatebn.ro\/index.php\/wp-json\/wp\/v2\/tags?post=191"}],"curies":[{"name":"wp","href":"https:\/\/api.w.org\/{rel}","templated":true}]}}