{"id":1730,"date":"2026-09-01T07:14:58","date_gmt":"2026-09-01T05:14:58","guid":{"rendered":"https:\/\/www.protopopiatebn.ro\/?p=1730"},"modified":"2026-09-01T09:14:03","modified_gmt":"2026-09-01T07:14:03","slug":"sarbatoare-si-binecuvantare-la-manastirea-greco-catolica-din-moliset-sfintirea-altarului-reinnoit-si-invesmantarea-unui-nou-calugar-bazilian","status":"publish","type":"post","link":"https:\/\/www.protopopiatebn.ro\/index.php\/2026\/09\/01\/sarbatoare-si-binecuvantare-la-manastirea-greco-catolica-din-moliset-sfintirea-altarului-reinnoit-si-invesmantarea-unui-nou-calugar-bazilian\/","title":{"rendered":"S\u0103rb\u0103toare \u0219i binecuv\u00e2ntare la M\u0103n\u0103stirea greco-catolic\u0103 din Moli\u0219et: Sfin\u021birea altarului re\u00eennoit \u0219i \u00eenve\u0219m\u00e2ntarea unui nou c\u0103lug\u0103r bazilian"},"content":{"rendered":"<p><img loading=\"lazy\" decoding=\"async\" class=\"alignnone size-full wp-image-1731 aligncenter\" src=\"https:\/\/www.protopopiatebn.ro\/wp-content\/uploads\/2026\/09\/IMG-20260831-WA0000.jpg\" alt=\"\" width=\"1600\" height=\"1233\" srcset=\"https:\/\/www.protopopiatebn.ro\/wp-content\/uploads\/2026\/09\/IMG-20260831-WA0000.jpg 1600w, https:\/\/www.protopopiatebn.ro\/wp-content\/uploads\/2026\/09\/IMG-20260831-WA0000-300x231.jpg 300w, https:\/\/www.protopopiatebn.ro\/wp-content\/uploads\/2026\/09\/IMG-20260831-WA0000-1024x789.jpg 1024w, https:\/\/www.protopopiatebn.ro\/wp-content\/uploads\/2026\/09\/IMG-20260831-WA0000-768x592.jpg 768w, https:\/\/www.protopopiatebn.ro\/wp-content\/uploads\/2026\/09\/IMG-20260831-WA0000-1536x1184.jpg 1536w\" sizes=\"auto, (max-width: 1600px) 100vw, 1600px\" \/><\/p>\n<p>\u00cen cea de-a XIII-a duminic\u0103 dup\u0103 Rusalii, la 30 august 2026, comunitatea m\u0103n\u0103stirii \u201eCobor\u00e2rea Spiritului Sf\u00e2nt\u201d din Moli\u0219et (comuna T\u00e2rli\u0219ua), Protopopiatul Beclean, a tr\u0103it momente de o profund\u0103 \u00eensemn\u0103tate spiritual\u0103.<br \/>\nEvenimentul a marcat vizita pastoral\u0103 a Preasfin\u021biei Sale Cristian Cri\u0219an, Episcop Auxiliar al Arhieparhiei de Alba Iulia \u0219i F\u0103g\u0103ra\u0219, care a venit \u00een mijlocul unei mul\u021bimi mari de credincio\u0219i din \u00eencredin\u021barea Preafericirii Sale Claudiu, \u00cent\u00e2ist\u0103t\u0103torul Bisericii Rom\u00e2ne Unite cu Roma, Greco-Catolic\u0103.<\/p>\n<p>S\u0103rb\u0103toarea a \u00eenceput cu ceremonia de sfin\u021bire a altarului re\u00eennoit din capela m\u0103n\u0103stirii, \u00een care au fost a\u0219ezate moa\u0219tele Fericitului Arhiereu Iuliu Hossu, episcop martir. R\u00e2nduiala sfin\u021birii a fost oficiat\u0103 de c\u0103tre Preasfin\u021bia Sa, Cristian Cri\u0219an \u0219i a fost urmat\u0103 de Sf\u00e2nta Liturghie Arhiereasc\u0103 celebrat\u0103 \u00een curtea m\u0103n\u0103stirii. \u00cen cadrul acesteia a avut loc \u0219i emo\u021bionantul moment al \u00eenve\u0219m\u00e2nt\u0103rii monahale, Fr. Pavel Pa\u0219ca primind haina c\u0103lug\u0103rilor din Ordinul Sf\u00e2ntului Vasile cel Mare.<\/p>\n<p>Al\u0103turi de ierarh \u0219i de diaconul Ovidiu Iusco, la Sf\u00e2nta Liturghie a slujit un numeros sobor de preo\u021bi, format din: ieromonah Ioan Albu, protoegumen OSBM \u2013 superiorul provinciei rom\u00e2ne a c\u0103lug\u0103rilor bazilieni, ieromonah Dominic Huja &#8211; superiorul m\u0103n\u0103stirii Moli\u0219et, pr. Laurean Daboc OSBM, pr. Augustin Dunca (magistru de novici OSBM), pr. Jurja Ermil OSBM, pr. Stupinean Severian OSBM, pr. Doro\u0219 Leon OSBM, pr. Ilie Adaus OSBM, pr. Rus Eremia OSBM, pr. Iuliu Bonta\u0219 (Beclean), pr. Paul Osoian (C\u0103line\u0219ti-Oa\u0219), pr. Ilie Arie\u0219an (Bistri\u021ba), pr. Gavril M\u0103rginean, pr. Iosif Fodor \u0219i pr. Aurel Rus (Reghin).<\/p>\n<p>Atmosfera de rug\u0103ciune a fost \u00een\u0103l\u021bat\u0103 prin r\u0103spunsurile liturgice date de corul Parohiei Greco-Catolice din Beclean, dirijat de domnul Florin Todoran, c\u00e2t \u0219i de fra\u021bii Opreanu care au interpretat c\u00e2ntece religioase al\u0103turi de tinerii parohiei Beclean. La acest moment de har s-au al\u0103turat \u0219i persoane consacrate: surorile din Ordinul Sf\u00e2ntului Vasile cel Mare (Surorile Baziliene) \u0219i cele din Congrega\u021bia Surorilor Maicii Domnului (CMD).<\/p>\n<p>Pornind de la pilda lucr\u0103torilor celor r\u0103i din Evanghelia duminicii (Matei 21, 33\u201344), Preasfin\u021bitul Cristian a subliniat responsabilitatea fa\u021b\u0103 de darurile primite de la Dumnezeu, ar\u0103t\u00e2nd c\u0103 via\u021ba, talan\u021bii \u0219i \u00eens\u0103\u0219i lumea \u00een care tr\u0103im nu sunt proprietatea noastr\u0103 absolut\u0103, ci ne-au fost \u00eencredin\u021bate spre administrare. Ierarhul a t\u00e2lcuit \u00een\u021belesurile ad\u00e2nci ale chem\u0103rii divine, amintind c\u0103 fiecare cre\u0219tin este chemat s\u0103 aduc\u0103 roade de fapte bune \u00een via\u021ba spiritual\u0103. Totodat\u0103, Preasfin\u021bia Sa a adresat un c\u0103lduros \u0219i st\u0103ruitor \u00eendemn tuturor credincio\u0219ilor prezen\u021bi s\u0103 se roage ne\u00eencetat pentru voca\u021bii la via\u021ba consacrat\u0103 \u0219i la preo\u021bie, subliniind c\u0103 rug\u0103ciunea pentru noi lucr\u0103tori \u00een seceri\u0219ul Domnului este o datorie sf\u00e2nt\u0103 \u0219i o urgen\u021b\u0103 a timpului nostru.<\/p>\n<p>S\u0103rb\u0103toarea s-a \u00eencheiat \u00een bucuria credin\u021bei, printr-o agap\u0103 fr\u0103\u021beasc\u0103 pentru to\u021bi pelerinii \u0219i credincio\u0219ii prezen\u021bi la aceste momente de har pentru m\u0103n\u0103stirea bazilian\u0103 din Moli\u0219et.<\/p>\n<p>A consemnat secretarul protopopiatului,<br \/>\nRare\u0219-Maximilian Flore<\/p>\n<p><a href=\"https:\/\/photos.app.goo.gl\/FXthoiEVnuJAJNua9\">ALBUM FOTO<\/a><\/p>\n<p>VIDEO<\/p>\n<p><a href=\"https:\/\/youtu.be\/Td6MO9f4F6M?si=z4RIBBiihqAzlvIc\">Sfin\u021birea altarului M\u0103n\u0103stirii<\/a><\/p>\n<p><a href=\"https:\/\/youtu.be\/uEZKHZBfnQ0?si=wFoXvp1hAn6MYLNu\">Sf\u00e2nta Liturghie Arhiereasc\u0103<\/a><\/p>\n","protected":false},"excerpt":{"rendered":"<p>\u00cen cea de-a XIII-a duminic\u0103 dup\u0103 Rusalii, la 30 august 2026, comunitatea m\u0103n\u0103stirii \u201eCobor\u00e2rea Spiritului Sf\u00e2nt\u201d din Moli\u0219et (comuna T\u00e2rli\u0219ua), Protopopiatul Beclean, a tr\u0103it momente de o profund\u0103 \u00eensemn\u0103tate spiritual\u0103. Evenimentul a marcat vizita pastoral\u0103 a Preasfin\u021biei Sale Cristian Cri\u0219an, Episcop Auxiliar al Arhieparhiei de Alba Iulia \u0219i F\u0103g\u0103ra\u0219, care a venit \u00een mijlocul unei &#8230; <span class=\"more\"><a class=\"more-link\" href=\"https:\/\/www.protopopiatebn.ro\/index.php\/2026\/09\/01\/sarbatoare-si-binecuvantare-la-manastirea-greco-catolica-din-moliset-sfintirea-altarului-reinnoit-si-invesmantarea-unui-nou-calugar-bazilian\/\">[Read more&#8230;]<\/a><\/span><\/p>\n","protected":false},"author":3,"featured_media":0,"comment_status":"open","ping_status":"open","sticky":false,"template":"","format":"standard","meta":{"footnotes":""},"categories":[1],"tags":[],"class_list":["entry","post","publish","author-protos","post-1730","format-standard","category-uncategorized"],"yoast_head":"<!-- This site is optimized with the Yoast SEO plugin v28.4 - https:\/\/yoast.com\/product\/yoast-seo-wordpress\/ -->\n<title>S\u0103rb\u0103toare \u0219i binecuv\u00e2ntare la M\u0103n\u0103stirea greco-catolic\u0103 din Moli\u0219et: Sfin\u021birea altarului re\u00eennoit \u0219i \u00eenve\u0219m\u00e2ntarea unui nou c\u0103lug\u0103r bazilian - PROTOPOPIATELE GRECO-CATOLICE BECLEAN, BISTRI\u021aA \u0218I RODNA<\/title>\n<meta name=\"robots\" content=\"index, follow, max-snippet:-1, max-image-preview:large, max-video-preview:-1\" \/>\n<link rel=\"canonical\" href=\"https:\/\/www.protopopiatebn.ro\/index.php\/2026\/09\/01\/sarbatoare-si-binecuvantare-la-manastirea-greco-catolica-din-moliset-sfintirea-altarului-reinnoit-si-invesmantarea-unui-nou-calugar-bazilian\/\" \/>\n<meta property=\"og:locale\" content=\"ro_RO\" \/>\n<meta property=\"og:type\" content=\"article\" \/>\n<meta property=\"og:title\" content=\"S\u0103rb\u0103toare \u0219i binecuv\u00e2ntare la M\u0103n\u0103stirea greco-catolic\u0103 din Moli\u0219et: Sfin\u021birea altarului re\u00eennoit \u0219i \u00eenve\u0219m\u00e2ntarea unui nou c\u0103lug\u0103r bazilian - PROTOPOPIATELE GRECO-CATOLICE BECLEAN, BISTRI\u021aA \u0218I RODNA\" \/>\n<meta property=\"og:description\" content=\"\u00cen cea de-a XIII-a duminic\u0103 dup\u0103 Rusalii, la 30 august 2026, comunitatea m\u0103n\u0103stirii \u201eCobor\u00e2rea Spiritului Sf\u00e2nt\u201d din Moli\u0219et (comuna T\u00e2rli\u0219ua), Protopopiatul Beclean, a tr\u0103it momente de o profund\u0103 \u00eensemn\u0103tate spiritual\u0103. Evenimentul a marcat vizita pastoral\u0103 a Preasfin\u021biei Sale Cristian Cri\u0219an, Episcop Auxiliar al Arhieparhiei de Alba Iulia \u0219i F\u0103g\u0103ra\u0219, care a venit \u00een mijlocul unei ... [Read more...]\" \/>\n<meta property=\"og:url\" content=\"https:\/\/www.protopopiatebn.ro\/index.php\/2026\/09\/01\/sarbatoare-si-binecuvantare-la-manastirea-greco-catolica-din-moliset-sfintirea-altarului-reinnoit-si-invesmantarea-unui-nou-calugar-bazilian\/\" \/>\n<meta property=\"og:site_name\" content=\"PROTOPOPIATELE GRECO-CATOLICE BECLEAN, BISTRI\u021aA \u0218I RODNA\" \/>\n<meta property=\"article:published_time\" content=\"2026-09-01T05:14:58+00:00\" \/>\n<meta property=\"article:modified_time\" content=\"2026-09-01T07:14:03+00:00\" \/>\n<meta property=\"og:image\" content=\"https:\/\/www.protopopiatebn.ro\/wp-content\/uploads\/2026\/09\/IMG-20260831-WA0000.jpg\" \/>\n\t<meta property=\"og:image:width\" content=\"1600\" \/>\n\t<meta property=\"og:image:height\" content=\"1233\" \/>\n\t<meta property=\"og:image:type\" content=\"image\/jpeg\" \/>\n<meta name=\"author\" content=\"media\" \/>\n<meta name=\"twitter:card\" content=\"summary_large_image\" \/>\n<meta name=\"twitter:label1\" content=\"Scris de\" \/>\n\t<meta name=\"twitter:data1\" content=\"media\" \/>\n\t<meta name=\"twitter:label2\" content=\"Timp estimat pentru citire\" \/>\n\t<meta name=\"twitter:data2\" content=\"3 minute\" \/>\n<script type=\"application\/ld+json\" class=\"yoast-schema-graph\">{\"@context\":\"https:\\\/\\\/schema.org\",\"@graph\":[{\"@type\":\"Article\",\"@id\":\"https:\\\/\\\/www.protopopiatebn.ro\\\/index.php\\\/2026\\\/09\\\/01\\\/sarbatoare-si-binecuvantare-la-manastirea-greco-catolica-din-moliset-sfintirea-altarului-reinnoit-si-invesmantarea-unui-nou-calugar-bazilian\\\/#article\",\"isPartOf\":{\"@id\":\"https:\\\/\\\/www.protopopiatebn.ro\\\/index.php\\\/2026\\\/09\\\/01\\\/sarbatoare-si-binecuvantare-la-manastirea-greco-catolica-din-moliset-sfintirea-altarului-reinnoit-si-invesmantarea-unui-nou-calugar-bazilian\\\/\"},\"author\":{\"name\":\"media\",\"@id\":\"https:\\\/\\\/www.protopopiatebn.ro\\\/#\\\/schema\\\/person\\\/197df79e4c7a10df5e789cc6657cf4b6\"},\"headline\":\"S\u0103rb\u0103toare \u0219i binecuv\u00e2ntare la M\u0103n\u0103stirea greco-catolic\u0103 din Moli\u0219et: Sfin\u021birea altarului re\u00eennoit \u0219i \u00eenve\u0219m\u00e2ntarea unui nou c\u0103lug\u0103r bazilian\",\"datePublished\":\"2026-09-01T05:14:58+00:00\",\"dateModified\":\"2026-09-01T07:14:03+00:00\",\"mainEntityOfPage\":{\"@id\":\"https:\\\/\\\/www.protopopiatebn.ro\\\/index.php\\\/2026\\\/09\\\/01\\\/sarbatoare-si-binecuvantare-la-manastirea-greco-catolica-din-moliset-sfintirea-altarului-reinnoit-si-invesmantarea-unui-nou-calugar-bazilian\\\/\"},\"wordCount\":589,\"commentCount\":0,\"image\":{\"@id\":\"https:\\\/\\\/www.protopopiatebn.ro\\\/index.php\\\/2026\\\/09\\\/01\\\/sarbatoare-si-binecuvantare-la-manastirea-greco-catolica-din-moliset-sfintirea-altarului-reinnoit-si-invesmantarea-unui-nou-calugar-bazilian\\\/#primaryimage\"},\"thumbnailUrl\":\"https:\\\/\\\/www.protopopiatebn.ro\\\/wp-content\\\/uploads\\\/2026\\\/09\\\/IMG-20260831-WA0000.jpg\",\"articleSection\":[\"Uncategorized\"],\"inLanguage\":\"ro-RO\",\"potentialAction\":[{\"@type\":\"CommentAction\",\"name\":\"Comment\",\"target\":[\"https:\\\/\\\/www.protopopiatebn.ro\\\/index.php\\\/2026\\\/09\\\/01\\\/sarbatoare-si-binecuvantare-la-manastirea-greco-catolica-din-moliset-sfintirea-altarului-reinnoit-si-invesmantarea-unui-nou-calugar-bazilian\\\/#respond\"]}]},{\"@type\":\"WebPage\",\"@id\":\"https:\\\/\\\/www.protopopiatebn.ro\\\/index.php\\\/2026\\\/09\\\/01\\\/sarbatoare-si-binecuvantare-la-manastirea-greco-catolica-din-moliset-sfintirea-altarului-reinnoit-si-invesmantarea-unui-nou-calugar-bazilian\\\/\",\"url\":\"https:\\\/\\\/www.protopopiatebn.ro\\\/index.php\\\/2026\\\/09\\\/01\\\/sarbatoare-si-binecuvantare-la-manastirea-greco-catolica-din-moliset-sfintirea-altarului-reinnoit-si-invesmantarea-unui-nou-calugar-bazilian\\\/\",\"name\":\"S\u0103rb\u0103toare \u0219i binecuv\u00e2ntare la M\u0103n\u0103stirea greco-catolic\u0103 din Moli\u0219et: Sfin\u021birea altarului re\u00eennoit \u0219i \u00eenve\u0219m\u00e2ntarea unui nou c\u0103lug\u0103r bazilian - PROTOPOPIATELE GRECO-CATOLICE BECLEAN, BISTRI\u021aA \u0218I RODNA\",\"isPartOf\":{\"@id\":\"https:\\\/\\\/www.protopopiatebn.ro\\\/#website\"},\"primaryImageOfPage\":{\"@id\":\"https:\\\/\\\/www.protopopiatebn.ro\\\/index.php\\\/2026\\\/09\\\/01\\\/sarbatoare-si-binecuvantare-la-manastirea-greco-catolica-din-moliset-sfintirea-altarului-reinnoit-si-invesmantarea-unui-nou-calugar-bazilian\\\/#primaryimage\"},\"image\":{\"@id\":\"https:\\\/\\\/www.protopopiatebn.ro\\\/index.php\\\/2026\\\/09\\\/01\\\/sarbatoare-si-binecuvantare-la-manastirea-greco-catolica-din-moliset-sfintirea-altarului-reinnoit-si-invesmantarea-unui-nou-calugar-bazilian\\\/#primaryimage\"},\"thumbnailUrl\":\"https:\\\/\\\/www.protopopiatebn.ro\\\/wp-content\\\/uploads\\\/2026\\\/09\\\/IMG-20260831-WA0000.jpg\",\"datePublished\":\"2026-09-01T05:14:58+00:00\",\"dateModified\":\"2026-09-01T07:14:03+00:00\",\"author\":{\"@id\":\"https:\\\/\\\/www.protopopiatebn.ro\\\/#\\\/schema\\\/person\\\/197df79e4c7a10df5e789cc6657cf4b6\"},\"breadcrumb\":{\"@id\":\"https:\\\/\\\/www.protopopiatebn.ro\\\/index.php\\\/2026\\\/09\\\/01\\\/sarbatoare-si-binecuvantare-la-manastirea-greco-catolica-din-moliset-sfintirea-altarului-reinnoit-si-invesmantarea-unui-nou-calugar-bazilian\\\/#breadcrumb\"},\"inLanguage\":\"ro-RO\",\"potentialAction\":[{\"@type\":\"ReadAction\",\"target\":[\"https:\\\/\\\/www.protopopiatebn.ro\\\/index.php\\\/2026\\\/09\\\/01\\\/sarbatoare-si-binecuvantare-la-manastirea-greco-catolica-din-moliset-sfintirea-altarului-reinnoit-si-invesmantarea-unui-nou-calugar-bazilian\\\/\"]}]},{\"@type\":\"ImageObject\",\"inLanguage\":\"ro-RO\",\"@id\":\"https:\\\/\\\/www.protopopiatebn.ro\\\/index.php\\\/2026\\\/09\\\/01\\\/sarbatoare-si-binecuvantare-la-manastirea-greco-catolica-din-moliset-sfintirea-altarului-reinnoit-si-invesmantarea-unui-nou-calugar-bazilian\\\/#primaryimage\",\"url\":\"https:\\\/\\\/www.protopopiatebn.ro\\\/wp-content\\\/uploads\\\/2026\\\/09\\\/IMG-20260831-WA0000.jpg\",\"contentUrl\":\"https:\\\/\\\/www.protopopiatebn.ro\\\/wp-content\\\/uploads\\\/2026\\\/09\\\/IMG-20260831-WA0000.jpg\",\"width\":1600,\"height\":1233},{\"@type\":\"BreadcrumbList\",\"@id\":\"https:\\\/\\\/www.protopopiatebn.ro\\\/index.php\\\/2026\\\/09\\\/01\\\/sarbatoare-si-binecuvantare-la-manastirea-greco-catolica-din-moliset-sfintirea-altarului-reinnoit-si-invesmantarea-unui-nou-calugar-bazilian\\\/#breadcrumb\",\"itemListElement\":[{\"@type\":\"ListItem\",\"position\":1,\"name\":\"Home\",\"item\":\"https:\\\/\\\/www.protopopiatebn.ro\\\/\"},{\"@type\":\"ListItem\",\"position\":2,\"name\":\"S\u0103rb\u0103toare \u0219i binecuv\u00e2ntare la M\u0103n\u0103stirea greco-catolic\u0103 din Moli\u0219et: Sfin\u021birea altarului re\u00eennoit \u0219i \u00eenve\u0219m\u00e2ntarea unui nou c\u0103lug\u0103r bazilian\"}]},{\"@type\":\"WebSite\",\"@id\":\"https:\\\/\\\/www.protopopiatebn.ro\\\/#website\",\"url\":\"https:\\\/\\\/www.protopopiatebn.ro\\\/\",\"name\":\"PROTOPOPIATELE GRECO-CATOLICE BECLEAN, BISTRI\u021aA \u0218I RODNA\",\"description\":\"\",\"potentialAction\":[{\"@type\":\"SearchAction\",\"target\":{\"@type\":\"EntryPoint\",\"urlTemplate\":\"https:\\\/\\\/www.protopopiatebn.ro\\\/?s={search_term_string}\"},\"query-input\":{\"@type\":\"PropertyValueSpecification\",\"valueRequired\":true,\"valueName\":\"search_term_string\"}}],\"inLanguage\":\"ro-RO\"},{\"@type\":\"Person\",\"@id\":\"https:\\\/\\\/www.protopopiatebn.ro\\\/#\\\/schema\\\/person\\\/197df79e4c7a10df5e789cc6657cf4b6\",\"name\":\"media\",\"image\":{\"@type\":\"ImageObject\",\"inLanguage\":\"ro-RO\",\"@id\":\"https:\\\/\\\/secure.gravatar.com\\\/avatar\\\/04cd0dc906eda4d18642465bdfac0c5e44dc1c0aee2c6e9ddadbbd2294e96fe6?s=96&d=mm&r=g\",\"url\":\"https:\\\/\\\/secure.gravatar.com\\\/avatar\\\/04cd0dc906eda4d18642465bdfac0c5e44dc1c0aee2c6e9ddadbbd2294e96fe6?s=96&d=mm&r=g\",\"contentUrl\":\"https:\\\/\\\/secure.gravatar.com\\\/avatar\\\/04cd0dc906eda4d18642465bdfac0c5e44dc1c0aee2c6e9ddadbbd2294e96fe6?s=96&d=mm&r=g\",\"caption\":\"media\"},\"sameAs\":[\"http:\\\/\\\/www.protopopiatebn.ro\"],\"url\":\"https:\\\/\\\/www.protopopiatebn.ro\\\/index.php\\\/author\\\/protos\\\/\"}]}<\/script>\n<!-- \/ Yoast SEO plugin. -->","yoast_head_json":{"title":"S\u0103rb\u0103toare \u0219i binecuv\u00e2ntare la M\u0103n\u0103stirea greco-catolic\u0103 din Moli\u0219et: Sfin\u021birea altarului re\u00eennoit \u0219i \u00eenve\u0219m\u00e2ntarea unui nou c\u0103lug\u0103r bazilian - PROTOPOPIATELE GRECO-CATOLICE BECLEAN, BISTRI\u021aA \u0218I RODNA","robots":{"index":"index","follow":"follow","max-snippet":"max-snippet:-1","max-image-preview":"max-image-preview:large","max-video-preview":"max-video-preview:-1"},"canonical":"https:\/\/www.protopopiatebn.ro\/index.php\/2026\/09\/01\/sarbatoare-si-binecuvantare-la-manastirea-greco-catolica-din-moliset-sfintirea-altarului-reinnoit-si-invesmantarea-unui-nou-calugar-bazilian\/","og_locale":"ro_RO","og_type":"article","og_title":"S\u0103rb\u0103toare \u0219i binecuv\u00e2ntare la M\u0103n\u0103stirea greco-catolic\u0103 din Moli\u0219et: Sfin\u021birea altarului re\u00eennoit \u0219i \u00eenve\u0219m\u00e2ntarea unui nou c\u0103lug\u0103r bazilian - PROTOPOPIATELE GRECO-CATOLICE BECLEAN, BISTRI\u021aA \u0218I RODNA","og_description":"\u00cen cea de-a XIII-a duminic\u0103 dup\u0103 Rusalii, la 30 august 2026, comunitatea m\u0103n\u0103stirii \u201eCobor\u00e2rea Spiritului Sf\u00e2nt\u201d din Moli\u0219et (comuna T\u00e2rli\u0219ua), Protopopiatul Beclean, a tr\u0103it momente de o profund\u0103 \u00eensemn\u0103tate spiritual\u0103. Evenimentul a marcat vizita pastoral\u0103 a Preasfin\u021biei Sale Cristian Cri\u0219an, Episcop Auxiliar al Arhieparhiei de Alba Iulia \u0219i F\u0103g\u0103ra\u0219, care a venit \u00een mijlocul unei ... [Read more...]","og_url":"https:\/\/www.protopopiatebn.ro\/index.php\/2026\/09\/01\/sarbatoare-si-binecuvantare-la-manastirea-greco-catolica-din-moliset-sfintirea-altarului-reinnoit-si-invesmantarea-unui-nou-calugar-bazilian\/","og_site_name":"PROTOPOPIATELE GRECO-CATOLICE BECLEAN, BISTRI\u021aA \u0218I RODNA","article_published_time":"2026-09-01T05:14:58+00:00","article_modified_time":"2026-09-01T07:14:03+00:00","og_image":[{"width":1600,"height":1233,"url":"https:\/\/www.protopopiatebn.ro\/wp-content\/uploads\/2026\/09\/IMG-20260831-WA0000.jpg","type":"image\/jpeg"}],"author":"media","twitter_card":"summary_large_image","twitter_misc":{"Scris de":"media","Timp estimat pentru citire":"3 minute"},"schema":{"@context":"https:\/\/schema.org","@graph":[{"@type":"Article","@id":"https:\/\/www.protopopiatebn.ro\/index.php\/2026\/09\/01\/sarbatoare-si-binecuvantare-la-manastirea-greco-catolica-din-moliset-sfintirea-altarului-reinnoit-si-invesmantarea-unui-nou-calugar-bazilian\/#article","isPartOf":{"@id":"https:\/\/www.protopopiatebn.ro\/index.php\/2026\/09\/01\/sarbatoare-si-binecuvantare-la-manastirea-greco-catolica-din-moliset-sfintirea-altarului-reinnoit-si-invesmantarea-unui-nou-calugar-bazilian\/"},"author":{"name":"media","@id":"https:\/\/www.protopopiatebn.ro\/#\/schema\/person\/197df79e4c7a10df5e789cc6657cf4b6"},"headline":"S\u0103rb\u0103toare \u0219i binecuv\u00e2ntare la M\u0103n\u0103stirea greco-catolic\u0103 din Moli\u0219et: Sfin\u021birea altarului re\u00eennoit \u0219i \u00eenve\u0219m\u00e2ntarea unui nou c\u0103lug\u0103r bazilian","datePublished":"2026-09-01T05:14:58+00:00","dateModified":"2026-09-01T07:14:03+00:00","mainEntityOfPage":{"@id":"https:\/\/www.protopopiatebn.ro\/index.php\/2026\/09\/01\/sarbatoare-si-binecuvantare-la-manastirea-greco-catolica-din-moliset-sfintirea-altarului-reinnoit-si-invesmantarea-unui-nou-calugar-bazilian\/"},"wordCount":589,"commentCount":0,"image":{"@id":"https:\/\/www.protopopiatebn.ro\/index.php\/2026\/09\/01\/sarbatoare-si-binecuvantare-la-manastirea-greco-catolica-din-moliset-sfintirea-altarului-reinnoit-si-invesmantarea-unui-nou-calugar-bazilian\/#primaryimage"},"thumbnailUrl":"https:\/\/www.protopopiatebn.ro\/wp-content\/uploads\/2026\/09\/IMG-20260831-WA0000.jpg","articleSection":["Uncategorized"],"inLanguage":"ro-RO","potentialAction":[{"@type":"CommentAction","name":"Comment","target":["https:\/\/www.protopopiatebn.ro\/index.php\/2026\/09\/01\/sarbatoare-si-binecuvantare-la-manastirea-greco-catolica-din-moliset-sfintirea-altarului-reinnoit-si-invesmantarea-unui-nou-calugar-bazilian\/#respond"]}]},{"@type":"WebPage","@id":"https:\/\/www.protopopiatebn.ro\/index.php\/2026\/09\/01\/sarbatoare-si-binecuvantare-la-manastirea-greco-catolica-din-moliset-sfintirea-altarului-reinnoit-si-invesmantarea-unui-nou-calugar-bazilian\/","url":"https:\/\/www.protopopiatebn.ro\/index.php\/2026\/09\/01\/sarbatoare-si-binecuvantare-la-manastirea-greco-catolica-din-moliset-sfintirea-altarului-reinnoit-si-invesmantarea-unui-nou-calugar-bazilian\/","name":"S\u0103rb\u0103toare \u0219i binecuv\u00e2ntare la M\u0103n\u0103stirea greco-catolic\u0103 din Moli\u0219et: Sfin\u021birea altarului re\u00eennoit \u0219i \u00eenve\u0219m\u00e2ntarea unui nou c\u0103lug\u0103r bazilian - PROTOPOPIATELE GRECO-CATOLICE BECLEAN, BISTRI\u021aA \u0218I RODNA","isPartOf":{"@id":"https:\/\/www.protopopiatebn.ro\/#website"},"primaryImageOfPage":{"@id":"https:\/\/www.protopopiatebn.ro\/index.php\/2026\/09\/01\/sarbatoare-si-binecuvantare-la-manastirea-greco-catolica-din-moliset-sfintirea-altarului-reinnoit-si-invesmantarea-unui-nou-calugar-bazilian\/#primaryimage"},"image":{"@id":"https:\/\/www.protopopiatebn.ro\/index.php\/2026\/09\/01\/sarbatoare-si-binecuvantare-la-manastirea-greco-catolica-din-moliset-sfintirea-altarului-reinnoit-si-invesmantarea-unui-nou-calugar-bazilian\/#primaryimage"},"thumbnailUrl":"https:\/\/www.protopopiatebn.ro\/wp-content\/uploads\/2026\/09\/IMG-20260831-WA0000.jpg","datePublished":"2026-09-01T05:14:58+00:00","dateModified":"2026-09-01T07:14:03+00:00","author":{"@id":"https:\/\/www.protopopiatebn.ro\/#\/schema\/person\/197df79e4c7a10df5e789cc6657cf4b6"},"breadcrumb":{"@id":"https:\/\/www.protopopiatebn.ro\/index.php\/2026\/09\/01\/sarbatoare-si-binecuvantare-la-manastirea-greco-catolica-din-moliset-sfintirea-altarului-reinnoit-si-invesmantarea-unui-nou-calugar-bazilian\/#breadcrumb"},"inLanguage":"ro-RO","potentialAction":[{"@type":"ReadAction","target":["https:\/\/www.protopopiatebn.ro\/index.php\/2026\/09\/01\/sarbatoare-si-binecuvantare-la-manastirea-greco-catolica-din-moliset-sfintirea-altarului-reinnoit-si-invesmantarea-unui-nou-calugar-bazilian\/"]}]},{"@type":"ImageObject","inLanguage":"ro-RO","@id":"https:\/\/www.protopopiatebn.ro\/index.php\/2026\/09\/01\/sarbatoare-si-binecuvantare-la-manastirea-greco-catolica-din-moliset-sfintirea-altarului-reinnoit-si-invesmantarea-unui-nou-calugar-bazilian\/#primaryimage","url":"https:\/\/www.protopopiatebn.ro\/wp-content\/uploads\/2026\/09\/IMG-20260831-WA0000.jpg","contentUrl":"https:\/\/www.protopopiatebn.ro\/wp-content\/uploads\/2026\/09\/IMG-20260831-WA0000.jpg","width":1600,"height":1233},{"@type":"BreadcrumbList","@id":"https:\/\/www.protopopiatebn.ro\/index.php\/2026\/09\/01\/sarbatoare-si-binecuvantare-la-manastirea-greco-catolica-din-moliset-sfintirea-altarului-reinnoit-si-invesmantarea-unui-nou-calugar-bazilian\/#breadcrumb","itemListElement":[{"@type":"ListItem","position":1,"name":"Home","item":"https:\/\/www.protopopiatebn.ro\/"},{"@type":"ListItem","position":2,"name":"S\u0103rb\u0103toare \u0219i binecuv\u00e2ntare la M\u0103n\u0103stirea greco-catolic\u0103 din Moli\u0219et: Sfin\u021birea altarului re\u00eennoit \u0219i \u00eenve\u0219m\u00e2ntarea unui nou c\u0103lug\u0103r bazilian"}]},{"@type":"WebSite","@id":"https:\/\/www.protopopiatebn.ro\/#website","url":"https:\/\/www.protopopiatebn.ro\/","name":"PROTOPOPIATELE GRECO-CATOLICE BECLEAN, BISTRI\u021aA \u0218I RODNA","description":"","potentialAction":[{"@type":"SearchAction","target":{"@type":"EntryPoint","urlTemplate":"https:\/\/www.protopopiatebn.ro\/?s={search_term_string}"},"query-input":{"@type":"PropertyValueSpecification","valueRequired":true,"valueName":"search_term_string"}}],"inLanguage":"ro-RO"},{"@type":"Person","@id":"https:\/\/www.protopopiatebn.ro\/#\/schema\/person\/197df79e4c7a10df5e789cc6657cf4b6","name":"media","image":{"@type":"ImageObject","inLanguage":"ro-RO","@id":"https:\/\/secure.gravatar.com\/avatar\/04cd0dc906eda4d18642465bdfac0c5e44dc1c0aee2c6e9ddadbbd2294e96fe6?s=96&d=mm&r=g","url":"https:\/\/secure.gravatar.com\/avatar\/04cd0dc906eda4d18642465bdfac0c5e44dc1c0aee2c6e9ddadbbd2294e96fe6?s=96&d=mm&r=g","contentUrl":"https:\/\/secure.gravatar.com\/avatar\/04cd0dc906eda4d18642465bdfac0c5e44dc1c0aee2c6e9ddadbbd2294e96fe6?s=96&d=mm&r=g","caption":"media"},"sameAs":["http:\/\/www.protopopiatebn.ro"],"url":"https:\/\/www.protopopiatebn.ro\/index.php\/author\/protos\/"}]}},"_links":{"self":[{"href":"https:\/\/www.protopopiatebn.ro\/index.php\/wp-json\/wp\/v2\/posts\/1730","targetHints":{"allow":["GET"]}}],"collection":[{"href":"https:\/\/www.protopopiatebn.ro\/index.php\/wp-json\/wp\/v2\/posts"}],"about":[{"href":"https:\/\/www.protopopiatebn.ro\/index.php\/wp-json\/wp\/v2\/types\/post"}],"author":[{"embeddable":true,"href":"https:\/\/www.protopopiatebn.ro\/index.php\/wp-json\/wp\/v2\/users\/3"}],"replies":[{"embeddable":true,"href":"https:\/\/www.protopopiatebn.ro\/index.php\/wp-json\/wp\/v2\/comments?post=1730"}],"version-history":[{"count":5,"href":"https:\/\/www.protopopiatebn.ro\/index.php\/wp-json\/wp\/v2\/posts\/1730\/revisions"}],"predecessor-version":[{"id":1736,"href":"https:\/\/www.protopopiatebn.ro\/index.php\/wp-json\/wp\/v2\/posts\/1730\/revisions\/1736"}],"wp:attachment":[{"href":"https:\/\/www.protopopiatebn.ro\/index.php\/wp-json\/wp\/v2\/media?parent=1730"}],"wp:term":[{"taxonomy":"category","embeddable":true,"href":"https:\/\/www.protopopiatebn.ro\/index.php\/wp-json\/wp\/v2\/categories?post=1730"},{"taxonomy":"post_tag","embeddable":true,"href":"https:\/\/www.protopopiatebn.ro\/index.php\/wp-json\/wp\/v2\/tags?post=1730"}],"curies":[{"name":"wp","href":"https:\/\/api.w.org\/{rel}","templated":true}]}}