{"id":1397,"date":"2025-10-26T20:52:24","date_gmt":"2025-10-26T18:52:24","guid":{"rendered":"https:\/\/www.protopopiatebn.ro\/?p=1397"},"modified":"2025-10-27T09:42:08","modified_gmt":"2025-10-27T07:42:08","slug":"sfintirea-bustului-fericitului-cardinal-iuliu-hossu-la-feldru-26-octombrie-2025","status":"publish","type":"post","link":"https:\/\/www.protopopiatebn.ro\/index.php\/2025\/10\/26\/sfintirea-bustului-fericitului-cardinal-iuliu-hossu-la-feldru-26-octombrie-2025\/","title":{"rendered":"Sfin\u021birea bustului \u201dFericitului Cardinal Iuliu Hossu\u201d la Feldru &#8211; 26 octombrie 2025"},"content":{"rendered":"<p><img loading=\"lazy\" decoding=\"async\" class=\"wp-image-1399 aligncenter\" src=\"https:\/\/www.protopopiatebn.ro\/wp-content\/uploads\/2025\/10\/IMG_4058-scaled.png\" alt=\"\" width=\"1087\" height=\"816\" srcset=\"https:\/\/www.protopopiatebn.ro\/wp-content\/uploads\/2025\/10\/IMG_4058-scaled.png 2560w, https:\/\/www.protopopiatebn.ro\/wp-content\/uploads\/2025\/10\/IMG_4058-300x225.png 300w, https:\/\/www.protopopiatebn.ro\/wp-content\/uploads\/2025\/10\/IMG_4058-1024x769.png 1024w, https:\/\/www.protopopiatebn.ro\/wp-content\/uploads\/2025\/10\/IMG_4058-768x577.png 768w, https:\/\/www.protopopiatebn.ro\/wp-content\/uploads\/2025\/10\/IMG_4058-1536x1153.png 1536w, https:\/\/www.protopopiatebn.ro\/wp-content\/uploads\/2025\/10\/IMG_4058-2048x1538.png 2048w\" sizes=\"auto, (max-width: 1087px) 100vw, 1087px\" \/><\/p>\n<p><span style=\"font-weight: 400;\">\u00cen contextul anului omagial \u201eCardinal Iuliu Hossu\u201d \u00een comunitatea greco-catolic\u0103 din Feldru &#8211; Valea Secerului s-a sfin\u021bit \u00een duminica a 23-a dup\u0103 Rusalii \u0219i \u00een S\u0103rb\u0103toarea \u201eSf. Mucenic Dumitru\u201d, izvor\u00e2torul de mir, un bust al Fericitului Cardinal Iuliu Hossu. Sf\u00e2nta Liturghie \u0219i ceremonia sfin\u021birii bustului a fost celebrat\u0103 de <\/span>p\u0103rintele Traian Coste-Deak, vicar judec\u0103toresc al Eparhiei de Cluj-Gherla \u00eempreun\u0103 cu Pr. Protopop Cristian Goia, Pr. paroh Claudiu Oltean, Pr. Iuliu Bonta\u0219 \u0219i Pr. Pavel Vran\u0103u, preo\u021bi din protopopiatul Rodna.<\/p>\n<p><span style=\"font-weight: 400;\">Programul a \u00eenceput cu s\u0103v\u00e2r\u0219irea Sfintei \u0219i Dumnezeie\u0219tii Liturghii \u00een biserica parohial\u0103 \u201eAdormirea Maicii Domnului\u201d iar r\u0103spunsurile au fost oferite de c\u0103tre surorile Ordinului Sf\u00e2ntul Vasile cel Mare. Atmosfera de rug\u0103ciune a fost completat\u0103 de cuv\u00e2ntul de \u00eenv\u0103\u021b\u0103tur\u0103 al p\u0103rintelui vicar judec\u0103toresc care, pornind de la pericopa evanghelic\u0103 a duminicii, a vorbit despre puterea Fiului lui Dumnezeu de a purifica omul din dorin\u021ba arz\u0103toare de a-l readuce la frumuse\u021bea \u0219i echilibrul ini\u021bial \u0219i despre importan\u021ba conlucr\u0103rii cu harul lui Dumnezeu pentru a deveni mo\u0219tenitori ai \u00cemp\u0103r\u0103\u021biei Sale Cere\u0219ti.<\/span><\/p>\n<p><span style=\"font-weight: 400;\">La finalul Sfintei Liturghii au avut loc mai multe alocu\u021biuni. Prima a fost a p\u0103rintelui protopop Cristian Goia care a vorbit despre cele 3 vizite pastorale ale Fericitului Cardinal Iuliu Hossu \u00een Feldru \u0219i a prezentat expozi\u021bia \u201eR\u0103d\u0103cini \u0219i speran\u021b\u0103\u201d, care a fost expus\u0103 \u00een parohie cu ocazia acestui eveniment. A urmat apoi discursul col. Gheorghe Tanco, pre\u0219edintele\u00a0<\/span>filialei Bistri\u021ba-N\u0103s\u0103ud \u201eColonel Liviu Rusu\u201d a Asocia\u021biei na\u021bionale Cultul Eroilor \u201eRegina Maria\u201d, care a evocat personalitatea Fericitului Cardinal Iuliu Hossu. A mai vorbit \u0219i primarul comunei Feldru, domnul Ioan Opri\u0219, precum \u0219i Vasile Uiuiu, pastorul comunit\u0103\u021bii penticostale din Feldru \u0219i Pr. paroh Claudiu Oltean care a mul\u021bumit oficialit\u0103\u021bilor \u0219i tuturor celor care s-au implicat pentru realizarea acestui monument.<\/p>\n<p><span style=\"font-weight: 400;\">Dup\u0103 terminarea discursurilor a urmat ceremonia de sfin\u021bire a bustului Fericitului Cardinal Iuliu Hossu \u0219i to\u021bi cei prezen\u021bi au ie\u0219it din biseric\u0103 \u0219i s-au adunat \u00een jurul monumentului care a fost realizat de c\u0103tre sculptorul Vlad Prun\u0103 la ini\u021biativa \u0219i cu eforturile p\u0103rintelui Claudiu Oltean, sprijinit fiind de c\u0103tre credincio\u0219ii din comunitatea pe care o p\u0103store\u0219te precum \u0219i de c\u0103tre autorit\u0103\u021bile locale. La final domnul colonel\u00a0 Gheorghe Tanco \u00een numele Asocia\u021biei Cultul Eroilor \u201eRegina Maria\u201d filiala Bistri\u021ba-N\u0103s\u0103ud a \u00eenm\u00e2nat diplome celor care s-au implicat \u00een realizarea bustului iar s\u0103rb\u0103toarea s-a \u00eencheiat cu o agap\u0103 fr\u0103\u021beasc\u0103 la un restaurant din apropierea localit\u0103\u021bii.<\/span><\/p>\n<p style=\"text-align: right;\">a consemnat secretarul protopopiatului diaconul Ovidiu Iusco<\/p>\n<h2><a href=\"https:\/\/photos.app.goo.gl\/uoPRyHzoJfBqCdER6\">ALBUM FOTO EVENIMENT<\/a><\/h2>\n<h2><a href=\"https:\/\/youtu.be\/cewSnEztssU\">VIDEO &#8211; SF. LITURGHIE, BISERICA \u201eADORMIREA MAICII DOMNULUI\u201d FELDRU<\/a><\/h2>\n<p><iframe loading=\"lazy\" title=\"YouTube video player\" src=\"https:\/\/www.youtube.com\/embed\/cewSnEztssU?si=k0nhkxe_sV_T9Sir\" width=\"560\" height=\"315\" frameborder=\"0\" allowfullscreen=\"allowfullscreen\"><\/iframe><\/p>\n<h2><a href=\"https:\/\/youtu.be\/V_59Z4E_QAY\">VIDEO &#8211; SFIN\u021aIREA BUSTULUI CARDINALULUI IULIU HOSSU<\/a><\/h2>\n<p><iframe loading=\"lazy\" title=\"YouTube video player\" src=\"https:\/\/www.youtube.com\/embed\/V_59Z4E_QAY?si=0nIdxyu8Z4XuUqa-\" width=\"560\" height=\"315\" frameborder=\"0\" allowfullscreen=\"allowfullscreen\"><\/iframe><\/p>\n<h2><a href=\"https:\/\/youtu.be\/s0v2mjSTyPY\">PREZENTARE BISERIC\u0102<\/a><\/h2>\n<p><iframe loading=\"lazy\" title=\"YouTube video player\" src=\"https:\/\/www.youtube.com\/embed\/s0v2mjSTyPY?si=hgyYcWNbozxqNkr1\" width=\"560\" height=\"315\" frameborder=\"0\" allowfullscreen=\"allowfullscreen\"><\/iframe><\/p>\n","protected":false},"excerpt":{"rendered":"<p>\u00cen contextul anului omagial \u201eCardinal Iuliu Hossu\u201d \u00een comunitatea greco-catolic\u0103 din Feldru &#8211; Valea Secerului s-a sfin\u021bit \u00een duminica a 23-a dup\u0103 Rusalii \u0219i \u00een S\u0103rb\u0103toarea \u201eSf. Mucenic Dumitru\u201d, izvor\u00e2torul de mir, un bust al Fericitului Cardinal Iuliu Hossu. Sf\u00e2nta Liturghie \u0219i ceremonia sfin\u021birii bustului a fost celebrat\u0103 de p\u0103rintele Traian Coste-Deak, vicar judec\u0103toresc al &#8230; <span class=\"more\"><a class=\"more-link\" href=\"https:\/\/www.protopopiatebn.ro\/index.php\/2025\/10\/26\/sfintirea-bustului-fericitului-cardinal-iuliu-hossu-la-feldru-26-octombrie-2025\/\">[Read more&#8230;]<\/a><\/span><\/p>\n","protected":false},"author":3,"featured_media":0,"comment_status":"open","ping_status":"open","sticky":false,"template":"","format":"standard","meta":{"footnotes":""},"categories":[1],"tags":[],"class_list":{"0":"entry","1":"post","2":"publish","3":"author-protos","4":"post-1397","6":"format-standard","7":"category-uncategorized"},"yoast_head":"<!-- This site is optimized with the Yoast SEO plugin v27.5 - https:\/\/yoast.com\/product\/yoast-seo-wordpress\/ -->\n<title>Sfin\u021birea bustului \u201dFericitului Cardinal Iuliu Hossu\u201d la Feldru - 26 octombrie 2025 - PROTOPOPIATELE GRECO-CATOLICE BECLEAN, BISTRI\u021aA \u0218I RODNA<\/title>\n<meta name=\"robots\" content=\"index, follow, max-snippet:-1, max-image-preview:large, max-video-preview:-1\" \/>\n<link rel=\"canonical\" href=\"https:\/\/www.protopopiatebn.ro\/index.php\/2025\/10\/26\/sfintirea-bustului-fericitului-cardinal-iuliu-hossu-la-feldru-26-octombrie-2025\/\" \/>\n<meta property=\"og:locale\" content=\"ro_RO\" \/>\n<meta property=\"og:type\" content=\"article\" \/>\n<meta property=\"og:title\" content=\"Sfin\u021birea bustului \u201dFericitului Cardinal Iuliu Hossu\u201d la Feldru - 26 octombrie 2025 - PROTOPOPIATELE GRECO-CATOLICE BECLEAN, BISTRI\u021aA \u0218I RODNA\" \/>\n<meta property=\"og:description\" content=\"\u00cen contextul anului omagial \u201eCardinal Iuliu Hossu\u201d \u00een comunitatea greco-catolic\u0103 din Feldru &#8211; Valea Secerului s-a sfin\u021bit \u00een duminica a 23-a dup\u0103 Rusalii \u0219i \u00een S\u0103rb\u0103toarea \u201eSf. Mucenic Dumitru\u201d, izvor\u00e2torul de mir, un bust al Fericitului Cardinal Iuliu Hossu. Sf\u00e2nta Liturghie \u0219i ceremonia sfin\u021birii bustului a fost celebrat\u0103 de p\u0103rintele Traian Coste-Deak, vicar judec\u0103toresc al ... [Read more...]\" \/>\n<meta property=\"og:url\" content=\"https:\/\/www.protopopiatebn.ro\/index.php\/2025\/10\/26\/sfintirea-bustului-fericitului-cardinal-iuliu-hossu-la-feldru-26-octombrie-2025\/\" \/>\n<meta property=\"og:site_name\" content=\"PROTOPOPIATELE GRECO-CATOLICE BECLEAN, BISTRI\u021aA \u0218I RODNA\" \/>\n<meta property=\"article:published_time\" content=\"2025-10-26T18:52:24+00:00\" \/>\n<meta property=\"article:modified_time\" content=\"2025-10-27T07:42:08+00:00\" \/>\n<meta property=\"og:image\" content=\"https:\/\/www.protopopiatebn.ro\/wp-content\/uploads\/2025\/10\/IMG_4058-1024x769.png\" \/>\n\t<meta property=\"og:image:width\" content=\"1024\" \/>\n\t<meta property=\"og:image:height\" content=\"769\" \/>\n\t<meta property=\"og:image:type\" content=\"image\/png\" \/>\n<meta name=\"author\" content=\"media\" \/>\n<meta name=\"twitter:card\" content=\"summary_large_image\" \/>\n<meta name=\"twitter:label1\" content=\"Scris de\" \/>\n\t<meta name=\"twitter:data1\" content=\"media\" \/>\n\t<meta name=\"twitter:label2\" content=\"Timp estimat pentru citire\" \/>\n\t<meta name=\"twitter:data2\" content=\"3 minute\" \/>\n<script type=\"application\/ld+json\" class=\"yoast-schema-graph\">{\"@context\":\"https:\\\/\\\/schema.org\",\"@graph\":[{\"@type\":\"Article\",\"@id\":\"https:\\\/\\\/www.protopopiatebn.ro\\\/index.php\\\/2025\\\/10\\\/26\\\/sfintirea-bustului-fericitului-cardinal-iuliu-hossu-la-feldru-26-octombrie-2025\\\/#article\",\"isPartOf\":{\"@id\":\"https:\\\/\\\/www.protopopiatebn.ro\\\/index.php\\\/2025\\\/10\\\/26\\\/sfintirea-bustului-fericitului-cardinal-iuliu-hossu-la-feldru-26-octombrie-2025\\\/\"},\"author\":{\"name\":\"media\",\"@id\":\"https:\\\/\\\/www.protopopiatebn.ro\\\/#\\\/schema\\\/person\\\/197df79e4c7a10df5e789cc6657cf4b6\"},\"headline\":\"Sfin\u021birea bustului \u201dFericitului Cardinal Iuliu Hossu\u201d la Feldru &#8211; 26 octombrie 2025\",\"datePublished\":\"2025-10-26T18:52:24+00:00\",\"dateModified\":\"2025-10-27T07:42:08+00:00\",\"mainEntityOfPage\":{\"@id\":\"https:\\\/\\\/www.protopopiatebn.ro\\\/index.php\\\/2025\\\/10\\\/26\\\/sfintirea-bustului-fericitului-cardinal-iuliu-hossu-la-feldru-26-octombrie-2025\\\/\"},\"wordCount\":491,\"commentCount\":0,\"image\":{\"@id\":\"https:\\\/\\\/www.protopopiatebn.ro\\\/index.php\\\/2025\\\/10\\\/26\\\/sfintirea-bustului-fericitului-cardinal-iuliu-hossu-la-feldru-26-octombrie-2025\\\/#primaryimage\"},\"thumbnailUrl\":\"https:\\\/\\\/www.protopopiatebn.ro\\\/wp-content\\\/uploads\\\/2025\\\/10\\\/IMG_4058-scaled.png\",\"articleSection\":[\"Uncategorized\"],\"inLanguage\":\"ro-RO\",\"potentialAction\":[{\"@type\":\"CommentAction\",\"name\":\"Comment\",\"target\":[\"https:\\\/\\\/www.protopopiatebn.ro\\\/index.php\\\/2025\\\/10\\\/26\\\/sfintirea-bustului-fericitului-cardinal-iuliu-hossu-la-feldru-26-octombrie-2025\\\/#respond\"]}]},{\"@type\":\"WebPage\",\"@id\":\"https:\\\/\\\/www.protopopiatebn.ro\\\/index.php\\\/2025\\\/10\\\/26\\\/sfintirea-bustului-fericitului-cardinal-iuliu-hossu-la-feldru-26-octombrie-2025\\\/\",\"url\":\"https:\\\/\\\/www.protopopiatebn.ro\\\/index.php\\\/2025\\\/10\\\/26\\\/sfintirea-bustului-fericitului-cardinal-iuliu-hossu-la-feldru-26-octombrie-2025\\\/\",\"name\":\"Sfin\u021birea bustului \u201dFericitului Cardinal Iuliu Hossu\u201d la Feldru - 26 octombrie 2025 - PROTOPOPIATELE GRECO-CATOLICE BECLEAN, BISTRI\u021aA \u0218I RODNA\",\"isPartOf\":{\"@id\":\"https:\\\/\\\/www.protopopiatebn.ro\\\/#website\"},\"primaryImageOfPage\":{\"@id\":\"https:\\\/\\\/www.protopopiatebn.ro\\\/index.php\\\/2025\\\/10\\\/26\\\/sfintirea-bustului-fericitului-cardinal-iuliu-hossu-la-feldru-26-octombrie-2025\\\/#primaryimage\"},\"image\":{\"@id\":\"https:\\\/\\\/www.protopopiatebn.ro\\\/index.php\\\/2025\\\/10\\\/26\\\/sfintirea-bustului-fericitului-cardinal-iuliu-hossu-la-feldru-26-octombrie-2025\\\/#primaryimage\"},\"thumbnailUrl\":\"https:\\\/\\\/www.protopopiatebn.ro\\\/wp-content\\\/uploads\\\/2025\\\/10\\\/IMG_4058-scaled.png\",\"datePublished\":\"2025-10-26T18:52:24+00:00\",\"dateModified\":\"2025-10-27T07:42:08+00:00\",\"author\":{\"@id\":\"https:\\\/\\\/www.protopopiatebn.ro\\\/#\\\/schema\\\/person\\\/197df79e4c7a10df5e789cc6657cf4b6\"},\"breadcrumb\":{\"@id\":\"https:\\\/\\\/www.protopopiatebn.ro\\\/index.php\\\/2025\\\/10\\\/26\\\/sfintirea-bustului-fericitului-cardinal-iuliu-hossu-la-feldru-26-octombrie-2025\\\/#breadcrumb\"},\"inLanguage\":\"ro-RO\",\"potentialAction\":[{\"@type\":\"ReadAction\",\"target\":[\"https:\\\/\\\/www.protopopiatebn.ro\\\/index.php\\\/2025\\\/10\\\/26\\\/sfintirea-bustului-fericitului-cardinal-iuliu-hossu-la-feldru-26-octombrie-2025\\\/\"]}]},{\"@type\":\"ImageObject\",\"inLanguage\":\"ro-RO\",\"@id\":\"https:\\\/\\\/www.protopopiatebn.ro\\\/index.php\\\/2025\\\/10\\\/26\\\/sfintirea-bustului-fericitului-cardinal-iuliu-hossu-la-feldru-26-octombrie-2025\\\/#primaryimage\",\"url\":\"https:\\\/\\\/www.protopopiatebn.ro\\\/wp-content\\\/uploads\\\/2025\\\/10\\\/IMG_4058-scaled.png\",\"contentUrl\":\"https:\\\/\\\/www.protopopiatebn.ro\\\/wp-content\\\/uploads\\\/2025\\\/10\\\/IMG_4058-scaled.png\",\"width\":2560,\"height\":1922},{\"@type\":\"BreadcrumbList\",\"@id\":\"https:\\\/\\\/www.protopopiatebn.ro\\\/index.php\\\/2025\\\/10\\\/26\\\/sfintirea-bustului-fericitului-cardinal-iuliu-hossu-la-feldru-26-octombrie-2025\\\/#breadcrumb\",\"itemListElement\":[{\"@type\":\"ListItem\",\"position\":1,\"name\":\"Home\",\"item\":\"https:\\\/\\\/www.protopopiatebn.ro\\\/\"},{\"@type\":\"ListItem\",\"position\":2,\"name\":\"Sfin\u021birea bustului \u201dFericitului Cardinal Iuliu Hossu\u201d la Feldru &#8211; 26 octombrie 2025\"}]},{\"@type\":\"WebSite\",\"@id\":\"https:\\\/\\\/www.protopopiatebn.ro\\\/#website\",\"url\":\"https:\\\/\\\/www.protopopiatebn.ro\\\/\",\"name\":\"PROTOPOPIATELE GRECO-CATOLICE BECLEAN, BISTRI\u021aA \u0218I RODNA\",\"description\":\"\",\"potentialAction\":[{\"@type\":\"SearchAction\",\"target\":{\"@type\":\"EntryPoint\",\"urlTemplate\":\"https:\\\/\\\/www.protopopiatebn.ro\\\/?s={search_term_string}\"},\"query-input\":{\"@type\":\"PropertyValueSpecification\",\"valueRequired\":true,\"valueName\":\"search_term_string\"}}],\"inLanguage\":\"ro-RO\"},{\"@type\":\"Person\",\"@id\":\"https:\\\/\\\/www.protopopiatebn.ro\\\/#\\\/schema\\\/person\\\/197df79e4c7a10df5e789cc6657cf4b6\",\"name\":\"media\",\"image\":{\"@type\":\"ImageObject\",\"inLanguage\":\"ro-RO\",\"@id\":\"https:\\\/\\\/secure.gravatar.com\\\/avatar\\\/04cd0dc906eda4d18642465bdfac0c5e44dc1c0aee2c6e9ddadbbd2294e96fe6?s=96&d=mm&r=g\",\"url\":\"https:\\\/\\\/secure.gravatar.com\\\/avatar\\\/04cd0dc906eda4d18642465bdfac0c5e44dc1c0aee2c6e9ddadbbd2294e96fe6?s=96&d=mm&r=g\",\"contentUrl\":\"https:\\\/\\\/secure.gravatar.com\\\/avatar\\\/04cd0dc906eda4d18642465bdfac0c5e44dc1c0aee2c6e9ddadbbd2294e96fe6?s=96&d=mm&r=g\",\"caption\":\"media\"},\"sameAs\":[\"http:\\\/\\\/www.protopopiatebn.ro\"],\"url\":\"https:\\\/\\\/www.protopopiatebn.ro\\\/index.php\\\/author\\\/protos\\\/\"}]}<\/script>\n<!-- \/ Yoast SEO plugin. -->","yoast_head_json":{"title":"Sfin\u021birea bustului \u201dFericitului Cardinal Iuliu Hossu\u201d la Feldru - 26 octombrie 2025 - PROTOPOPIATELE GRECO-CATOLICE BECLEAN, BISTRI\u021aA \u0218I RODNA","robots":{"index":"index","follow":"follow","max-snippet":"max-snippet:-1","max-image-preview":"max-image-preview:large","max-video-preview":"max-video-preview:-1"},"canonical":"https:\/\/www.protopopiatebn.ro\/index.php\/2025\/10\/26\/sfintirea-bustului-fericitului-cardinal-iuliu-hossu-la-feldru-26-octombrie-2025\/","og_locale":"ro_RO","og_type":"article","og_title":"Sfin\u021birea bustului \u201dFericitului Cardinal Iuliu Hossu\u201d la Feldru - 26 octombrie 2025 - PROTOPOPIATELE GRECO-CATOLICE BECLEAN, BISTRI\u021aA \u0218I RODNA","og_description":"\u00cen contextul anului omagial \u201eCardinal Iuliu Hossu\u201d \u00een comunitatea greco-catolic\u0103 din Feldru &#8211; Valea Secerului s-a sfin\u021bit \u00een duminica a 23-a dup\u0103 Rusalii \u0219i \u00een S\u0103rb\u0103toarea \u201eSf. Mucenic Dumitru\u201d, izvor\u00e2torul de mir, un bust al Fericitului Cardinal Iuliu Hossu. Sf\u00e2nta Liturghie \u0219i ceremonia sfin\u021birii bustului a fost celebrat\u0103 de p\u0103rintele Traian Coste-Deak, vicar judec\u0103toresc al ... [Read more...]","og_url":"https:\/\/www.protopopiatebn.ro\/index.php\/2025\/10\/26\/sfintirea-bustului-fericitului-cardinal-iuliu-hossu-la-feldru-26-octombrie-2025\/","og_site_name":"PROTOPOPIATELE GRECO-CATOLICE BECLEAN, BISTRI\u021aA \u0218I RODNA","article_published_time":"2025-10-26T18:52:24+00:00","article_modified_time":"2025-10-27T07:42:08+00:00","og_image":[{"width":1024,"height":769,"url":"https:\/\/www.protopopiatebn.ro\/wp-content\/uploads\/2025\/10\/IMG_4058-1024x769.png","type":"image\/png"}],"author":"media","twitter_card":"summary_large_image","twitter_misc":{"Scris de":"media","Timp estimat pentru citire":"3 minute"},"schema":{"@context":"https:\/\/schema.org","@graph":[{"@type":"Article","@id":"https:\/\/www.protopopiatebn.ro\/index.php\/2025\/10\/26\/sfintirea-bustului-fericitului-cardinal-iuliu-hossu-la-feldru-26-octombrie-2025\/#article","isPartOf":{"@id":"https:\/\/www.protopopiatebn.ro\/index.php\/2025\/10\/26\/sfintirea-bustului-fericitului-cardinal-iuliu-hossu-la-feldru-26-octombrie-2025\/"},"author":{"name":"media","@id":"https:\/\/www.protopopiatebn.ro\/#\/schema\/person\/197df79e4c7a10df5e789cc6657cf4b6"},"headline":"Sfin\u021birea bustului \u201dFericitului Cardinal Iuliu Hossu\u201d la Feldru &#8211; 26 octombrie 2025","datePublished":"2025-10-26T18:52:24+00:00","dateModified":"2025-10-27T07:42:08+00:00","mainEntityOfPage":{"@id":"https:\/\/www.protopopiatebn.ro\/index.php\/2025\/10\/26\/sfintirea-bustului-fericitului-cardinal-iuliu-hossu-la-feldru-26-octombrie-2025\/"},"wordCount":491,"commentCount":0,"image":{"@id":"https:\/\/www.protopopiatebn.ro\/index.php\/2025\/10\/26\/sfintirea-bustului-fericitului-cardinal-iuliu-hossu-la-feldru-26-octombrie-2025\/#primaryimage"},"thumbnailUrl":"https:\/\/www.protopopiatebn.ro\/wp-content\/uploads\/2025\/10\/IMG_4058-scaled.png","articleSection":["Uncategorized"],"inLanguage":"ro-RO","potentialAction":[{"@type":"CommentAction","name":"Comment","target":["https:\/\/www.protopopiatebn.ro\/index.php\/2025\/10\/26\/sfintirea-bustului-fericitului-cardinal-iuliu-hossu-la-feldru-26-octombrie-2025\/#respond"]}]},{"@type":"WebPage","@id":"https:\/\/www.protopopiatebn.ro\/index.php\/2025\/10\/26\/sfintirea-bustului-fericitului-cardinal-iuliu-hossu-la-feldru-26-octombrie-2025\/","url":"https:\/\/www.protopopiatebn.ro\/index.php\/2025\/10\/26\/sfintirea-bustului-fericitului-cardinal-iuliu-hossu-la-feldru-26-octombrie-2025\/","name":"Sfin\u021birea bustului \u201dFericitului Cardinal Iuliu Hossu\u201d la Feldru - 26 octombrie 2025 - PROTOPOPIATELE GRECO-CATOLICE BECLEAN, BISTRI\u021aA \u0218I RODNA","isPartOf":{"@id":"https:\/\/www.protopopiatebn.ro\/#website"},"primaryImageOfPage":{"@id":"https:\/\/www.protopopiatebn.ro\/index.php\/2025\/10\/26\/sfintirea-bustului-fericitului-cardinal-iuliu-hossu-la-feldru-26-octombrie-2025\/#primaryimage"},"image":{"@id":"https:\/\/www.protopopiatebn.ro\/index.php\/2025\/10\/26\/sfintirea-bustului-fericitului-cardinal-iuliu-hossu-la-feldru-26-octombrie-2025\/#primaryimage"},"thumbnailUrl":"https:\/\/www.protopopiatebn.ro\/wp-content\/uploads\/2025\/10\/IMG_4058-scaled.png","datePublished":"2025-10-26T18:52:24+00:00","dateModified":"2025-10-27T07:42:08+00:00","author":{"@id":"https:\/\/www.protopopiatebn.ro\/#\/schema\/person\/197df79e4c7a10df5e789cc6657cf4b6"},"breadcrumb":{"@id":"https:\/\/www.protopopiatebn.ro\/index.php\/2025\/10\/26\/sfintirea-bustului-fericitului-cardinal-iuliu-hossu-la-feldru-26-octombrie-2025\/#breadcrumb"},"inLanguage":"ro-RO","potentialAction":[{"@type":"ReadAction","target":["https:\/\/www.protopopiatebn.ro\/index.php\/2025\/10\/26\/sfintirea-bustului-fericitului-cardinal-iuliu-hossu-la-feldru-26-octombrie-2025\/"]}]},{"@type":"ImageObject","inLanguage":"ro-RO","@id":"https:\/\/www.protopopiatebn.ro\/index.php\/2025\/10\/26\/sfintirea-bustului-fericitului-cardinal-iuliu-hossu-la-feldru-26-octombrie-2025\/#primaryimage","url":"https:\/\/www.protopopiatebn.ro\/wp-content\/uploads\/2025\/10\/IMG_4058-scaled.png","contentUrl":"https:\/\/www.protopopiatebn.ro\/wp-content\/uploads\/2025\/10\/IMG_4058-scaled.png","width":2560,"height":1922},{"@type":"BreadcrumbList","@id":"https:\/\/www.protopopiatebn.ro\/index.php\/2025\/10\/26\/sfintirea-bustului-fericitului-cardinal-iuliu-hossu-la-feldru-26-octombrie-2025\/#breadcrumb","itemListElement":[{"@type":"ListItem","position":1,"name":"Home","item":"https:\/\/www.protopopiatebn.ro\/"},{"@type":"ListItem","position":2,"name":"Sfin\u021birea bustului \u201dFericitului Cardinal Iuliu Hossu\u201d la Feldru &#8211; 26 octombrie 2025"}]},{"@type":"WebSite","@id":"https:\/\/www.protopopiatebn.ro\/#website","url":"https:\/\/www.protopopiatebn.ro\/","name":"PROTOPOPIATELE GRECO-CATOLICE BECLEAN, BISTRI\u021aA \u0218I RODNA","description":"","potentialAction":[{"@type":"SearchAction","target":{"@type":"EntryPoint","urlTemplate":"https:\/\/www.protopopiatebn.ro\/?s={search_term_string}"},"query-input":{"@type":"PropertyValueSpecification","valueRequired":true,"valueName":"search_term_string"}}],"inLanguage":"ro-RO"},{"@type":"Person","@id":"https:\/\/www.protopopiatebn.ro\/#\/schema\/person\/197df79e4c7a10df5e789cc6657cf4b6","name":"media","image":{"@type":"ImageObject","inLanguage":"ro-RO","@id":"https:\/\/secure.gravatar.com\/avatar\/04cd0dc906eda4d18642465bdfac0c5e44dc1c0aee2c6e9ddadbbd2294e96fe6?s=96&d=mm&r=g","url":"https:\/\/secure.gravatar.com\/avatar\/04cd0dc906eda4d18642465bdfac0c5e44dc1c0aee2c6e9ddadbbd2294e96fe6?s=96&d=mm&r=g","contentUrl":"https:\/\/secure.gravatar.com\/avatar\/04cd0dc906eda4d18642465bdfac0c5e44dc1c0aee2c6e9ddadbbd2294e96fe6?s=96&d=mm&r=g","caption":"media"},"sameAs":["http:\/\/www.protopopiatebn.ro"],"url":"https:\/\/www.protopopiatebn.ro\/index.php\/author\/protos\/"}]}},"_links":{"self":[{"href":"https:\/\/www.protopopiatebn.ro\/index.php\/wp-json\/wp\/v2\/posts\/1397","targetHints":{"allow":["GET"]}}],"collection":[{"href":"https:\/\/www.protopopiatebn.ro\/index.php\/wp-json\/wp\/v2\/posts"}],"about":[{"href":"https:\/\/www.protopopiatebn.ro\/index.php\/wp-json\/wp\/v2\/types\/post"}],"author":[{"embeddable":true,"href":"https:\/\/www.protopopiatebn.ro\/index.php\/wp-json\/wp\/v2\/users\/3"}],"replies":[{"embeddable":true,"href":"https:\/\/www.protopopiatebn.ro\/index.php\/wp-json\/wp\/v2\/comments?post=1397"}],"version-history":[{"count":9,"href":"https:\/\/www.protopopiatebn.ro\/index.php\/wp-json\/wp\/v2\/posts\/1397\/revisions"}],"predecessor-version":[{"id":1408,"href":"https:\/\/www.protopopiatebn.ro\/index.php\/wp-json\/wp\/v2\/posts\/1397\/revisions\/1408"}],"wp:attachment":[{"href":"https:\/\/www.protopopiatebn.ro\/index.php\/wp-json\/wp\/v2\/media?parent=1397"}],"wp:term":[{"taxonomy":"category","embeddable":true,"href":"https:\/\/www.protopopiatebn.ro\/index.php\/wp-json\/wp\/v2\/categories?post=1397"},{"taxonomy":"post_tag","embeddable":true,"href":"https:\/\/www.protopopiatebn.ro\/index.php\/wp-json\/wp\/v2\/tags?post=1397"}],"curies":[{"name":"wp","href":"https:\/\/api.w.org\/{rel}","templated":true}]}}