{"id":137,"date":"2023-03-27T20:18:05","date_gmt":"2023-03-27T20:18:05","guid":{"rendered":"https:\/\/protopopiatebn.ro\/?p=137"},"modified":"2023-03-27T20:23:29","modified_gmt":"2023-03-27T20:23:29","slug":"ps-claudiu-la-hramul-bisericii-buna-vestire-din-bistrita","status":"publish","type":"post","link":"https:\/\/www.protopopiatebn.ro\/index.php\/2023\/03\/27\/ps-claudiu-la-hramul-bisericii-buna-vestire-din-bistrita\/","title":{"rendered":"PS Claudiu la hramul bisericii \u201eBuna Vestire\u201d din Bistri\u021ba"},"content":{"rendered":"\n<p><strong>Vizita Preasfin\u021biei Sale Claudiu la hramul bisericii parohiale \u201eBuna Vestire\u201d,Bistri\u021ba, Prima \u00cemp\u0103rt\u0103\u0219anie<\/strong><\/p>\n\n\n\n<figure class=\"wp-block-image size-large\"><img loading=\"lazy\" decoding=\"async\" width=\"1024\" height=\"634\" src=\"https:\/\/protopopiatebn.ro\/wp-content\/uploads\/2023\/03\/IMG_3888-1024x634.jpg\" alt=\"\" class=\"wp-image-138\" srcset=\"https:\/\/www.protopopiatebn.ro\/wp-content\/uploads\/2023\/03\/IMG_3888-1024x634.jpg 1024w, https:\/\/www.protopopiatebn.ro\/wp-content\/uploads\/2023\/03\/IMG_3888-300x186.jpg 300w, https:\/\/www.protopopiatebn.ro\/wp-content\/uploads\/2023\/03\/IMG_3888-768x476.jpg 768w, https:\/\/www.protopopiatebn.ro\/wp-content\/uploads\/2023\/03\/IMG_3888-1536x951.jpg 1536w, https:\/\/www.protopopiatebn.ro\/wp-content\/uploads\/2023\/03\/IMG_3888-2048x1269.jpg 2048w\" sizes=\"auto, (max-width: 1024px) 100vw, 1024px\" \/><\/figure>\n\n\n\n<p>Duminic\u0103, 26 martie 2023, \u2013 \u00een Duminica a IV-a a Postului Mare, Preasfin\u021bia sa Claudiu, Episcopul de Cluj-Gherla a vizitat parohia \u201eBuna Vestire\u201d din Bistri\u021ba, cu ocazia hramului bisericii parohiale \u0219i a Primei Sfinte \u00cemp\u0103rt\u0103\u0219anii a patru copila\u0219i din aceast\u0103 parohie. La sosire, un grup de copii \u00een strai popular i-au urat \u00een cor bun venit \u0219i i-au oferit trandafiri albi, semne ale cur\u0103\u021biei inimilor lor.<\/p>\n\n\n\n<p>Ierarhul a fost \u00eent\u00e2mpinat apoi cu bucurie de pr. paroh Ioan Fri\u0219an, gazda evenimentului, de pr. Cristian Goia, protopop de Beclean, Bistri\u021ba \u0219i Rodna, de preo\u021bi din aceste protopopiate. L-a salutat, de asemenea cu bucurie, primarul mun. Bistri\u021ba, Ioan Turc. \u00centre autorit\u0103\u021bile prezente s-au aflat \u0219i prefectul jud. Bistri\u021ba-N\u0103s\u0103ud, Teofil Cioarb\u0103, deputa\u021bii Bogdan Ivan \u0219i Daniel Suciu \u0219i managerul Spitalului Jude\u021bean de Urgen\u021b\u0103 Bistri\u021ba, Gabriel Lazany, cu to\u021bii au luat parte la \u00eentreaga celebrare, \u00eempreun\u0103 cu credincio\u0219ii bistri\u021beni reuni\u021bi \u00een num\u0103r mare.<\/p>\n\n\n\n<p>La intrarea \u00een biseric\u0103, tineri din ASTRU \u0219i membri ai Reuniunii Mariane parohiale \u2013 purt\u00e2nd fiecare ve\u0219mintele specifice: ASTRU tricourile ro\u0219ii, iar mariani\u0219tii e\u0219arfele albastre, au f\u0103cut un culoar P\u0103storului Eparhiei \u0219i preo\u021bilor, spre a-l \u00eent\u00e2mpina, dar ar\u0103t\u00e2ndu-\u0219i \u00een acest mod \u0219i disponibilitatea de a fi \u00een slujba lui Dumnezeu \u00een Biseric\u0103. Astri\u0219tii i-au d\u0103ruit Episcopului trandafiri ro\u0219ii iar preoteasa Floarea Fri\u0219an a \u00eenm\u00e2nat Preasfin\u021biei Sale Claudiu un semn al rug\u0103ciunilor Reuniunii Mariane, care se fac zi de zi \u00een aceast\u0103 parohie: un rozariu confec\u021bionat din flori.<\/p>\n\n\n\n<p>Episcopul \u0219i preo\u021bii \u2013 au fost doisprezece preo\u021bi \u2013 au intrat \u00een sf\u00e2ntul loca\u0219 \u00een procesiune, s-au \u00eendreptat spre Altar unde au celebrat Sf\u00e2nta Liturghie. R\u0103spunsurile liturgice \u0219i c\u00e2nt\u0103rile tradi\u021bionale la \u00cemp\u0103rt\u0103\u0219anie le-au intonat cori\u0219tii Corului \u201eSanctus Spiritus\u201d al bisericii, dirijat de Floarea Sfechi\u0219. Au ajutat la celebrare diaconul Lucian Ovidiu Mari\u0219ca (cancelar episcopal) \u0219i ipodiaconii: Mihai Radu Andrei (secretarul Preasfin\u021biei Sale Claudiu) \u0219i studen\u021bii seminari\u0219ti Ionu\u021b Mihu \u0219i Romulus Iu\u0219an de la Seminarul Teologic eparhial \u201eSf. Ioan Evanghelistul\u201d din Cluj-Napoca.<\/p>\n\n\n\n<p>\u00cen momentul r\u00e2nduit, \u00eenainte de rostirea Simbolului Credin\u021bei, cei patru copila\u0219i, David Anton, Gabriel Nicholas, Sofia Maria \u0219i Tudor, au f\u0103cut \u00een fa\u021ba Episcopului \u0219i a Bisericii profesiunea de credin\u021b\u0103 pentru a primi apoi, din m\u00e2na Ierarhului, pentru prima dat\u0103, Trupul \u0219i S\u00e2ngele lui Isus. Preasfin\u021bia Sa Claudiu a mul\u021bumit tuturor \u201epentru minunata primire\u201d, \u0219i, a ad\u0103ugat, \u201eV\u0103 mul\u021bumesc fiindc\u0103 \u0219tiu, c\u0103, Cel pe care \u00eel primi\u021bi, \u00eel primim cu to\u021bii, este Isus, M\u00e2ntuitorul nostru. Ast\u0103zi, \u0219i ori de c\u00e2te ori ne \u00eent\u00e2lnim la biseric\u0103, ori de c\u00e2te ori celebr\u0103m Sf\u00e2nta Liturghie, \u00eel avem pe Isus \u00een mijlocul nostru. Noi suntem doar ni\u0219te slujitori nevrednici, care, a\u0219a mici \u0219i s\u0103raci cum suntem, cu neputin\u021bele noastre omene\u0219ti, \u00eencerc\u0103m s\u0103 \u00eel l\u0103s\u0103m s\u0103 lucreze prin noi, \u00eencerc\u0103m s\u0103 deschidem por\u021bile sufletului nostru m\u00e2ntuirii lui Dumnezeu.\u201d<\/p>\n\n\n\n<p>A meditat la S\u0103rb\u0103toarea Bunei Vestiri \u2013 care s-a celebrat \u00een ziua precedent\u0103 \u00een Biseric\u0103 -, \u201ehramul acestei parohii, dar, \u00een fond, este hramul sufletelor noastre, fiindc\u0103 a\u0219a se deschid por\u021bile sufletului \u00een inimile noastre, cu vestirea \u00eengerului. Avem fiecare dintre noi un \u00eenger p\u0103zitor, avem fiecare dintre noi un plan al lui Dumnezeu \u0219i suntem chema\u021bi s\u0103 \u00eemplinim acest plan pe care Dumnezeu \u00eel face pentru noi.\u201d Preasfin\u021bia Sa a meditat \u201ela minunatul moment \u00een care, \u00een sf\u00e2r\u0219it, o creatur\u0103, Maica Sf\u00e2nt\u0103, r\u0103spunde cu adev\u0103rat Creatorului. Maica Sf\u00e2nt\u0103 este noua Ev\u0103, care ascult\u0103 de Dumnezeu \u0219i nu de cel r\u0103u.\u201d<\/p>\n\n\n\n<p>Astfel, \u201e\u00een S\u0103rb\u0103toarea Bunei Vestiri, Maica Sf\u00e2nt\u0103 este prima creatur\u0103 care spune din toat\u0103 inima: \u00abfie mie dup\u0103 cuv\u00e2ntul t\u0103u\u00bb, de aceea este \u00eenceputul m\u00e2ntuirii noastre: fiindc\u0103, de fapt, \u0219i noi suntem chema\u021bi \u00een fiecare clip\u0103, ast\u0103zi \u00een mod cu totul special, s\u0103 spunem: \u00abfie mie dup\u0103 cuv\u00e2ntul t\u0103u\u00bb\u201e. (\u2026) \u201eAcesta este misterul iubirii lui Dumnezeu, acesta este misterul libert\u0103\u021bii noastre, c\u0103 noi putem \u00een fiecare clip\u0103 s\u0103 o urm\u0103m pe Maica Sf\u00e2nt\u0103\u201d. Pentru a o urma pe Maica Sf\u00e2nt\u0103, pentru a r\u0103spunde chem\u0103rii lui Dumnezeu, care \u201enu \u00eenceteaz\u0103 s\u0103 ne cheme, \u00abiar\u0103 \u0219i iar\u0103\u00bb \u2013 a\u0219a cum c\u00e2nt\u0103m la Sf\u00e2nta Liturghie, pentru noi, din mila lui Dumnezeu, niciodat\u0103 nu este prea t\u00e2rziu. \u00centotdeauna este timpul m\u00e2ntuirii noastre \u0219i este important s\u0103 ne ancor\u0103m \u00eentotdeauna \u00een prezent. S\u0103 nu l\u0103s\u0103m pe m\u00e2ine. S\u0103 \u00eencepem ast\u0103zi, Dumnezeu ne cheam\u0103 ast\u0103zi \u0219i acest moment este singurul pe care \u00eel avem la dispozi\u021bie. (\u2026) Prezentul este singurul timp \u00een care Dumnezeu poate lucra pentru noi.\u201d<\/p>\n\n\n\n<p>Preasfin\u021bia sa Claudiu s-a oprit apoi la Evanghelia duminicii (Mc 9,17-32), despre vindecarea (exorcizarea) de c\u0103tre Isus a fiului care \u201eare un spirit mut\u201d. A vorbit \u0219i despre puterea r\u0103ului care, pentru a fi anihilat\u0103, trebuie con\u0219tientizat\u0103. Cel r\u0103u este periculos, nu at\u00e2t \u00een fa\u021ba exorcismului, c\u00e2nd se manifest\u0103 vizibil, ci mai ales atunci c\u00e2nd este ascuns. A exemplificat, ar\u0103t\u00e2nd \u201efelul \u00een care cel r\u0103u ac\u021bioneaz\u0103 prin oamenii care \u00eei spun lui Isus \u00abpleac\u0103 de la noi. Ne-am pierdut turma de porci \u0219i ne-am pierdut ceva personal, deci, pleac\u0103 de la noi\u00bb\u201d. A spus: \u201eCred c\u0103 este mult mai periculos acest caz, \u0219i noi, ca \u0219i cre\u0219tini, suntem chema\u021bi s\u0103 fim exper\u021bi \u00een discern\u0103m\u00e2nt. Discern\u0103m\u00e2nt \u00eenseamn\u0103 s\u0103 reu\u0219im s\u0103 vedem clar ce se \u00eent\u00e2mpl\u0103 \u00een via\u021ba noastr\u0103. E ca \u00een cazul unei boli fizice: este extrem de important s\u0103 avem un bun diagnostician, s\u0103 \u0219tim de ce suferim, pentru a g\u0103si remediul potrivit. De aceea, Biserica ne invit\u0103 s\u0103 particip\u0103m la Sf\u00e2nta Liturghie, la rug\u0103ciunile Bisericii, s\u0103 ne rug\u0103m acas\u0103, fiindc\u0103 rug\u0103ciunea este cel mai important mijloc de diagnosticare. Atunci c\u00e2nd suntem \u00een rug\u0103ciune, atunci lucrurile se reveleaz\u0103. Atunci \u00eencepem s\u0103 vedem clar.\u201d<\/p>\n\n\n\n<p>A asem\u0103nat rug\u0103ciunea cu \u201eo ap\u0103 curg\u0103toare. Dac\u0103 \u00eentr-o ap\u0103 st\u0103tut\u0103 arunci un bolovan, nu o s\u0103 remarci prezen\u021ba lui. Dac\u0103 \u00eentr-o ap\u0103 curg\u0103toare pui un bolovan, o s\u0103 vezi c\u0103 apa se \u00eenvolbur\u0103 \u00een acel loc \u0219i \u00een\u021belegi c\u0103 exist\u0103 o prezen\u021b\u0103 care \u00eengr\u0103de\u0219te ceva. A\u0219a este \u0219i cu rug\u0103ciunea.\u201d \u0218i a dat exemplul ucenicilor care \u00eencearc\u0103, dar nu reu\u0219esc s\u0103 vindece copilul grav bolnav, pentru c\u0103 ei vorbesc \u00eentre ei, dar \u201enu vorbesc cu Dumnezeu, nu vorbesc cu Cristos. De aceea, este important c\u0103 suntem \u00eempreun\u0103, da, dar \u00eempreun\u0103 cu Cristos!\u201d Pentru c\u0103, \u201edac\u0103 ne uit\u0103m doar la noi \u00een\u0219ine, suntem, \u00eentr-adev\u0103r, oameni slabi, oameni p\u0103c\u0103to\u0219i ca to\u021bi oamenii de pe acest p\u0103m\u00e2nt. Dar, atunci c\u00e2nd aducem \u00een fa\u021ba lui Dumnezeu s\u0103r\u0103cia noastr\u0103, sl\u0103biciunea noastr\u0103, p\u0103catele noastre chiar, lucrurile se schimb\u0103\u201d, \u0219i, \u201ede aceea Biserica ne cheam\u0103 s\u0103 fim \u00een biserici, duminica, \u00een s\u0103rb\u0103tori \u0219i ori de c\u00e2te ori putem (\u2026), fiindc\u0103, \u00eentr-adev\u0103r, aici aducem s\u0103r\u0103cia noastr\u0103 \u0219i s\u0103r\u0103cia noastr\u0103 se transform\u0103 \u00een bog\u0103\u021bie\u201d.<\/p>\n\n\n\n<p>A subliniat: \u201eNu suntem deloc nesemnificativi, Dumnezeu are nevoie de fiecare dintre noi \u0219i Maica Sf\u00e2nt\u0103 ne arat\u0103 acest lucru. Ne vine greu s\u0103 credem c\u00e2t de mult ne iube\u0219te Dumnezeu. Ne vine greu s\u0103 credem c\u0103 suntem importan\u021bi \u00een fa\u021ba lui Dumnezeu. Avem o voce \u00een interiorul nostru \u0219i \u00een lumea \u00een care tr\u0103im, care ne spune exact contrariul: c\u0103 nu cont\u0103m, c\u0103 nu suntem importan\u021bi, c\u0103 nu putem schimba nimic. Maica Sf\u00e2nt\u0103 \u0219i S\u0103rb\u0103toarea Bunei Vestiri ne confirm\u0103 c\u0103 suntem importan\u021bi\u201d. Dar \u201eDumnezeu alege lucrurile simple pentru a le ar\u0103ta mari prin m\u0103rirea Sa. Dumnezeu nu are nevoie de oameni super-inteligen\u021bi, super-performan\u021bi. \u00ce\u0219i alege ni\u0219te pescari, tocmai ca s\u0103 se vad\u0103 m\u0103re\u021bia lui Dumnezeu, ca s\u0103 \u00een\u021belegem to\u021bi c\u0103 nu noi facem lucrurile mari, ci c\u0103 Dumnezeu le face prin noi.\u201d<\/p>\n\n\n\n<p>A \u00eencheiat prin cuvintele: \u201eDe aceea, iubi\u021bi credincio\u0219i, v\u0103 invit s\u0103 p\u0103stra\u021bi s\u0103rb\u0103toarea Bunei Vestiri \u00een sufletele voastre ori \u00een ce zi a anului a\u021bi fi \u0219i s\u0103 v\u0103 aduce\u021bi aminte c\u0103, dac\u0103 ne sim\u021bim slabi, s\u0103raci, p\u0103c\u0103to\u0219i, lucrurile devin cu adev\u0103rat importante atunci c\u00e2nd venim \u00een fa\u021ba lui Isus. \u0218i, venim \u00een fa\u021ba lui Isus, \u00een mod special la Sf\u00e2nta Liturghie, dar \u0219i ori de c\u00e2te ori \u00eengenunchem pentru rug\u0103ciune, ori de c\u00e2te ori spunem Tat\u0103l nostru, ori de c\u00e2te ori ne trezim diminea\u021ba \u0219i ne facem semnul crucii, sau \u00eenainte de culcare spunem o rug\u0103ciune. Toate acestea sunt ocazii \u00een care \u00eei deschidem por\u021bile sufletului nostru lui Dumnezeu \u0219i, spunem, pe urmele Maicii Sfinte: \u00abFie mie dup\u0103 cuv\u00e2ntul t\u0103u\u00bb! S\u0103 facem astfel \u0219i vom fi cu adev\u0103rat fiii Maicii Sfinte!.\u201d<\/p>\n\n\n\n<p>Dup\u0103 Sf\u00e2nta Liturghie, pr. Cristian Goia \u0219i-a exprimat recuno\u0219tin\u021ba pentru aceast\u0103 \u201ezi frumoas\u0103 de prim\u0103var\u0103, moment de \u00een\u0103l\u021bare sufleteasc\u0103\u201d la s\u0103rb\u0103toarea hramului bisericii \u201eBuna Vestire\u201d \u0219i pentru \u201eprezen\u021ba Preasfin\u021biei Sale Claudiu \u00een mijlocul acestei comunit\u0103\u021bi\u201d. Pr. protopop a sintetizat mesajul S\u0103rb\u0103torii Bunei Vestiri: \u201eDumnezeu ne iube\u0219te \u0219i dore\u0219te s\u0103 ne d\u0103ruiasc\u0103 fericirea ve\u0219nic\u0103\u201d. Pr. Ioan Fri\u0219an a dorit s\u0103 mul\u021bumeasc\u0103 Episcopului eparhial \u201epentru acest moment de har\u201d \u0219i i-a d\u0103ruit o icoan\u0103 a M\u00e2ntuitorului. A spus: \u201ene bucur\u0103m c\u0103 Dumnezeu a r\u00e2nduit s\u0103 fi\u021bi ast\u0103zi cu noi\u201d \u0219i a adresat Ierarhului invita\u021bia s\u0103 fie c\u00e2t mai des \u00een mijlocul credincio\u0219ilor din Bistri\u021ba, \u00een parohia \u201eBuna Vestire\u201d. Au fost oferite \u0219i diplomele de amintire de la Prima Sf\u00e2nt\u0103 \u00cemp\u0103rt\u0103\u0219anie celor patru copila\u0219i care \u00een aceast\u0103 zi au spus \u201eDa\u201d lui Isus \u0219i l-au primit \u201e\u00een mod solemn pe Isus Euharisticul \u00een sufletul lor\u201d, \u0219i, de asemenea, au primit c\u00e2te un cadou \u0219i arhiereasca binecuv\u00e2ntare.<\/p>\n\n\n\n<p>Preasfin\u021bia Sa Claudiu a \u00eencheiat, mul\u021bumind pentru prezen\u021ba tuturor. A amintit rolul important al fiec\u0103rui credincios la bunul mers al Bisericii. Pentru c\u0103, \u201enu exist\u0103 mare sau mic, exist\u0103 diferite slujiri \u0219i cu to\u021bii suntem extrem de importan\u021bi. A\u0219a este \u0219i \u00een societatea \u00een care tr\u0103im: atunci c\u00e2nd fiecare \u00ee\u0219i face datoria acolo unde este pus de Dumnezeu, atunci, cu siguran\u021b\u0103 lucrurile merg bine, dar mai ales atunci c\u00e2nd facem lucrurile \u00eempreun\u0103\u201d. A amintit de motto-ul sub care s-a desf\u0103\u0219urat vizita Papei Francisc \u00een Rom\u00e2nia, la Blaj: \u201eS\u0103 mergem \u00eempreun\u0103!\u201d Ierarhul a \u00eendemnat: \u201eHaide\u021bi s\u0103 p\u0103str\u0103m acest \u00abS\u0103 mergem \u00eempreun\u0103!\u00bb \u00een sufletele noastre \u0219i cu siguran\u021b\u0103 p\u0103m\u00e2ntul va deveni un loc mai bun\u201d.<\/p>\n\n\n\n<p>articol preluat de pe https:\/\/www.eparhiaclujgherla.ro<\/p>\n\n\n\n<p><a href=\"https:\/\/photos.google.com\/share\/AF1QipPLyMamEUQJTAFf5tRClLvMlQfhiIU2z88BMPsoXGIUIPlgXmsnRzBQHi5qTm3WoA?key=Ym9RdzBNWmd2UC1MQk9seGRHQ1dJOXFTVjRzczdn\">ALBUM FOTO<\/a>                            <a href=\"https:\/\/www.youtube.com\/watch?v=4dY3MJySlyY\">  VIDEO (PREDICA)<\/a>                              <a href=\"https:\/\/www.youtube.com\/watch?v=KlAwljlhJSM\">VIDEO (CELEBRARE)<\/a><\/p>\n","protected":false},"excerpt":{"rendered":"<p>Vizita Preasfin\u021biei Sale Claudiu la hramul bisericii parohiale \u201eBuna Vestire\u201d,Bistri\u021ba, Prima \u00cemp\u0103rt\u0103\u0219anie Duminic\u0103, 26 martie 2023, \u2013 \u00een Duminica a IV-a a Postului Mare, Preasfin\u021bia sa Claudiu, Episcopul de Cluj-Gherla a vizitat parohia \u201eBuna Vestire\u201d din Bistri\u021ba, cu ocazia hramului bisericii parohiale \u0219i a Primei Sfinte \u00cemp\u0103rt\u0103\u0219anii a patru copila\u0219i din aceast\u0103 parohie. La sosire, &#8230; <span class=\"more\"><a class=\"more-link\" href=\"https:\/\/www.protopopiatebn.ro\/index.php\/2023\/03\/27\/ps-claudiu-la-hramul-bisericii-buna-vestire-din-bistrita\/\">[Read more&#8230;]<\/a><\/span><\/p>\n","protected":false},"author":3,"featured_media":0,"comment_status":"open","ping_status":"open","sticky":false,"template":"","format":"standard","meta":{"footnotes":""},"categories":[1],"tags":[],"class_list":{"0":"entry","1":"post","2":"publish","3":"author-protos","4":"post-137","6":"format-standard","7":"category-uncategorized"},"yoast_head":"<!-- This site is optimized with the Yoast SEO plugin v27.5 - https:\/\/yoast.com\/product\/yoast-seo-wordpress\/ -->\n<title>PS Claudiu la hramul bisericii \u201eBuna Vestire\u201d din Bistri\u021ba - PROTOPOPIATELE GRECO-CATOLICE BECLEAN, BISTRI\u021aA \u0218I RODNA<\/title>\n<meta name=\"robots\" content=\"index, follow, max-snippet:-1, max-image-preview:large, max-video-preview:-1\" \/>\n<link rel=\"canonical\" href=\"https:\/\/www.protopopiatebn.ro\/index.php\/2023\/03\/27\/ps-claudiu-la-hramul-bisericii-buna-vestire-din-bistrita\/\" \/>\n<meta property=\"og:locale\" content=\"ro_RO\" \/>\n<meta property=\"og:type\" content=\"article\" \/>\n<meta property=\"og:title\" content=\"PS Claudiu la hramul bisericii \u201eBuna Vestire\u201d din Bistri\u021ba - PROTOPOPIATELE GRECO-CATOLICE BECLEAN, BISTRI\u021aA \u0218I RODNA\" \/>\n<meta property=\"og:description\" content=\"Vizita Preasfin\u021biei Sale Claudiu la hramul bisericii parohiale \u201eBuna Vestire\u201d,Bistri\u021ba, Prima \u00cemp\u0103rt\u0103\u0219anie Duminic\u0103, 26 martie 2023, \u2013 \u00een Duminica a IV-a a Postului Mare, Preasfin\u021bia sa Claudiu, Episcopul de Cluj-Gherla a vizitat parohia \u201eBuna Vestire\u201d din Bistri\u021ba, cu ocazia hramului bisericii parohiale \u0219i a Primei Sfinte \u00cemp\u0103rt\u0103\u0219anii a patru copila\u0219i din aceast\u0103 parohie. La sosire, ... [Read more...]\" \/>\n<meta property=\"og:url\" content=\"https:\/\/www.protopopiatebn.ro\/index.php\/2023\/03\/27\/ps-claudiu-la-hramul-bisericii-buna-vestire-din-bistrita\/\" \/>\n<meta property=\"og:site_name\" content=\"PROTOPOPIATELE GRECO-CATOLICE BECLEAN, BISTRI\u021aA \u0218I RODNA\" \/>\n<meta property=\"article:published_time\" content=\"2023-03-27T20:18:05+00:00\" \/>\n<meta property=\"article:modified_time\" content=\"2023-03-27T20:23:29+00:00\" \/>\n<meta property=\"og:image\" content=\"https:\/\/protopopiatebn.ro\/wp-content\/uploads\/2023\/03\/IMG_3888-1024x634.jpg\" \/>\n<meta name=\"author\" content=\"media\" \/>\n<meta name=\"twitter:card\" content=\"summary_large_image\" \/>\n<meta name=\"twitter:label1\" content=\"Scris de\" \/>\n\t<meta name=\"twitter:data1\" content=\"media\" \/>\n\t<meta name=\"twitter:label2\" content=\"Timp estimat pentru citire\" \/>\n\t<meta name=\"twitter:data2\" content=\"8 minute\" \/>\n<script type=\"application\/ld+json\" class=\"yoast-schema-graph\">{\"@context\":\"https:\\\/\\\/schema.org\",\"@graph\":[{\"@type\":\"Article\",\"@id\":\"https:\\\/\\\/www.protopopiatebn.ro\\\/index.php\\\/2023\\\/03\\\/27\\\/ps-claudiu-la-hramul-bisericii-buna-vestire-din-bistrita\\\/#article\",\"isPartOf\":{\"@id\":\"https:\\\/\\\/www.protopopiatebn.ro\\\/index.php\\\/2023\\\/03\\\/27\\\/ps-claudiu-la-hramul-bisericii-buna-vestire-din-bistrita\\\/\"},\"author\":{\"name\":\"media\",\"@id\":\"https:\\\/\\\/www.protopopiatebn.ro\\\/#\\\/schema\\\/person\\\/197df79e4c7a10df5e789cc6657cf4b6\"},\"headline\":\"PS Claudiu la hramul bisericii \u201eBuna Vestire\u201d din Bistri\u021ba\",\"datePublished\":\"2023-03-27T20:18:05+00:00\",\"dateModified\":\"2023-03-27T20:23:29+00:00\",\"mainEntityOfPage\":{\"@id\":\"https:\\\/\\\/www.protopopiatebn.ro\\\/index.php\\\/2023\\\/03\\\/27\\\/ps-claudiu-la-hramul-bisericii-buna-vestire-din-bistrita\\\/\"},\"wordCount\":1934,\"commentCount\":0,\"image\":{\"@id\":\"https:\\\/\\\/www.protopopiatebn.ro\\\/index.php\\\/2023\\\/03\\\/27\\\/ps-claudiu-la-hramul-bisericii-buna-vestire-din-bistrita\\\/#primaryimage\"},\"thumbnailUrl\":\"https:\\\/\\\/protopopiatebn.ro\\\/wp-content\\\/uploads\\\/2023\\\/03\\\/IMG_3888-1024x634.jpg\",\"articleSection\":[\"Uncategorized\"],\"inLanguage\":\"ro-RO\",\"potentialAction\":[{\"@type\":\"CommentAction\",\"name\":\"Comment\",\"target\":[\"https:\\\/\\\/www.protopopiatebn.ro\\\/index.php\\\/2023\\\/03\\\/27\\\/ps-claudiu-la-hramul-bisericii-buna-vestire-din-bistrita\\\/#respond\"]}]},{\"@type\":\"WebPage\",\"@id\":\"https:\\\/\\\/www.protopopiatebn.ro\\\/index.php\\\/2023\\\/03\\\/27\\\/ps-claudiu-la-hramul-bisericii-buna-vestire-din-bistrita\\\/\",\"url\":\"https:\\\/\\\/www.protopopiatebn.ro\\\/index.php\\\/2023\\\/03\\\/27\\\/ps-claudiu-la-hramul-bisericii-buna-vestire-din-bistrita\\\/\",\"name\":\"PS Claudiu la hramul bisericii \u201eBuna Vestire\u201d din Bistri\u021ba - PROTOPOPIATELE GRECO-CATOLICE BECLEAN, BISTRI\u021aA \u0218I RODNA\",\"isPartOf\":{\"@id\":\"https:\\\/\\\/www.protopopiatebn.ro\\\/#website\"},\"primaryImageOfPage\":{\"@id\":\"https:\\\/\\\/www.protopopiatebn.ro\\\/index.php\\\/2023\\\/03\\\/27\\\/ps-claudiu-la-hramul-bisericii-buna-vestire-din-bistrita\\\/#primaryimage\"},\"image\":{\"@id\":\"https:\\\/\\\/www.protopopiatebn.ro\\\/index.php\\\/2023\\\/03\\\/27\\\/ps-claudiu-la-hramul-bisericii-buna-vestire-din-bistrita\\\/#primaryimage\"},\"thumbnailUrl\":\"https:\\\/\\\/protopopiatebn.ro\\\/wp-content\\\/uploads\\\/2023\\\/03\\\/IMG_3888-1024x634.jpg\",\"datePublished\":\"2023-03-27T20:18:05+00:00\",\"dateModified\":\"2023-03-27T20:23:29+00:00\",\"author\":{\"@id\":\"https:\\\/\\\/www.protopopiatebn.ro\\\/#\\\/schema\\\/person\\\/197df79e4c7a10df5e789cc6657cf4b6\"},\"breadcrumb\":{\"@id\":\"https:\\\/\\\/www.protopopiatebn.ro\\\/index.php\\\/2023\\\/03\\\/27\\\/ps-claudiu-la-hramul-bisericii-buna-vestire-din-bistrita\\\/#breadcrumb\"},\"inLanguage\":\"ro-RO\",\"potentialAction\":[{\"@type\":\"ReadAction\",\"target\":[\"https:\\\/\\\/www.protopopiatebn.ro\\\/index.php\\\/2023\\\/03\\\/27\\\/ps-claudiu-la-hramul-bisericii-buna-vestire-din-bistrita\\\/\"]}]},{\"@type\":\"ImageObject\",\"inLanguage\":\"ro-RO\",\"@id\":\"https:\\\/\\\/www.protopopiatebn.ro\\\/index.php\\\/2023\\\/03\\\/27\\\/ps-claudiu-la-hramul-bisericii-buna-vestire-din-bistrita\\\/#primaryimage\",\"url\":\"https:\\\/\\\/protopopiatebn.ro\\\/wp-content\\\/uploads\\\/2023\\\/03\\\/IMG_3888-1024x634.jpg\",\"contentUrl\":\"https:\\\/\\\/protopopiatebn.ro\\\/wp-content\\\/uploads\\\/2023\\\/03\\\/IMG_3888-1024x634.jpg\"},{\"@type\":\"BreadcrumbList\",\"@id\":\"https:\\\/\\\/www.protopopiatebn.ro\\\/index.php\\\/2023\\\/03\\\/27\\\/ps-claudiu-la-hramul-bisericii-buna-vestire-din-bistrita\\\/#breadcrumb\",\"itemListElement\":[{\"@type\":\"ListItem\",\"position\":1,\"name\":\"Home\",\"item\":\"https:\\\/\\\/www.protopopiatebn.ro\\\/\"},{\"@type\":\"ListItem\",\"position\":2,\"name\":\"PS Claudiu la hramul bisericii \u201eBuna Vestire\u201d din Bistri\u021ba\"}]},{\"@type\":\"WebSite\",\"@id\":\"https:\\\/\\\/www.protopopiatebn.ro\\\/#website\",\"url\":\"https:\\\/\\\/www.protopopiatebn.ro\\\/\",\"name\":\"PROTOPOPIATELE GRECO-CATOLICE BECLEAN, BISTRI\u021aA \u0218I RODNA\",\"description\":\"\",\"potentialAction\":[{\"@type\":\"SearchAction\",\"target\":{\"@type\":\"EntryPoint\",\"urlTemplate\":\"https:\\\/\\\/www.protopopiatebn.ro\\\/?s={search_term_string}\"},\"query-input\":{\"@type\":\"PropertyValueSpecification\",\"valueRequired\":true,\"valueName\":\"search_term_string\"}}],\"inLanguage\":\"ro-RO\"},{\"@type\":\"Person\",\"@id\":\"https:\\\/\\\/www.protopopiatebn.ro\\\/#\\\/schema\\\/person\\\/197df79e4c7a10df5e789cc6657cf4b6\",\"name\":\"media\",\"image\":{\"@type\":\"ImageObject\",\"inLanguage\":\"ro-RO\",\"@id\":\"https:\\\/\\\/secure.gravatar.com\\\/avatar\\\/04cd0dc906eda4d18642465bdfac0c5e44dc1c0aee2c6e9ddadbbd2294e96fe6?s=96&d=mm&r=g\",\"url\":\"https:\\\/\\\/secure.gravatar.com\\\/avatar\\\/04cd0dc906eda4d18642465bdfac0c5e44dc1c0aee2c6e9ddadbbd2294e96fe6?s=96&d=mm&r=g\",\"contentUrl\":\"https:\\\/\\\/secure.gravatar.com\\\/avatar\\\/04cd0dc906eda4d18642465bdfac0c5e44dc1c0aee2c6e9ddadbbd2294e96fe6?s=96&d=mm&r=g\",\"caption\":\"media\"},\"sameAs\":[\"http:\\\/\\\/www.protopopiatebn.ro\"],\"url\":\"https:\\\/\\\/www.protopopiatebn.ro\\\/index.php\\\/author\\\/protos\\\/\"}]}<\/script>\n<!-- \/ Yoast SEO plugin. -->","yoast_head_json":{"title":"PS Claudiu la hramul bisericii \u201eBuna Vestire\u201d din Bistri\u021ba - PROTOPOPIATELE GRECO-CATOLICE BECLEAN, BISTRI\u021aA \u0218I RODNA","robots":{"index":"index","follow":"follow","max-snippet":"max-snippet:-1","max-image-preview":"max-image-preview:large","max-video-preview":"max-video-preview:-1"},"canonical":"https:\/\/www.protopopiatebn.ro\/index.php\/2023\/03\/27\/ps-claudiu-la-hramul-bisericii-buna-vestire-din-bistrita\/","og_locale":"ro_RO","og_type":"article","og_title":"PS Claudiu la hramul bisericii \u201eBuna Vestire\u201d din Bistri\u021ba - PROTOPOPIATELE GRECO-CATOLICE BECLEAN, BISTRI\u021aA \u0218I RODNA","og_description":"Vizita Preasfin\u021biei Sale Claudiu la hramul bisericii parohiale \u201eBuna Vestire\u201d,Bistri\u021ba, Prima \u00cemp\u0103rt\u0103\u0219anie Duminic\u0103, 26 martie 2023, \u2013 \u00een Duminica a IV-a a Postului Mare, Preasfin\u021bia sa Claudiu, Episcopul de Cluj-Gherla a vizitat parohia \u201eBuna Vestire\u201d din Bistri\u021ba, cu ocazia hramului bisericii parohiale \u0219i a Primei Sfinte \u00cemp\u0103rt\u0103\u0219anii a patru copila\u0219i din aceast\u0103 parohie. La sosire, ... [Read more...]","og_url":"https:\/\/www.protopopiatebn.ro\/index.php\/2023\/03\/27\/ps-claudiu-la-hramul-bisericii-buna-vestire-din-bistrita\/","og_site_name":"PROTOPOPIATELE GRECO-CATOLICE BECLEAN, BISTRI\u021aA \u0218I RODNA","article_published_time":"2023-03-27T20:18:05+00:00","article_modified_time":"2023-03-27T20:23:29+00:00","og_image":[{"url":"https:\/\/protopopiatebn.ro\/wp-content\/uploads\/2023\/03\/IMG_3888-1024x634.jpg","type":"","width":"","height":""}],"author":"media","twitter_card":"summary_large_image","twitter_misc":{"Scris de":"media","Timp estimat pentru citire":"8 minute"},"schema":{"@context":"https:\/\/schema.org","@graph":[{"@type":"Article","@id":"https:\/\/www.protopopiatebn.ro\/index.php\/2023\/03\/27\/ps-claudiu-la-hramul-bisericii-buna-vestire-din-bistrita\/#article","isPartOf":{"@id":"https:\/\/www.protopopiatebn.ro\/index.php\/2023\/03\/27\/ps-claudiu-la-hramul-bisericii-buna-vestire-din-bistrita\/"},"author":{"name":"media","@id":"https:\/\/www.protopopiatebn.ro\/#\/schema\/person\/197df79e4c7a10df5e789cc6657cf4b6"},"headline":"PS Claudiu la hramul bisericii \u201eBuna Vestire\u201d din Bistri\u021ba","datePublished":"2023-03-27T20:18:05+00:00","dateModified":"2023-03-27T20:23:29+00:00","mainEntityOfPage":{"@id":"https:\/\/www.protopopiatebn.ro\/index.php\/2023\/03\/27\/ps-claudiu-la-hramul-bisericii-buna-vestire-din-bistrita\/"},"wordCount":1934,"commentCount":0,"image":{"@id":"https:\/\/www.protopopiatebn.ro\/index.php\/2023\/03\/27\/ps-claudiu-la-hramul-bisericii-buna-vestire-din-bistrita\/#primaryimage"},"thumbnailUrl":"https:\/\/protopopiatebn.ro\/wp-content\/uploads\/2023\/03\/IMG_3888-1024x634.jpg","articleSection":["Uncategorized"],"inLanguage":"ro-RO","potentialAction":[{"@type":"CommentAction","name":"Comment","target":["https:\/\/www.protopopiatebn.ro\/index.php\/2023\/03\/27\/ps-claudiu-la-hramul-bisericii-buna-vestire-din-bistrita\/#respond"]}]},{"@type":"WebPage","@id":"https:\/\/www.protopopiatebn.ro\/index.php\/2023\/03\/27\/ps-claudiu-la-hramul-bisericii-buna-vestire-din-bistrita\/","url":"https:\/\/www.protopopiatebn.ro\/index.php\/2023\/03\/27\/ps-claudiu-la-hramul-bisericii-buna-vestire-din-bistrita\/","name":"PS Claudiu la hramul bisericii \u201eBuna Vestire\u201d din Bistri\u021ba - PROTOPOPIATELE GRECO-CATOLICE BECLEAN, BISTRI\u021aA \u0218I RODNA","isPartOf":{"@id":"https:\/\/www.protopopiatebn.ro\/#website"},"primaryImageOfPage":{"@id":"https:\/\/www.protopopiatebn.ro\/index.php\/2023\/03\/27\/ps-claudiu-la-hramul-bisericii-buna-vestire-din-bistrita\/#primaryimage"},"image":{"@id":"https:\/\/www.protopopiatebn.ro\/index.php\/2023\/03\/27\/ps-claudiu-la-hramul-bisericii-buna-vestire-din-bistrita\/#primaryimage"},"thumbnailUrl":"https:\/\/protopopiatebn.ro\/wp-content\/uploads\/2023\/03\/IMG_3888-1024x634.jpg","datePublished":"2023-03-27T20:18:05+00:00","dateModified":"2023-03-27T20:23:29+00:00","author":{"@id":"https:\/\/www.protopopiatebn.ro\/#\/schema\/person\/197df79e4c7a10df5e789cc6657cf4b6"},"breadcrumb":{"@id":"https:\/\/www.protopopiatebn.ro\/index.php\/2023\/03\/27\/ps-claudiu-la-hramul-bisericii-buna-vestire-din-bistrita\/#breadcrumb"},"inLanguage":"ro-RO","potentialAction":[{"@type":"ReadAction","target":["https:\/\/www.protopopiatebn.ro\/index.php\/2023\/03\/27\/ps-claudiu-la-hramul-bisericii-buna-vestire-din-bistrita\/"]}]},{"@type":"ImageObject","inLanguage":"ro-RO","@id":"https:\/\/www.protopopiatebn.ro\/index.php\/2023\/03\/27\/ps-claudiu-la-hramul-bisericii-buna-vestire-din-bistrita\/#primaryimage","url":"https:\/\/protopopiatebn.ro\/wp-content\/uploads\/2023\/03\/IMG_3888-1024x634.jpg","contentUrl":"https:\/\/protopopiatebn.ro\/wp-content\/uploads\/2023\/03\/IMG_3888-1024x634.jpg"},{"@type":"BreadcrumbList","@id":"https:\/\/www.protopopiatebn.ro\/index.php\/2023\/03\/27\/ps-claudiu-la-hramul-bisericii-buna-vestire-din-bistrita\/#breadcrumb","itemListElement":[{"@type":"ListItem","position":1,"name":"Home","item":"https:\/\/www.protopopiatebn.ro\/"},{"@type":"ListItem","position":2,"name":"PS Claudiu la hramul bisericii \u201eBuna Vestire\u201d din Bistri\u021ba"}]},{"@type":"WebSite","@id":"https:\/\/www.protopopiatebn.ro\/#website","url":"https:\/\/www.protopopiatebn.ro\/","name":"PROTOPOPIATELE GRECO-CATOLICE BECLEAN, BISTRI\u021aA \u0218I RODNA","description":"","potentialAction":[{"@type":"SearchAction","target":{"@type":"EntryPoint","urlTemplate":"https:\/\/www.protopopiatebn.ro\/?s={search_term_string}"},"query-input":{"@type":"PropertyValueSpecification","valueRequired":true,"valueName":"search_term_string"}}],"inLanguage":"ro-RO"},{"@type":"Person","@id":"https:\/\/www.protopopiatebn.ro\/#\/schema\/person\/197df79e4c7a10df5e789cc6657cf4b6","name":"media","image":{"@type":"ImageObject","inLanguage":"ro-RO","@id":"https:\/\/secure.gravatar.com\/avatar\/04cd0dc906eda4d18642465bdfac0c5e44dc1c0aee2c6e9ddadbbd2294e96fe6?s=96&d=mm&r=g","url":"https:\/\/secure.gravatar.com\/avatar\/04cd0dc906eda4d18642465bdfac0c5e44dc1c0aee2c6e9ddadbbd2294e96fe6?s=96&d=mm&r=g","contentUrl":"https:\/\/secure.gravatar.com\/avatar\/04cd0dc906eda4d18642465bdfac0c5e44dc1c0aee2c6e9ddadbbd2294e96fe6?s=96&d=mm&r=g","caption":"media"},"sameAs":["http:\/\/www.protopopiatebn.ro"],"url":"https:\/\/www.protopopiatebn.ro\/index.php\/author\/protos\/"}]}},"_links":{"self":[{"href":"https:\/\/www.protopopiatebn.ro\/index.php\/wp-json\/wp\/v2\/posts\/137","targetHints":{"allow":["GET"]}}],"collection":[{"href":"https:\/\/www.protopopiatebn.ro\/index.php\/wp-json\/wp\/v2\/posts"}],"about":[{"href":"https:\/\/www.protopopiatebn.ro\/index.php\/wp-json\/wp\/v2\/types\/post"}],"author":[{"embeddable":true,"href":"https:\/\/www.protopopiatebn.ro\/index.php\/wp-json\/wp\/v2\/users\/3"}],"replies":[{"embeddable":true,"href":"https:\/\/www.protopopiatebn.ro\/index.php\/wp-json\/wp\/v2\/comments?post=137"}],"version-history":[{"count":3,"href":"https:\/\/www.protopopiatebn.ro\/index.php\/wp-json\/wp\/v2\/posts\/137\/revisions"}],"predecessor-version":[{"id":142,"href":"https:\/\/www.protopopiatebn.ro\/index.php\/wp-json\/wp\/v2\/posts\/137\/revisions\/142"}],"wp:attachment":[{"href":"https:\/\/www.protopopiatebn.ro\/index.php\/wp-json\/wp\/v2\/media?parent=137"}],"wp:term":[{"taxonomy":"category","embeddable":true,"href":"https:\/\/www.protopopiatebn.ro\/index.php\/wp-json\/wp\/v2\/categories?post=137"},{"taxonomy":"post_tag","embeddable":true,"href":"https:\/\/www.protopopiatebn.ro\/index.php\/wp-json\/wp\/v2\/tags?post=137"}],"curies":[{"name":"wp","href":"https:\/\/api.w.org\/{rel}","templated":true}]}}