{"id":1341,"date":"2025-06-17T15:03:55","date_gmt":"2025-06-17T13:03:55","guid":{"rendered":"https:\/\/www.protopopiatebn.ro\/?p=1341"},"modified":"2025-06-18T22:08:15","modified_gmt":"2025-06-18T20:08:15","slug":"hramul-manastirii-coborarea-spiritului-sfant-din-moliset-15-iunie-2025","status":"publish","type":"post","link":"https:\/\/www.protopopiatebn.ro\/index.php\/2025\/06\/17\/hramul-manastirii-coborarea-spiritului-sfant-din-moliset-15-iunie-2025\/","title":{"rendered":"Vizita pastoral\u0103 a Preasfin\u021bitului Claudiu cu ocazia Hramului M\u0103n\u0103stirii Baziliene Moli\u0219et &#8211; 15 iunie 2025"},"content":{"rendered":"<p><img loading=\"lazy\" decoding=\"async\" class=\"alignnone size-full wp-image-1342\" src=\"https:\/\/www.protopopiatebn.ro\/wp-content\/uploads\/2025\/06\/IMG_3066-scaled.jpg\" alt=\"\" width=\"2560\" height=\"1922\" srcset=\"https:\/\/www.protopopiatebn.ro\/wp-content\/uploads\/2025\/06\/IMG_3066-scaled.jpg 2560w, https:\/\/www.protopopiatebn.ro\/wp-content\/uploads\/2025\/06\/IMG_3066-300x225.jpg 300w, https:\/\/www.protopopiatebn.ro\/wp-content\/uploads\/2025\/06\/IMG_3066-1024x769.jpg 1024w, https:\/\/www.protopopiatebn.ro\/wp-content\/uploads\/2025\/06\/IMG_3066-768x577.jpg 768w, https:\/\/www.protopopiatebn.ro\/wp-content\/uploads\/2025\/06\/IMG_3066-1536x1153.jpg 1536w, https:\/\/www.protopopiatebn.ro\/wp-content\/uploads\/2025\/06\/IMG_3066-2048x1538.jpg 2048w\" sizes=\"auto, (max-width: 2560px) 100vw, 2560px\" \/><\/p>\n<p>Duminic\u0103 15 iunie 2025, s-a serbat Hramul M\u0103n\u0103stirii \u201eCobor\u00e2rea Spiritului Sf\u00e2nt\u201d, din Moli\u0219et (jud. Bistri\u021ba N\u0103s\u0103ud) &#8211; Protopopiatul Beclean, a Ordinului C\u0103lug\u0103rilor Sf. Vasile cel Mare.<\/p>\n<p>Sf\u00e2nta Liturghie arhiereasc\u0103 a fost celebrat\u0103 de Preasfin\u021bia Sa Claudiu, Episcopul de Cluj-Gherla, care a avut al\u0103turi zeci de preo\u021bi, diaconi, subdiaconi, studen\u021bi ai Seminarului Teologic Sf. Ioan Evanghelistul din Cluj-Napoca.<\/p>\n<p>R\u0103spunsurile liturgice au fost date de Corul Angeli din Cluj-Napoca, cor a c\u0103rui muzic\u0103 sacr\u0103 a r\u0103sunat la 1 iunie, \u00een Bazilica San Pietro din Roma, la celebrarea \u00een limba rom\u00e2n\u0103 dedicat\u0103 Fericitului episcop \u0219i cardinal Iuliu Hossu.<\/p>\n<p>Celebrarea de Hram a anului 2025, ca \u00een fiecare an este ocazie pentru un important pelerinaj la aceast\u0103 m\u0103n\u0103stire, cu mii de participan\u021bi &#8211; cei mai mul\u021bi din jude\u021bele apropiate: Bistri\u021ba, Maramure\u0219, dar \u0219i Cluj sau alte regiuni.<\/p>\n<p>Pelerinajul tradi\u021bional la Moli\u0219et aminte\u0219te marile pelerinaje ale Bisericii Rom\u00e2ne Unite cu Roma, cu cea mai mare amploare \u00eentre anii 1936 &#8211; 1948, c\u00e2nd, urm\u00e2ndu-\u0219i P\u0103storul, pe Arhiereul Iuliu Hossu acum fericit martir, zeci de mii de credincio\u0219i mergeau, cu c\u0103ru\u021ba \u0219i pe jos, \u00een c\u00e2ntec \u0219i rug\u0103ciune, la Sfintele M\u0103n\u0103stiri ale acestui Ordin (OSBM), \u00een zilele marilor s\u0103rb\u0103tori de peste an.<\/p>\n<p>Actuala edi\u021bie a Pelerinajului la Moli\u0219et &#8211; din acest An dedicat Cardinalului Iuliu Hossu \u00een Rom\u00e2nia, An al Speran\u021bei \u00een Biserica Catolic\u0103 &#8211; a marcat un nou \u00eenceput pentru Comunitatea OSBM de aici de la poalele \u021aible\u0219ului prin binecuv\u00e2ntarea, de c\u0103tre Preasfin\u021bia Sa Claudiu, a pietrei de temelie a unei noi biserici a acestei m\u0103n\u0103stiri, care va fi dedicat\u0103 Fericitului episcop Iuliu Hossu.<\/p>\n<p>Aceast\u0103 zi de acum istoric\u0103 pentru Biseric\u0103 \u0219i \u201eOrdinul nostru\u201d &#8211; cum numea Episcopul Iuliu Hossu acest Ordin de C\u0103lug\u0103ri OSBM, a fost marcat prin prezen\u021ba Pr. Protoarhimandrit Robert Roman Lisseiko OSBM, Superiorul general al Ordinului Sf\u00e2ntului Vasile cel Mare, sosit de la Roma, a Pr. Ieromonah Ioan Albu, Protoegumen OSBM &#8211; Superiorul provinciei rom\u00e2ne a C\u0103lug\u0103rilor Bazilieni, a Pr. Ieromonah Dominic Huja, egumenul m\u0103n\u0103stirii, \u00eempreun\u0103 cu Comunitatea de la Moli\u0219et, a C\u0103lug\u0103rilor Bazilieni din \u00eentreaga Provincie rom\u00e2n\u0103 a OSBM. Au fost de asemenea prezenti preo\u021bi \u00een num\u0103r mare, \u00eentre ei, pr. Cristian Goia, Protopopul de Beclean, Bistri\u021ba \u0219i Rodna, Pr. Marius Cerghizan, protopop de Some\u0219 precum \u0219i preo\u021bi din\u00a0 eparhia de Cluj-Gherla \u0219i alte eparhii ale Bisericii Rom\u00e2ne Unite cu Roma.<\/p>\n<p>Au participat, de asemenea, autorit\u0103\u021bi centrale: Dl. ministru Ciprian Olinici, Secretar de stat pentru Culte, \u00eempreun\u0103 cu Pr. Marius C\u00eempean, Director de Cabinet al Secretariatului de Stat pentru Culte, Dl. Senator Cristian Nicula, autorit\u0103\u021bi locale, precum Dl. Vl\u0103dut Purja, Primar al com. T\u00e2rli\u0219ua.<\/p>\n<p>S-au al\u0103turat rug\u0103ciunii din aceast\u0103 zi \u00eensorit\u0103 la Moli\u0219et persoane consacrate: Maica Andreea Axenie \u0219i Surori Baziliene din toate comunit\u0103\u021bile Provinciei rom\u00e2ne a Ordinului Surorilor Sf\u00e2ntului Vasile cel Mare, precum \u0219i, din Congrega\u021bia Maicii Domnului Sora Leti\u021bia, Consilier\u0103 general\u0103, Sora \u0218tefania, Superioara comunit\u0103\u021bii de la Cluj-Napoca \u0219i Surori CMD.<\/p>\n<p>Rug\u0103ciunea Sfintei Liturghii, la care s-au f\u0103cut multe spovezi, \u0219i sute de credincio\u0219i s-au \u00eemp\u0103rt\u0103\u0219it cu Trupul \u0219i S\u00e2ngele Domnului, cuv\u00e2ntul Ierarhului de Cluj-Gherla, cuv\u00e2ntul de la final al Pr. Protoarhimandrit Robert, Superior general OSBM, \u0219i al Pr. Protoegumen Ioan Albu, comuniunea spiritual\u0103 \u00eentre cei prezen\u021bi, dar \u0219i cu ascult\u0103torii postului Radio Maria Rom\u00e2nia, au unit sufletele \u0219i au \u00eent\u0103rit credin\u021ba \u00een Dumnezeu.<\/p>\n<p>Totodat\u0103, \u00een ziua de var\u0103 r\u0103corit\u0103 de adiere de v\u00e2nt lin\u0103, natura \u00eentreag\u0103, verde, c\u00e2ntecul de p\u0103s\u0103ri, totul participa la armonia ce s-a creat \u0219i la \u00een\u0103l\u021b\u0103toarea celebrare.<\/p>\n<p>La \u00eencheiere, ca de fiecare dat\u0103, oaspe\u021bii C\u0103lug\u0103rilor \u0219i Fra\u021bilor Bazilieni, cei veni\u021bi de aproape \u0219i de departe, au fost invita\u021bi la agapa fratern\u0103 care a fost \u00eendestul\u0103toare pentru to\u021bi.<\/p>\n<p style=\"text-align: right;\">Biroul de Comunica\u021bii Sociale al Episcopiei de Cluj-Gherla<\/p>\n<h2><a href=\"https:\/\/photos.app.goo.gl\/L8QZtoMT9hi1isiS7\">ALBUM FOTO EVENIMENT<\/a><\/h2>\n<h2><a href=\"https:\/\/youtu.be\/QXvAQNTcHtI\">VIDEO EVENIMENT<\/a><\/h2>\n<h2><iframe loading=\"lazy\" title=\"YouTube video player\" src=\"https:\/\/www.youtube.com\/embed\/QXvAQNTcHtI?si=3Px_tl0eAx5w8_G4\" width=\"560\" height=\"315\" frameborder=\"0\" allowfullscreen=\"allowfullscreen\"><\/iframe><\/h2>\n<h2><a href=\"https:\/\/www.facebook.com\/EparhiaClujGherla\/videos\/1237213558113070\">Video Sf. Pietrei de Temelie a noi Biserici dedicat\u0103 Fericitului Episcop Iuliu Hossu<\/a><\/h2>\n<h2><a href=\"https:\/\/youtu.be\/lS5SJOCwnkk\">Video (Sf\u00e2nta Liturghie arhiereasc\u0103):<\/a><\/h2>\n<h2><a href=\"https:\/\/youtu.be\/DNHOctGJSXs\">PREZENTAREA VIDEO A M\u0102N\u0102STIRII MOLI\u0218ET<\/a><\/h2>\n<p><iframe loading=\"lazy\" title=\"YouTube video player\" src=\"https:\/\/www.youtube.com\/embed\/DNHOctGJSXs?si=f4iBNoKAAdGTzn_7\" width=\"560\" height=\"315\" frameborder=\"0\" allowfullscreen=\"allowfullscreen\"><\/iframe><\/p>\n","protected":false},"excerpt":{"rendered":"<p>Duminic\u0103 15 iunie 2025, s-a serbat Hramul M\u0103n\u0103stirii \u201eCobor\u00e2rea Spiritului Sf\u00e2nt\u201d, din Moli\u0219et (jud. Bistri\u021ba N\u0103s\u0103ud) &#8211; Protopopiatul Beclean, a Ordinului C\u0103lug\u0103rilor Sf. Vasile cel Mare. Sf\u00e2nta Liturghie arhiereasc\u0103 a fost celebrat\u0103 de Preasfin\u021bia Sa Claudiu, Episcopul de Cluj-Gherla, care a avut al\u0103turi zeci de preo\u021bi, diaconi, subdiaconi, studen\u021bi ai Seminarului Teologic Sf. Ioan Evanghelistul &#8230; <span class=\"more\"><a class=\"more-link\" href=\"https:\/\/www.protopopiatebn.ro\/index.php\/2025\/06\/17\/hramul-manastirii-coborarea-spiritului-sfant-din-moliset-15-iunie-2025\/\">[Read more&#8230;]<\/a><\/span><\/p>\n","protected":false},"author":3,"featured_media":0,"comment_status":"open","ping_status":"open","sticky":false,"template":"","format":"standard","meta":{"footnotes":""},"categories":[1],"tags":[],"class_list":{"0":"entry","1":"post","2":"publish","3":"author-protos","4":"post-1341","6":"format-standard","7":"category-uncategorized"},"yoast_head":"<!-- This site is optimized with the Yoast SEO plugin v27.5 - https:\/\/yoast.com\/product\/yoast-seo-wordpress\/ -->\n<title>Vizita pastoral\u0103 a Preasfin\u021bitului Claudiu cu ocazia Hramului M\u0103n\u0103stirii Baziliene Moli\u0219et - 15 iunie 2025 - PROTOPOPIATELE GRECO-CATOLICE BECLEAN, BISTRI\u021aA \u0218I RODNA<\/title>\n<meta name=\"robots\" content=\"index, follow, max-snippet:-1, max-image-preview:large, max-video-preview:-1\" \/>\n<link rel=\"canonical\" href=\"https:\/\/www.protopopiatebn.ro\/index.php\/2025\/06\/17\/hramul-manastirii-coborarea-spiritului-sfant-din-moliset-15-iunie-2025\/\" \/>\n<meta property=\"og:locale\" content=\"ro_RO\" \/>\n<meta property=\"og:type\" content=\"article\" \/>\n<meta property=\"og:title\" content=\"Vizita pastoral\u0103 a Preasfin\u021bitului Claudiu cu ocazia Hramului M\u0103n\u0103stirii Baziliene Moli\u0219et - 15 iunie 2025 - PROTOPOPIATELE GRECO-CATOLICE BECLEAN, BISTRI\u021aA \u0218I RODNA\" \/>\n<meta property=\"og:description\" content=\"Duminic\u0103 15 iunie 2025, s-a serbat Hramul M\u0103n\u0103stirii \u201eCobor\u00e2rea Spiritului Sf\u00e2nt\u201d, din Moli\u0219et (jud. Bistri\u021ba N\u0103s\u0103ud) &#8211; Protopopiatul Beclean, a Ordinului C\u0103lug\u0103rilor Sf. Vasile cel Mare. Sf\u00e2nta Liturghie arhiereasc\u0103 a fost celebrat\u0103 de Preasfin\u021bia Sa Claudiu, Episcopul de Cluj-Gherla, care a avut al\u0103turi zeci de preo\u021bi, diaconi, subdiaconi, studen\u021bi ai Seminarului Teologic Sf. Ioan Evanghelistul ... [Read more...]\" \/>\n<meta property=\"og:url\" content=\"https:\/\/www.protopopiatebn.ro\/index.php\/2025\/06\/17\/hramul-manastirii-coborarea-spiritului-sfant-din-moliset-15-iunie-2025\/\" \/>\n<meta property=\"og:site_name\" content=\"PROTOPOPIATELE GRECO-CATOLICE BECLEAN, BISTRI\u021aA \u0218I RODNA\" \/>\n<meta property=\"article:published_time\" content=\"2025-06-17T13:03:55+00:00\" \/>\n<meta property=\"article:modified_time\" content=\"2025-06-18T20:08:15+00:00\" \/>\n<meta property=\"og:image\" content=\"https:\/\/www.protopopiatebn.ro\/wp-content\/uploads\/2025\/06\/IMG_3066-scaled.jpg\" \/>\n\t<meta property=\"og:image:width\" content=\"2560\" \/>\n\t<meta property=\"og:image:height\" content=\"1922\" \/>\n\t<meta property=\"og:image:type\" content=\"image\/jpeg\" \/>\n<meta name=\"author\" content=\"media\" \/>\n<meta name=\"twitter:card\" content=\"summary_large_image\" \/>\n<meta name=\"twitter:label1\" content=\"Scris de\" \/>\n\t<meta name=\"twitter:data1\" content=\"media\" \/>\n\t<meta name=\"twitter:label2\" content=\"Timp estimat pentru citire\" \/>\n\t<meta name=\"twitter:data2\" content=\"4 minute\" \/>\n<script type=\"application\/ld+json\" class=\"yoast-schema-graph\">{\"@context\":\"https:\\\/\\\/schema.org\",\"@graph\":[{\"@type\":\"Article\",\"@id\":\"https:\\\/\\\/www.protopopiatebn.ro\\\/index.php\\\/2025\\\/06\\\/17\\\/hramul-manastirii-coborarea-spiritului-sfant-din-moliset-15-iunie-2025\\\/#article\",\"isPartOf\":{\"@id\":\"https:\\\/\\\/www.protopopiatebn.ro\\\/index.php\\\/2025\\\/06\\\/17\\\/hramul-manastirii-coborarea-spiritului-sfant-din-moliset-15-iunie-2025\\\/\"},\"author\":{\"name\":\"media\",\"@id\":\"https:\\\/\\\/www.protopopiatebn.ro\\\/#\\\/schema\\\/person\\\/197df79e4c7a10df5e789cc6657cf4b6\"},\"headline\":\"Vizita pastoral\u0103 a Preasfin\u021bitului Claudiu cu ocazia Hramului M\u0103n\u0103stirii Baziliene Moli\u0219et &#8211; 15 iunie 2025\",\"datePublished\":\"2025-06-17T13:03:55+00:00\",\"dateModified\":\"2025-06-18T20:08:15+00:00\",\"mainEntityOfPage\":{\"@id\":\"https:\\\/\\\/www.protopopiatebn.ro\\\/index.php\\\/2025\\\/06\\\/17\\\/hramul-manastirii-coborarea-spiritului-sfant-din-moliset-15-iunie-2025\\\/\"},\"wordCount\":757,\"commentCount\":0,\"image\":{\"@id\":\"https:\\\/\\\/www.protopopiatebn.ro\\\/index.php\\\/2025\\\/06\\\/17\\\/hramul-manastirii-coborarea-spiritului-sfant-din-moliset-15-iunie-2025\\\/#primaryimage\"},\"thumbnailUrl\":\"https:\\\/\\\/www.protopopiatebn.ro\\\/wp-content\\\/uploads\\\/2025\\\/06\\\/IMG_3066-scaled.jpg\",\"articleSection\":[\"Uncategorized\"],\"inLanguage\":\"ro-RO\",\"potentialAction\":[{\"@type\":\"CommentAction\",\"name\":\"Comment\",\"target\":[\"https:\\\/\\\/www.protopopiatebn.ro\\\/index.php\\\/2025\\\/06\\\/17\\\/hramul-manastirii-coborarea-spiritului-sfant-din-moliset-15-iunie-2025\\\/#respond\"]}]},{\"@type\":\"WebPage\",\"@id\":\"https:\\\/\\\/www.protopopiatebn.ro\\\/index.php\\\/2025\\\/06\\\/17\\\/hramul-manastirii-coborarea-spiritului-sfant-din-moliset-15-iunie-2025\\\/\",\"url\":\"https:\\\/\\\/www.protopopiatebn.ro\\\/index.php\\\/2025\\\/06\\\/17\\\/hramul-manastirii-coborarea-spiritului-sfant-din-moliset-15-iunie-2025\\\/\",\"name\":\"Vizita pastoral\u0103 a Preasfin\u021bitului Claudiu cu ocazia Hramului M\u0103n\u0103stirii Baziliene Moli\u0219et - 15 iunie 2025 - PROTOPOPIATELE GRECO-CATOLICE BECLEAN, BISTRI\u021aA \u0218I RODNA\",\"isPartOf\":{\"@id\":\"https:\\\/\\\/www.protopopiatebn.ro\\\/#website\"},\"primaryImageOfPage\":{\"@id\":\"https:\\\/\\\/www.protopopiatebn.ro\\\/index.php\\\/2025\\\/06\\\/17\\\/hramul-manastirii-coborarea-spiritului-sfant-din-moliset-15-iunie-2025\\\/#primaryimage\"},\"image\":{\"@id\":\"https:\\\/\\\/www.protopopiatebn.ro\\\/index.php\\\/2025\\\/06\\\/17\\\/hramul-manastirii-coborarea-spiritului-sfant-din-moliset-15-iunie-2025\\\/#primaryimage\"},\"thumbnailUrl\":\"https:\\\/\\\/www.protopopiatebn.ro\\\/wp-content\\\/uploads\\\/2025\\\/06\\\/IMG_3066-scaled.jpg\",\"datePublished\":\"2025-06-17T13:03:55+00:00\",\"dateModified\":\"2025-06-18T20:08:15+00:00\",\"author\":{\"@id\":\"https:\\\/\\\/www.protopopiatebn.ro\\\/#\\\/schema\\\/person\\\/197df79e4c7a10df5e789cc6657cf4b6\"},\"breadcrumb\":{\"@id\":\"https:\\\/\\\/www.protopopiatebn.ro\\\/index.php\\\/2025\\\/06\\\/17\\\/hramul-manastirii-coborarea-spiritului-sfant-din-moliset-15-iunie-2025\\\/#breadcrumb\"},\"inLanguage\":\"ro-RO\",\"potentialAction\":[{\"@type\":\"ReadAction\",\"target\":[\"https:\\\/\\\/www.protopopiatebn.ro\\\/index.php\\\/2025\\\/06\\\/17\\\/hramul-manastirii-coborarea-spiritului-sfant-din-moliset-15-iunie-2025\\\/\"]}]},{\"@type\":\"ImageObject\",\"inLanguage\":\"ro-RO\",\"@id\":\"https:\\\/\\\/www.protopopiatebn.ro\\\/index.php\\\/2025\\\/06\\\/17\\\/hramul-manastirii-coborarea-spiritului-sfant-din-moliset-15-iunie-2025\\\/#primaryimage\",\"url\":\"https:\\\/\\\/www.protopopiatebn.ro\\\/wp-content\\\/uploads\\\/2025\\\/06\\\/IMG_3066-scaled.jpg\",\"contentUrl\":\"https:\\\/\\\/www.protopopiatebn.ro\\\/wp-content\\\/uploads\\\/2025\\\/06\\\/IMG_3066-scaled.jpg\",\"width\":2560,\"height\":1922},{\"@type\":\"BreadcrumbList\",\"@id\":\"https:\\\/\\\/www.protopopiatebn.ro\\\/index.php\\\/2025\\\/06\\\/17\\\/hramul-manastirii-coborarea-spiritului-sfant-din-moliset-15-iunie-2025\\\/#breadcrumb\",\"itemListElement\":[{\"@type\":\"ListItem\",\"position\":1,\"name\":\"Home\",\"item\":\"https:\\\/\\\/www.protopopiatebn.ro\\\/\"},{\"@type\":\"ListItem\",\"position\":2,\"name\":\"Vizita pastoral\u0103 a Preasfin\u021bitului Claudiu cu ocazia Hramului M\u0103n\u0103stirii Baziliene Moli\u0219et &#8211; 15 iunie 2025\"}]},{\"@type\":\"WebSite\",\"@id\":\"https:\\\/\\\/www.protopopiatebn.ro\\\/#website\",\"url\":\"https:\\\/\\\/www.protopopiatebn.ro\\\/\",\"name\":\"PROTOPOPIATELE GRECO-CATOLICE BECLEAN, BISTRI\u021aA \u0218I RODNA\",\"description\":\"\",\"potentialAction\":[{\"@type\":\"SearchAction\",\"target\":{\"@type\":\"EntryPoint\",\"urlTemplate\":\"https:\\\/\\\/www.protopopiatebn.ro\\\/?s={search_term_string}\"},\"query-input\":{\"@type\":\"PropertyValueSpecification\",\"valueRequired\":true,\"valueName\":\"search_term_string\"}}],\"inLanguage\":\"ro-RO\"},{\"@type\":\"Person\",\"@id\":\"https:\\\/\\\/www.protopopiatebn.ro\\\/#\\\/schema\\\/person\\\/197df79e4c7a10df5e789cc6657cf4b6\",\"name\":\"media\",\"image\":{\"@type\":\"ImageObject\",\"inLanguage\":\"ro-RO\",\"@id\":\"https:\\\/\\\/secure.gravatar.com\\\/avatar\\\/04cd0dc906eda4d18642465bdfac0c5e44dc1c0aee2c6e9ddadbbd2294e96fe6?s=96&d=mm&r=g\",\"url\":\"https:\\\/\\\/secure.gravatar.com\\\/avatar\\\/04cd0dc906eda4d18642465bdfac0c5e44dc1c0aee2c6e9ddadbbd2294e96fe6?s=96&d=mm&r=g\",\"contentUrl\":\"https:\\\/\\\/secure.gravatar.com\\\/avatar\\\/04cd0dc906eda4d18642465bdfac0c5e44dc1c0aee2c6e9ddadbbd2294e96fe6?s=96&d=mm&r=g\",\"caption\":\"media\"},\"sameAs\":[\"http:\\\/\\\/www.protopopiatebn.ro\"],\"url\":\"https:\\\/\\\/www.protopopiatebn.ro\\\/index.php\\\/author\\\/protos\\\/\"}]}<\/script>\n<!-- \/ Yoast SEO plugin. -->","yoast_head_json":{"title":"Vizita pastoral\u0103 a Preasfin\u021bitului Claudiu cu ocazia Hramului M\u0103n\u0103stirii Baziliene Moli\u0219et - 15 iunie 2025 - PROTOPOPIATELE GRECO-CATOLICE BECLEAN, BISTRI\u021aA \u0218I RODNA","robots":{"index":"index","follow":"follow","max-snippet":"max-snippet:-1","max-image-preview":"max-image-preview:large","max-video-preview":"max-video-preview:-1"},"canonical":"https:\/\/www.protopopiatebn.ro\/index.php\/2025\/06\/17\/hramul-manastirii-coborarea-spiritului-sfant-din-moliset-15-iunie-2025\/","og_locale":"ro_RO","og_type":"article","og_title":"Vizita pastoral\u0103 a Preasfin\u021bitului Claudiu cu ocazia Hramului M\u0103n\u0103stirii Baziliene Moli\u0219et - 15 iunie 2025 - PROTOPOPIATELE GRECO-CATOLICE BECLEAN, BISTRI\u021aA \u0218I RODNA","og_description":"Duminic\u0103 15 iunie 2025, s-a serbat Hramul M\u0103n\u0103stirii \u201eCobor\u00e2rea Spiritului Sf\u00e2nt\u201d, din Moli\u0219et (jud. Bistri\u021ba N\u0103s\u0103ud) &#8211; Protopopiatul Beclean, a Ordinului C\u0103lug\u0103rilor Sf. Vasile cel Mare. Sf\u00e2nta Liturghie arhiereasc\u0103 a fost celebrat\u0103 de Preasfin\u021bia Sa Claudiu, Episcopul de Cluj-Gherla, care a avut al\u0103turi zeci de preo\u021bi, diaconi, subdiaconi, studen\u021bi ai Seminarului Teologic Sf. Ioan Evanghelistul ... [Read more...]","og_url":"https:\/\/www.protopopiatebn.ro\/index.php\/2025\/06\/17\/hramul-manastirii-coborarea-spiritului-sfant-din-moliset-15-iunie-2025\/","og_site_name":"PROTOPOPIATELE GRECO-CATOLICE BECLEAN, BISTRI\u021aA \u0218I RODNA","article_published_time":"2025-06-17T13:03:55+00:00","article_modified_time":"2025-06-18T20:08:15+00:00","og_image":[{"width":2560,"height":1922,"url":"https:\/\/www.protopopiatebn.ro\/wp-content\/uploads\/2025\/06\/IMG_3066-scaled.jpg","type":"image\/jpeg"}],"author":"media","twitter_card":"summary_large_image","twitter_misc":{"Scris de":"media","Timp estimat pentru citire":"4 minute"},"schema":{"@context":"https:\/\/schema.org","@graph":[{"@type":"Article","@id":"https:\/\/www.protopopiatebn.ro\/index.php\/2025\/06\/17\/hramul-manastirii-coborarea-spiritului-sfant-din-moliset-15-iunie-2025\/#article","isPartOf":{"@id":"https:\/\/www.protopopiatebn.ro\/index.php\/2025\/06\/17\/hramul-manastirii-coborarea-spiritului-sfant-din-moliset-15-iunie-2025\/"},"author":{"name":"media","@id":"https:\/\/www.protopopiatebn.ro\/#\/schema\/person\/197df79e4c7a10df5e789cc6657cf4b6"},"headline":"Vizita pastoral\u0103 a Preasfin\u021bitului Claudiu cu ocazia Hramului M\u0103n\u0103stirii Baziliene Moli\u0219et &#8211; 15 iunie 2025","datePublished":"2025-06-17T13:03:55+00:00","dateModified":"2025-06-18T20:08:15+00:00","mainEntityOfPage":{"@id":"https:\/\/www.protopopiatebn.ro\/index.php\/2025\/06\/17\/hramul-manastirii-coborarea-spiritului-sfant-din-moliset-15-iunie-2025\/"},"wordCount":757,"commentCount":0,"image":{"@id":"https:\/\/www.protopopiatebn.ro\/index.php\/2025\/06\/17\/hramul-manastirii-coborarea-spiritului-sfant-din-moliset-15-iunie-2025\/#primaryimage"},"thumbnailUrl":"https:\/\/www.protopopiatebn.ro\/wp-content\/uploads\/2025\/06\/IMG_3066-scaled.jpg","articleSection":["Uncategorized"],"inLanguage":"ro-RO","potentialAction":[{"@type":"CommentAction","name":"Comment","target":["https:\/\/www.protopopiatebn.ro\/index.php\/2025\/06\/17\/hramul-manastirii-coborarea-spiritului-sfant-din-moliset-15-iunie-2025\/#respond"]}]},{"@type":"WebPage","@id":"https:\/\/www.protopopiatebn.ro\/index.php\/2025\/06\/17\/hramul-manastirii-coborarea-spiritului-sfant-din-moliset-15-iunie-2025\/","url":"https:\/\/www.protopopiatebn.ro\/index.php\/2025\/06\/17\/hramul-manastirii-coborarea-spiritului-sfant-din-moliset-15-iunie-2025\/","name":"Vizita pastoral\u0103 a Preasfin\u021bitului Claudiu cu ocazia Hramului M\u0103n\u0103stirii Baziliene Moli\u0219et - 15 iunie 2025 - PROTOPOPIATELE GRECO-CATOLICE BECLEAN, BISTRI\u021aA \u0218I RODNA","isPartOf":{"@id":"https:\/\/www.protopopiatebn.ro\/#website"},"primaryImageOfPage":{"@id":"https:\/\/www.protopopiatebn.ro\/index.php\/2025\/06\/17\/hramul-manastirii-coborarea-spiritului-sfant-din-moliset-15-iunie-2025\/#primaryimage"},"image":{"@id":"https:\/\/www.protopopiatebn.ro\/index.php\/2025\/06\/17\/hramul-manastirii-coborarea-spiritului-sfant-din-moliset-15-iunie-2025\/#primaryimage"},"thumbnailUrl":"https:\/\/www.protopopiatebn.ro\/wp-content\/uploads\/2025\/06\/IMG_3066-scaled.jpg","datePublished":"2025-06-17T13:03:55+00:00","dateModified":"2025-06-18T20:08:15+00:00","author":{"@id":"https:\/\/www.protopopiatebn.ro\/#\/schema\/person\/197df79e4c7a10df5e789cc6657cf4b6"},"breadcrumb":{"@id":"https:\/\/www.protopopiatebn.ro\/index.php\/2025\/06\/17\/hramul-manastirii-coborarea-spiritului-sfant-din-moliset-15-iunie-2025\/#breadcrumb"},"inLanguage":"ro-RO","potentialAction":[{"@type":"ReadAction","target":["https:\/\/www.protopopiatebn.ro\/index.php\/2025\/06\/17\/hramul-manastirii-coborarea-spiritului-sfant-din-moliset-15-iunie-2025\/"]}]},{"@type":"ImageObject","inLanguage":"ro-RO","@id":"https:\/\/www.protopopiatebn.ro\/index.php\/2025\/06\/17\/hramul-manastirii-coborarea-spiritului-sfant-din-moliset-15-iunie-2025\/#primaryimage","url":"https:\/\/www.protopopiatebn.ro\/wp-content\/uploads\/2025\/06\/IMG_3066-scaled.jpg","contentUrl":"https:\/\/www.protopopiatebn.ro\/wp-content\/uploads\/2025\/06\/IMG_3066-scaled.jpg","width":2560,"height":1922},{"@type":"BreadcrumbList","@id":"https:\/\/www.protopopiatebn.ro\/index.php\/2025\/06\/17\/hramul-manastirii-coborarea-spiritului-sfant-din-moliset-15-iunie-2025\/#breadcrumb","itemListElement":[{"@type":"ListItem","position":1,"name":"Home","item":"https:\/\/www.protopopiatebn.ro\/"},{"@type":"ListItem","position":2,"name":"Vizita pastoral\u0103 a Preasfin\u021bitului Claudiu cu ocazia Hramului M\u0103n\u0103stirii Baziliene Moli\u0219et &#8211; 15 iunie 2025"}]},{"@type":"WebSite","@id":"https:\/\/www.protopopiatebn.ro\/#website","url":"https:\/\/www.protopopiatebn.ro\/","name":"PROTOPOPIATELE GRECO-CATOLICE BECLEAN, BISTRI\u021aA \u0218I RODNA","description":"","potentialAction":[{"@type":"SearchAction","target":{"@type":"EntryPoint","urlTemplate":"https:\/\/www.protopopiatebn.ro\/?s={search_term_string}"},"query-input":{"@type":"PropertyValueSpecification","valueRequired":true,"valueName":"search_term_string"}}],"inLanguage":"ro-RO"},{"@type":"Person","@id":"https:\/\/www.protopopiatebn.ro\/#\/schema\/person\/197df79e4c7a10df5e789cc6657cf4b6","name":"media","image":{"@type":"ImageObject","inLanguage":"ro-RO","@id":"https:\/\/secure.gravatar.com\/avatar\/04cd0dc906eda4d18642465bdfac0c5e44dc1c0aee2c6e9ddadbbd2294e96fe6?s=96&d=mm&r=g","url":"https:\/\/secure.gravatar.com\/avatar\/04cd0dc906eda4d18642465bdfac0c5e44dc1c0aee2c6e9ddadbbd2294e96fe6?s=96&d=mm&r=g","contentUrl":"https:\/\/secure.gravatar.com\/avatar\/04cd0dc906eda4d18642465bdfac0c5e44dc1c0aee2c6e9ddadbbd2294e96fe6?s=96&d=mm&r=g","caption":"media"},"sameAs":["http:\/\/www.protopopiatebn.ro"],"url":"https:\/\/www.protopopiatebn.ro\/index.php\/author\/protos\/"}]}},"_links":{"self":[{"href":"https:\/\/www.protopopiatebn.ro\/index.php\/wp-json\/wp\/v2\/posts\/1341","targetHints":{"allow":["GET"]}}],"collection":[{"href":"https:\/\/www.protopopiatebn.ro\/index.php\/wp-json\/wp\/v2\/posts"}],"about":[{"href":"https:\/\/www.protopopiatebn.ro\/index.php\/wp-json\/wp\/v2\/types\/post"}],"author":[{"embeddable":true,"href":"https:\/\/www.protopopiatebn.ro\/index.php\/wp-json\/wp\/v2\/users\/3"}],"replies":[{"embeddable":true,"href":"https:\/\/www.protopopiatebn.ro\/index.php\/wp-json\/wp\/v2\/comments?post=1341"}],"version-history":[{"count":12,"href":"https:\/\/www.protopopiatebn.ro\/index.php\/wp-json\/wp\/v2\/posts\/1341\/revisions"}],"predecessor-version":[{"id":1354,"href":"https:\/\/www.protopopiatebn.ro\/index.php\/wp-json\/wp\/v2\/posts\/1341\/revisions\/1354"}],"wp:attachment":[{"href":"https:\/\/www.protopopiatebn.ro\/index.php\/wp-json\/wp\/v2\/media?parent=1341"}],"wp:term":[{"taxonomy":"category","embeddable":true,"href":"https:\/\/www.protopopiatebn.ro\/index.php\/wp-json\/wp\/v2\/categories?post=1341"},{"taxonomy":"post_tag","embeddable":true,"href":"https:\/\/www.protopopiatebn.ro\/index.php\/wp-json\/wp\/v2\/tags?post=1341"}],"curies":[{"name":"wp","href":"https:\/\/api.w.org\/{rel}","templated":true}]}}