{"id":131,"date":"2023-02-13T20:25:58","date_gmt":"2023-02-13T20:25:58","guid":{"rendered":"https:\/\/protopopiatebn.ro\/?p=131"},"modified":"2023-02-13T21:47:17","modified_gmt":"2023-02-13T21:47:17","slug":"ziua-mondiala-a-bolnavului-celebrata-in-protopopiatele-bistrita-rodna-si-beclean","status":"publish","type":"post","link":"https:\/\/www.protopopiatebn.ro\/index.php\/2023\/02\/13\/ziua-mondiala-a-bolnavului-celebrata-in-protopopiatele-bistrita-rodna-si-beclean\/","title":{"rendered":"Ziua Mondial\u0103 a Bolnavului celebrat\u0103 \u00een protopopiatele Bistri\u021ba, Rodna \u0219i Beclean"},"content":{"rendered":"\n<figure class=\"wp-block-image size-large\"><img loading=\"lazy\" decoding=\"async\" width=\"1024\" height=\"768\" src=\"https:\/\/protopopiatebn.ro\/wp-content\/uploads\/2023\/02\/WhatsApp-Image-2023-02-13-at-19.07.45-1024x768.jpeg\" alt=\"\" class=\"wp-image-132\" srcset=\"https:\/\/www.protopopiatebn.ro\/wp-content\/uploads\/2023\/02\/WhatsApp-Image-2023-02-13-at-19.07.45-1024x768.jpeg 1024w, https:\/\/www.protopopiatebn.ro\/wp-content\/uploads\/2023\/02\/WhatsApp-Image-2023-02-13-at-19.07.45-300x225.jpeg 300w, https:\/\/www.protopopiatebn.ro\/wp-content\/uploads\/2023\/02\/WhatsApp-Image-2023-02-13-at-19.07.45-768x576.jpeg 768w, https:\/\/www.protopopiatebn.ro\/wp-content\/uploads\/2023\/02\/WhatsApp-Image-2023-02-13-at-19.07.45.jpeg 1079w\" sizes=\"auto, (max-width: 1024px) 100vw, 1024px\" \/><\/figure>\n\n\n\n<p><\/p>\n\n\n\n<p>Ziua Mondial\u0103 a Bolnavului, celebrat\u0103 \u00een \u00eentreaga Biseric\u0103 Catolic\u0103 la 11 februarie 2023, a prilejuit \u0219i \u00een acest an, \u00een \u00eentreaga lume, organizarea unor manifest\u0103ri spirituale \u015fi caritabile, at\u00e2t \u00een colectivit\u0103\u0163i, spitale, c\u0103mine de b\u0103tr\u00e2ni, c\u00e2t \u015fi la domiciliul suferinzilor: bolnavi, persoane cu handicap, orfani \u0219i s\u0103raci.<\/p>\n\n\n\n<p>La nivelul Eparhiei de Cluj-Gherla, Sf\u00e2nta Liturghie arhiereasc\u0103 celebrat\u0103 duminic\u0103, 12 februarie 2023 \u00een Catedrala episcopal\u0103 din Cluj-Napoca, a fost dedicat\u0103 bolnavilor \u0219i personalului din domeniul sanitar.<\/p>\n\n\n\n<p>Aceast\u0103 zi a fost marcat\u0103 \u0219i la nivelul Protopopiatelor Eparhiei de Cluj-Gherla. Astfel, \u00een protopopiatele Bistri\u021ba, Rodna \u0219i Beclean s-au organizat slujbe religioase \u015fi rug\u0103ciuni care au avut loc \u00een bisericile parohiale.<\/p>\n\n\n\n<p>Pr. Protopop Cristian Goia s-a aflat \u00een seara zilei de 11 februarie 2023 \u00een mijlocul credincio\u0219ilor Parohiei Bistri\u021ba III, p\u0103storit\u0103 de Pr. Ioan \u021aolca, \u00een Biserica \u201eSf. Arhangheli Mihail \u0219i Gavril\u201d la celebrarea Sf\u00e2ntului Maslu, la care au participat preo\u021bi din protopopiatele Bistri\u021ba, Ileanda, Beclean, Dej \u0219i Gherla.<\/p>\n\n\n\n<p>\u00cen ziua urm\u0103toare, 12 februarie, p\u0103rintele protopop a participat la Sf\u00e2nta Liturghie celebrat\u0103 \u00een Biserica \u201e\u00cen\u0103l\u021barea Domnului\u201d, \u00een parohia p\u0103storit\u0103 de pr. Login Ceuca. La finalul acesteia, s-au rostit rug\u0103ciuni de vindecare pentru bolnavi \u0219i pentru cei care au nevoie de ajutor.<\/p>\n\n\n\n<p>\u00cen seara aceleia\u0219i zile, \u00een biserica \u201eSfin\u021bii Apostoli Petru \u0219i Pavel\u201d din Parohia Greco-Catolic\u0103 Beclean, p\u0103storit\u0103 de pr. Felician Neago\u0219, o mul\u021bime de credincio\u0219i au umplut biserica parohial\u0103, unindu-se \u00een rug\u0103ciune, \u00een celebrarea slujbei Sf\u00e2ntului Maslu de c\u0103tre preo\u021bi din protopopiatele Beclean, Rodna \u0219i Bistri\u021ba. A fost un binecuv\u00e2ntat prilej de har \u0219i re\u00eennoire sufleteasc\u0103. La final, to\u021bi \u00eempreun\u0103, preo\u021bi \u0219i credincio\u0219i, au ie\u0219it \u00een fa\u021ba l\u0103ca\u0219ului de cult, unde au rostit o rug\u0103ciune \u00een fa\u021ba statuii Fecioarei Maria, cer\u00e2nd vindecare, putere \u0219i pace \u00een inimi \u00een aceste timpuri.<\/p>\n\n\n\n<p>Celebr\u0103rile desf\u0103\u0219urate \u00een cele trei protopopiate ale Eparhiei de Cluj-Gherla au fost ocazii de mul\u021bumire adus\u0103 lui Dumnezeu &#8211; \u201eDoctorul sufletelor \u0219i al trupurilor\u201d, Cel care, pentru rug\u0103ciunile ce-I sunt aduse cu credin\u021b\u0103 d\u0103ruie\u0219te alinare, \u00eent\u0103rire spiritual\u0103 \u0219i vindecare celor afla\u021bi \u00een suferin\u021b\u0103.<\/p>\n\n\n\n<p>Ziua Mondial\u0103 a Bolnavului a fost s\u0103rb\u0103torit\u0103 pentru prima dat\u0103 \u00een anul 1993, iar celebrarea ei solemn\u0103 a avut loc la Lourdes, Fran\u021ba. Aceast\u0103 zi mondial\u0103 se celebreaz\u0103 anual la 11 februarie, dat\u0103 ce coincide cu prima apari\u0163ie a Sfintei Fecioare Maria la Lourdes.<\/p>\n\n\n\n<p><strong>Rare\u0219 Flore<\/strong><\/p>\n\n\n\n<p><a href=\"https:\/\/photos.app.goo.gl\/YspJL8o9deLGbrrJ8\">ALBUM FOTO<\/a><\/p>\n","protected":false},"excerpt":{"rendered":"<p>Ziua Mondial\u0103 a Bolnavului, celebrat\u0103 \u00een \u00eentreaga Biseric\u0103 Catolic\u0103 la 11 februarie 2023, a prilejuit \u0219i \u00een acest an, \u00een \u00eentreaga lume, organizarea unor manifest\u0103ri spirituale \u015fi caritabile, at\u00e2t \u00een colectivit\u0103\u0163i, spitale, c\u0103mine de b\u0103tr\u00e2ni, c\u00e2t \u015fi la domiciliul suferinzilor: bolnavi, persoane cu handicap, orfani \u0219i s\u0103raci. La nivelul Eparhiei de Cluj-Gherla, Sf\u00e2nta Liturghie arhiereasc\u0103 &#8230; <span class=\"more\"><a class=\"more-link\" href=\"https:\/\/www.protopopiatebn.ro\/index.php\/2023\/02\/13\/ziua-mondiala-a-bolnavului-celebrata-in-protopopiatele-bistrita-rodna-si-beclean\/\">[Read more&#8230;]<\/a><\/span><\/p>\n","protected":false},"author":3,"featured_media":0,"comment_status":"open","ping_status":"open","sticky":false,"template":"","format":"standard","meta":{"footnotes":""},"categories":[1],"tags":[],"class_list":{"0":"entry","1":"post","2":"publish","3":"author-protos","4":"post-131","6":"format-standard","7":"category-uncategorized"},"yoast_head":"<!-- This site is optimized with the Yoast SEO plugin v27.5 - https:\/\/yoast.com\/product\/yoast-seo-wordpress\/ -->\n<title>Ziua Mondial\u0103 a Bolnavului celebrat\u0103 \u00een protopopiatele Bistri\u021ba, Rodna \u0219i Beclean - PROTOPOPIATELE GRECO-CATOLICE BECLEAN, BISTRI\u021aA \u0218I RODNA<\/title>\n<meta name=\"robots\" content=\"index, follow, max-snippet:-1, max-image-preview:large, max-video-preview:-1\" \/>\n<link rel=\"canonical\" href=\"https:\/\/www.protopopiatebn.ro\/index.php\/2023\/02\/13\/ziua-mondiala-a-bolnavului-celebrata-in-protopopiatele-bistrita-rodna-si-beclean\/\" \/>\n<meta property=\"og:locale\" content=\"ro_RO\" \/>\n<meta property=\"og:type\" content=\"article\" \/>\n<meta property=\"og:title\" content=\"Ziua Mondial\u0103 a Bolnavului celebrat\u0103 \u00een protopopiatele Bistri\u021ba, Rodna \u0219i Beclean - PROTOPOPIATELE GRECO-CATOLICE BECLEAN, BISTRI\u021aA \u0218I RODNA\" \/>\n<meta property=\"og:description\" content=\"Ziua Mondial\u0103 a Bolnavului, celebrat\u0103 \u00een \u00eentreaga Biseric\u0103 Catolic\u0103 la 11 februarie 2023, a prilejuit \u0219i \u00een acest an, \u00een \u00eentreaga lume, organizarea unor manifest\u0103ri spirituale \u015fi caritabile, at\u00e2t \u00een colectivit\u0103\u0163i, spitale, c\u0103mine de b\u0103tr\u00e2ni, c\u00e2t \u015fi la domiciliul suferinzilor: bolnavi, persoane cu handicap, orfani \u0219i s\u0103raci. La nivelul Eparhiei de Cluj-Gherla, Sf\u00e2nta Liturghie arhiereasc\u0103 ... [Read more...]\" \/>\n<meta property=\"og:url\" content=\"https:\/\/www.protopopiatebn.ro\/index.php\/2023\/02\/13\/ziua-mondiala-a-bolnavului-celebrata-in-protopopiatele-bistrita-rodna-si-beclean\/\" \/>\n<meta property=\"og:site_name\" content=\"PROTOPOPIATELE GRECO-CATOLICE BECLEAN, BISTRI\u021aA \u0218I RODNA\" \/>\n<meta property=\"article:published_time\" content=\"2023-02-13T20:25:58+00:00\" \/>\n<meta property=\"article:modified_time\" content=\"2023-02-13T21:47:17+00:00\" \/>\n<meta property=\"og:image\" content=\"https:\/\/protopopiatebn.ro\/wp-content\/uploads\/2023\/02\/WhatsApp-Image-2023-02-13-at-19.07.45-1024x768.jpeg\" \/>\n<meta name=\"author\" content=\"media\" \/>\n<meta name=\"twitter:card\" content=\"summary_large_image\" \/>\n<meta name=\"twitter:label1\" content=\"Scris de\" \/>\n\t<meta name=\"twitter:data1\" content=\"media\" \/>\n\t<meta name=\"twitter:label2\" content=\"Timp estimat pentru citire\" \/>\n\t<meta name=\"twitter:data2\" content=\"2 minute\" \/>\n<script type=\"application\/ld+json\" class=\"yoast-schema-graph\">{\"@context\":\"https:\\\/\\\/schema.org\",\"@graph\":[{\"@type\":\"Article\",\"@id\":\"https:\\\/\\\/www.protopopiatebn.ro\\\/index.php\\\/2023\\\/02\\\/13\\\/ziua-mondiala-a-bolnavului-celebrata-in-protopopiatele-bistrita-rodna-si-beclean\\\/#article\",\"isPartOf\":{\"@id\":\"https:\\\/\\\/www.protopopiatebn.ro\\\/index.php\\\/2023\\\/02\\\/13\\\/ziua-mondiala-a-bolnavului-celebrata-in-protopopiatele-bistrita-rodna-si-beclean\\\/\"},\"author\":{\"name\":\"media\",\"@id\":\"https:\\\/\\\/www.protopopiatebn.ro\\\/#\\\/schema\\\/person\\\/197df79e4c7a10df5e789cc6657cf4b6\"},\"headline\":\"Ziua Mondial\u0103 a Bolnavului celebrat\u0103 \u00een protopopiatele Bistri\u021ba, Rodna \u0219i Beclean\",\"datePublished\":\"2023-02-13T20:25:58+00:00\",\"dateModified\":\"2023-02-13T21:47:17+00:00\",\"mainEntityOfPage\":{\"@id\":\"https:\\\/\\\/www.protopopiatebn.ro\\\/index.php\\\/2023\\\/02\\\/13\\\/ziua-mondiala-a-bolnavului-celebrata-in-protopopiatele-bistrita-rodna-si-beclean\\\/\"},\"wordCount\":437,\"commentCount\":0,\"image\":{\"@id\":\"https:\\\/\\\/www.protopopiatebn.ro\\\/index.php\\\/2023\\\/02\\\/13\\\/ziua-mondiala-a-bolnavului-celebrata-in-protopopiatele-bistrita-rodna-si-beclean\\\/#primaryimage\"},\"thumbnailUrl\":\"https:\\\/\\\/protopopiatebn.ro\\\/wp-content\\\/uploads\\\/2023\\\/02\\\/WhatsApp-Image-2023-02-13-at-19.07.45-1024x768.jpeg\",\"articleSection\":[\"Uncategorized\"],\"inLanguage\":\"ro-RO\",\"potentialAction\":[{\"@type\":\"CommentAction\",\"name\":\"Comment\",\"target\":[\"https:\\\/\\\/www.protopopiatebn.ro\\\/index.php\\\/2023\\\/02\\\/13\\\/ziua-mondiala-a-bolnavului-celebrata-in-protopopiatele-bistrita-rodna-si-beclean\\\/#respond\"]}]},{\"@type\":\"WebPage\",\"@id\":\"https:\\\/\\\/www.protopopiatebn.ro\\\/index.php\\\/2023\\\/02\\\/13\\\/ziua-mondiala-a-bolnavului-celebrata-in-protopopiatele-bistrita-rodna-si-beclean\\\/\",\"url\":\"https:\\\/\\\/www.protopopiatebn.ro\\\/index.php\\\/2023\\\/02\\\/13\\\/ziua-mondiala-a-bolnavului-celebrata-in-protopopiatele-bistrita-rodna-si-beclean\\\/\",\"name\":\"Ziua Mondial\u0103 a Bolnavului celebrat\u0103 \u00een protopopiatele Bistri\u021ba, Rodna \u0219i Beclean - PROTOPOPIATELE GRECO-CATOLICE BECLEAN, BISTRI\u021aA \u0218I RODNA\",\"isPartOf\":{\"@id\":\"https:\\\/\\\/www.protopopiatebn.ro\\\/#website\"},\"primaryImageOfPage\":{\"@id\":\"https:\\\/\\\/www.protopopiatebn.ro\\\/index.php\\\/2023\\\/02\\\/13\\\/ziua-mondiala-a-bolnavului-celebrata-in-protopopiatele-bistrita-rodna-si-beclean\\\/#primaryimage\"},\"image\":{\"@id\":\"https:\\\/\\\/www.protopopiatebn.ro\\\/index.php\\\/2023\\\/02\\\/13\\\/ziua-mondiala-a-bolnavului-celebrata-in-protopopiatele-bistrita-rodna-si-beclean\\\/#primaryimage\"},\"thumbnailUrl\":\"https:\\\/\\\/protopopiatebn.ro\\\/wp-content\\\/uploads\\\/2023\\\/02\\\/WhatsApp-Image-2023-02-13-at-19.07.45-1024x768.jpeg\",\"datePublished\":\"2023-02-13T20:25:58+00:00\",\"dateModified\":\"2023-02-13T21:47:17+00:00\",\"author\":{\"@id\":\"https:\\\/\\\/www.protopopiatebn.ro\\\/#\\\/schema\\\/person\\\/197df79e4c7a10df5e789cc6657cf4b6\"},\"breadcrumb\":{\"@id\":\"https:\\\/\\\/www.protopopiatebn.ro\\\/index.php\\\/2023\\\/02\\\/13\\\/ziua-mondiala-a-bolnavului-celebrata-in-protopopiatele-bistrita-rodna-si-beclean\\\/#breadcrumb\"},\"inLanguage\":\"ro-RO\",\"potentialAction\":[{\"@type\":\"ReadAction\",\"target\":[\"https:\\\/\\\/www.protopopiatebn.ro\\\/index.php\\\/2023\\\/02\\\/13\\\/ziua-mondiala-a-bolnavului-celebrata-in-protopopiatele-bistrita-rodna-si-beclean\\\/\"]}]},{\"@type\":\"ImageObject\",\"inLanguage\":\"ro-RO\",\"@id\":\"https:\\\/\\\/www.protopopiatebn.ro\\\/index.php\\\/2023\\\/02\\\/13\\\/ziua-mondiala-a-bolnavului-celebrata-in-protopopiatele-bistrita-rodna-si-beclean\\\/#primaryimage\",\"url\":\"https:\\\/\\\/protopopiatebn.ro\\\/wp-content\\\/uploads\\\/2023\\\/02\\\/WhatsApp-Image-2023-02-13-at-19.07.45-1024x768.jpeg\",\"contentUrl\":\"https:\\\/\\\/protopopiatebn.ro\\\/wp-content\\\/uploads\\\/2023\\\/02\\\/WhatsApp-Image-2023-02-13-at-19.07.45-1024x768.jpeg\"},{\"@type\":\"BreadcrumbList\",\"@id\":\"https:\\\/\\\/www.protopopiatebn.ro\\\/index.php\\\/2023\\\/02\\\/13\\\/ziua-mondiala-a-bolnavului-celebrata-in-protopopiatele-bistrita-rodna-si-beclean\\\/#breadcrumb\",\"itemListElement\":[{\"@type\":\"ListItem\",\"position\":1,\"name\":\"Home\",\"item\":\"https:\\\/\\\/www.protopopiatebn.ro\\\/\"},{\"@type\":\"ListItem\",\"position\":2,\"name\":\"Ziua Mondial\u0103 a Bolnavului celebrat\u0103 \u00een protopopiatele Bistri\u021ba, Rodna \u0219i Beclean\"}]},{\"@type\":\"WebSite\",\"@id\":\"https:\\\/\\\/www.protopopiatebn.ro\\\/#website\",\"url\":\"https:\\\/\\\/www.protopopiatebn.ro\\\/\",\"name\":\"PROTOPOPIATELE GRECO-CATOLICE BECLEAN, BISTRI\u021aA \u0218I RODNA\",\"description\":\"\",\"potentialAction\":[{\"@type\":\"SearchAction\",\"target\":{\"@type\":\"EntryPoint\",\"urlTemplate\":\"https:\\\/\\\/www.protopopiatebn.ro\\\/?s={search_term_string}\"},\"query-input\":{\"@type\":\"PropertyValueSpecification\",\"valueRequired\":true,\"valueName\":\"search_term_string\"}}],\"inLanguage\":\"ro-RO\"},{\"@type\":\"Person\",\"@id\":\"https:\\\/\\\/www.protopopiatebn.ro\\\/#\\\/schema\\\/person\\\/197df79e4c7a10df5e789cc6657cf4b6\",\"name\":\"media\",\"image\":{\"@type\":\"ImageObject\",\"inLanguage\":\"ro-RO\",\"@id\":\"https:\\\/\\\/secure.gravatar.com\\\/avatar\\\/04cd0dc906eda4d18642465bdfac0c5e44dc1c0aee2c6e9ddadbbd2294e96fe6?s=96&d=mm&r=g\",\"url\":\"https:\\\/\\\/secure.gravatar.com\\\/avatar\\\/04cd0dc906eda4d18642465bdfac0c5e44dc1c0aee2c6e9ddadbbd2294e96fe6?s=96&d=mm&r=g\",\"contentUrl\":\"https:\\\/\\\/secure.gravatar.com\\\/avatar\\\/04cd0dc906eda4d18642465bdfac0c5e44dc1c0aee2c6e9ddadbbd2294e96fe6?s=96&d=mm&r=g\",\"caption\":\"media\"},\"sameAs\":[\"http:\\\/\\\/www.protopopiatebn.ro\"],\"url\":\"https:\\\/\\\/www.protopopiatebn.ro\\\/index.php\\\/author\\\/protos\\\/\"}]}<\/script>\n<!-- \/ Yoast SEO plugin. -->","yoast_head_json":{"title":"Ziua Mondial\u0103 a Bolnavului celebrat\u0103 \u00een protopopiatele Bistri\u021ba, Rodna \u0219i Beclean - PROTOPOPIATELE GRECO-CATOLICE BECLEAN, BISTRI\u021aA \u0218I RODNA","robots":{"index":"index","follow":"follow","max-snippet":"max-snippet:-1","max-image-preview":"max-image-preview:large","max-video-preview":"max-video-preview:-1"},"canonical":"https:\/\/www.protopopiatebn.ro\/index.php\/2023\/02\/13\/ziua-mondiala-a-bolnavului-celebrata-in-protopopiatele-bistrita-rodna-si-beclean\/","og_locale":"ro_RO","og_type":"article","og_title":"Ziua Mondial\u0103 a Bolnavului celebrat\u0103 \u00een protopopiatele Bistri\u021ba, Rodna \u0219i Beclean - PROTOPOPIATELE GRECO-CATOLICE BECLEAN, BISTRI\u021aA \u0218I RODNA","og_description":"Ziua Mondial\u0103 a Bolnavului, celebrat\u0103 \u00een \u00eentreaga Biseric\u0103 Catolic\u0103 la 11 februarie 2023, a prilejuit \u0219i \u00een acest an, \u00een \u00eentreaga lume, organizarea unor manifest\u0103ri spirituale \u015fi caritabile, at\u00e2t \u00een colectivit\u0103\u0163i, spitale, c\u0103mine de b\u0103tr\u00e2ni, c\u00e2t \u015fi la domiciliul suferinzilor: bolnavi, persoane cu handicap, orfani \u0219i s\u0103raci. La nivelul Eparhiei de Cluj-Gherla, Sf\u00e2nta Liturghie arhiereasc\u0103 ... [Read more...]","og_url":"https:\/\/www.protopopiatebn.ro\/index.php\/2023\/02\/13\/ziua-mondiala-a-bolnavului-celebrata-in-protopopiatele-bistrita-rodna-si-beclean\/","og_site_name":"PROTOPOPIATELE GRECO-CATOLICE BECLEAN, BISTRI\u021aA \u0218I RODNA","article_published_time":"2023-02-13T20:25:58+00:00","article_modified_time":"2023-02-13T21:47:17+00:00","og_image":[{"url":"https:\/\/protopopiatebn.ro\/wp-content\/uploads\/2023\/02\/WhatsApp-Image-2023-02-13-at-19.07.45-1024x768.jpeg","type":"","width":"","height":""}],"author":"media","twitter_card":"summary_large_image","twitter_misc":{"Scris de":"media","Timp estimat pentru citire":"2 minute"},"schema":{"@context":"https:\/\/schema.org","@graph":[{"@type":"Article","@id":"https:\/\/www.protopopiatebn.ro\/index.php\/2023\/02\/13\/ziua-mondiala-a-bolnavului-celebrata-in-protopopiatele-bistrita-rodna-si-beclean\/#article","isPartOf":{"@id":"https:\/\/www.protopopiatebn.ro\/index.php\/2023\/02\/13\/ziua-mondiala-a-bolnavului-celebrata-in-protopopiatele-bistrita-rodna-si-beclean\/"},"author":{"name":"media","@id":"https:\/\/www.protopopiatebn.ro\/#\/schema\/person\/197df79e4c7a10df5e789cc6657cf4b6"},"headline":"Ziua Mondial\u0103 a Bolnavului celebrat\u0103 \u00een protopopiatele Bistri\u021ba, Rodna \u0219i Beclean","datePublished":"2023-02-13T20:25:58+00:00","dateModified":"2023-02-13T21:47:17+00:00","mainEntityOfPage":{"@id":"https:\/\/www.protopopiatebn.ro\/index.php\/2023\/02\/13\/ziua-mondiala-a-bolnavului-celebrata-in-protopopiatele-bistrita-rodna-si-beclean\/"},"wordCount":437,"commentCount":0,"image":{"@id":"https:\/\/www.protopopiatebn.ro\/index.php\/2023\/02\/13\/ziua-mondiala-a-bolnavului-celebrata-in-protopopiatele-bistrita-rodna-si-beclean\/#primaryimage"},"thumbnailUrl":"https:\/\/protopopiatebn.ro\/wp-content\/uploads\/2023\/02\/WhatsApp-Image-2023-02-13-at-19.07.45-1024x768.jpeg","articleSection":["Uncategorized"],"inLanguage":"ro-RO","potentialAction":[{"@type":"CommentAction","name":"Comment","target":["https:\/\/www.protopopiatebn.ro\/index.php\/2023\/02\/13\/ziua-mondiala-a-bolnavului-celebrata-in-protopopiatele-bistrita-rodna-si-beclean\/#respond"]}]},{"@type":"WebPage","@id":"https:\/\/www.protopopiatebn.ro\/index.php\/2023\/02\/13\/ziua-mondiala-a-bolnavului-celebrata-in-protopopiatele-bistrita-rodna-si-beclean\/","url":"https:\/\/www.protopopiatebn.ro\/index.php\/2023\/02\/13\/ziua-mondiala-a-bolnavului-celebrata-in-protopopiatele-bistrita-rodna-si-beclean\/","name":"Ziua Mondial\u0103 a Bolnavului celebrat\u0103 \u00een protopopiatele Bistri\u021ba, Rodna \u0219i Beclean - PROTOPOPIATELE GRECO-CATOLICE BECLEAN, BISTRI\u021aA \u0218I RODNA","isPartOf":{"@id":"https:\/\/www.protopopiatebn.ro\/#website"},"primaryImageOfPage":{"@id":"https:\/\/www.protopopiatebn.ro\/index.php\/2023\/02\/13\/ziua-mondiala-a-bolnavului-celebrata-in-protopopiatele-bistrita-rodna-si-beclean\/#primaryimage"},"image":{"@id":"https:\/\/www.protopopiatebn.ro\/index.php\/2023\/02\/13\/ziua-mondiala-a-bolnavului-celebrata-in-protopopiatele-bistrita-rodna-si-beclean\/#primaryimage"},"thumbnailUrl":"https:\/\/protopopiatebn.ro\/wp-content\/uploads\/2023\/02\/WhatsApp-Image-2023-02-13-at-19.07.45-1024x768.jpeg","datePublished":"2023-02-13T20:25:58+00:00","dateModified":"2023-02-13T21:47:17+00:00","author":{"@id":"https:\/\/www.protopopiatebn.ro\/#\/schema\/person\/197df79e4c7a10df5e789cc6657cf4b6"},"breadcrumb":{"@id":"https:\/\/www.protopopiatebn.ro\/index.php\/2023\/02\/13\/ziua-mondiala-a-bolnavului-celebrata-in-protopopiatele-bistrita-rodna-si-beclean\/#breadcrumb"},"inLanguage":"ro-RO","potentialAction":[{"@type":"ReadAction","target":["https:\/\/www.protopopiatebn.ro\/index.php\/2023\/02\/13\/ziua-mondiala-a-bolnavului-celebrata-in-protopopiatele-bistrita-rodna-si-beclean\/"]}]},{"@type":"ImageObject","inLanguage":"ro-RO","@id":"https:\/\/www.protopopiatebn.ro\/index.php\/2023\/02\/13\/ziua-mondiala-a-bolnavului-celebrata-in-protopopiatele-bistrita-rodna-si-beclean\/#primaryimage","url":"https:\/\/protopopiatebn.ro\/wp-content\/uploads\/2023\/02\/WhatsApp-Image-2023-02-13-at-19.07.45-1024x768.jpeg","contentUrl":"https:\/\/protopopiatebn.ro\/wp-content\/uploads\/2023\/02\/WhatsApp-Image-2023-02-13-at-19.07.45-1024x768.jpeg"},{"@type":"BreadcrumbList","@id":"https:\/\/www.protopopiatebn.ro\/index.php\/2023\/02\/13\/ziua-mondiala-a-bolnavului-celebrata-in-protopopiatele-bistrita-rodna-si-beclean\/#breadcrumb","itemListElement":[{"@type":"ListItem","position":1,"name":"Home","item":"https:\/\/www.protopopiatebn.ro\/"},{"@type":"ListItem","position":2,"name":"Ziua Mondial\u0103 a Bolnavului celebrat\u0103 \u00een protopopiatele Bistri\u021ba, Rodna \u0219i Beclean"}]},{"@type":"WebSite","@id":"https:\/\/www.protopopiatebn.ro\/#website","url":"https:\/\/www.protopopiatebn.ro\/","name":"PROTOPOPIATELE GRECO-CATOLICE BECLEAN, BISTRI\u021aA \u0218I RODNA","description":"","potentialAction":[{"@type":"SearchAction","target":{"@type":"EntryPoint","urlTemplate":"https:\/\/www.protopopiatebn.ro\/?s={search_term_string}"},"query-input":{"@type":"PropertyValueSpecification","valueRequired":true,"valueName":"search_term_string"}}],"inLanguage":"ro-RO"},{"@type":"Person","@id":"https:\/\/www.protopopiatebn.ro\/#\/schema\/person\/197df79e4c7a10df5e789cc6657cf4b6","name":"media","image":{"@type":"ImageObject","inLanguage":"ro-RO","@id":"https:\/\/secure.gravatar.com\/avatar\/04cd0dc906eda4d18642465bdfac0c5e44dc1c0aee2c6e9ddadbbd2294e96fe6?s=96&d=mm&r=g","url":"https:\/\/secure.gravatar.com\/avatar\/04cd0dc906eda4d18642465bdfac0c5e44dc1c0aee2c6e9ddadbbd2294e96fe6?s=96&d=mm&r=g","contentUrl":"https:\/\/secure.gravatar.com\/avatar\/04cd0dc906eda4d18642465bdfac0c5e44dc1c0aee2c6e9ddadbbd2294e96fe6?s=96&d=mm&r=g","caption":"media"},"sameAs":["http:\/\/www.protopopiatebn.ro"],"url":"https:\/\/www.protopopiatebn.ro\/index.php\/author\/protos\/"}]}},"_links":{"self":[{"href":"https:\/\/www.protopopiatebn.ro\/index.php\/wp-json\/wp\/v2\/posts\/131","targetHints":{"allow":["GET"]}}],"collection":[{"href":"https:\/\/www.protopopiatebn.ro\/index.php\/wp-json\/wp\/v2\/posts"}],"about":[{"href":"https:\/\/www.protopopiatebn.ro\/index.php\/wp-json\/wp\/v2\/types\/post"}],"author":[{"embeddable":true,"href":"https:\/\/www.protopopiatebn.ro\/index.php\/wp-json\/wp\/v2\/users\/3"}],"replies":[{"embeddable":true,"href":"https:\/\/www.protopopiatebn.ro\/index.php\/wp-json\/wp\/v2\/comments?post=131"}],"version-history":[{"count":3,"href":"https:\/\/www.protopopiatebn.ro\/index.php\/wp-json\/wp\/v2\/posts\/131\/revisions"}],"predecessor-version":[{"id":135,"href":"https:\/\/www.protopopiatebn.ro\/index.php\/wp-json\/wp\/v2\/posts\/131\/revisions\/135"}],"wp:attachment":[{"href":"https:\/\/www.protopopiatebn.ro\/index.php\/wp-json\/wp\/v2\/media?parent=131"}],"wp:term":[{"taxonomy":"category","embeddable":true,"href":"https:\/\/www.protopopiatebn.ro\/index.php\/wp-json\/wp\/v2\/categories?post=131"},{"taxonomy":"post_tag","embeddable":true,"href":"https:\/\/www.protopopiatebn.ro\/index.php\/wp-json\/wp\/v2\/tags?post=131"}],"curies":[{"name":"wp","href":"https:\/\/api.w.org\/{rel}","templated":true}]}}