{"id":1250,"date":"2025-03-29T22:34:43","date_gmt":"2025-03-29T20:34:43","guid":{"rendered":"https:\/\/www.protopopiatebn.ro\/?p=1250"},"modified":"2025-03-29T22:52:17","modified_gmt":"2025-03-29T20:52:17","slug":"vizita-pastorala-a-ps-claudiu-in-parohia-greco-catolica-salva-30-martie-2025","status":"publish","type":"post","link":"https:\/\/www.protopopiatebn.ro\/index.php\/2025\/03\/29\/vizita-pastorala-a-ps-claudiu-in-parohia-greco-catolica-salva-30-martie-2025\/","title":{"rendered":"Vizita Pastoral\u0103 a PS Claudiu \u00een Parohia Greco-Catolic\u0103 Salva, 30 martie 2025"},"content":{"rendered":"<p style=\"text-align: center;\"><iframe loading=\"lazy\" title=\"YouTube video player\" src=\"https:\/\/www.youtube.com\/embed\/jaEtq0zQ8dE?si=SV_GZKwbj_9mpw0o\" width=\"560\" height=\"315\" frameborder=\"0\" allowfullscreen=\"allowfullscreen\"><\/iframe><\/p>\n<p>Duminic\u0103, 30 martie 2025 &#8211; DUMINICA a IV-a din Post (Sf. Ioan Sc\u0103rarul) &#8211; Preasfin\u021bia Sa Claudiu, Episcopul de Cluj-Gherla va vizita Parohia \u201eSf\u00e2ntul Vasile cel Mare\u201d din Salva, Protopopiatul Rodna, la invita\u021bia p\u0103storului acestei parohii, pr. Gherasim-Leontin Cioncan.<\/p>\n<p>Programul vizitei:<\/p>\n<p>Ora 9.45 &#8211; \u00cent\u00e2mpinarea Preasfin\u021biei Sale Claudiu<\/p>\n<p>Ora 10.00 &#8211; Slujba de sfin\u021bire a mesei altarului \u0219i a iconostasului<\/p>\n<p>Ora 10.30 &#8211; Sf\u00e2nta Liturghie Arhiereasc\u0103<\/p>\n<p>Loca\u021bie &#8211; Salva, Biserica greco-catolic\u0103 \u00a0(str. T\u0103nase Tudoran, nr. 123A):<br \/>\n<iframe loading=\"lazy\" style=\"border: 0;\" src=\"https:\/\/www.google.com\/maps\/embed?pb=!1m18!1m12!1m3!1d3217.3449741409063!2d24.35754119292358!3d47.30547144309703!2m3!1f0!2f0!3f0!3m2!1i1024!2i768!4f13.1!3m3!1m2!1s0x4749e394e4f0b867%3A0x8cf7b23084a7ac82!2sBiserica%20Greco-Catolic%C4%83%20Salva!5e0!3m2!1sro!2sro!4v1743281176794!5m2!1sro!2sro\" width=\"600\" height=\"450\" allowfullscreen=\"allowfullscreen\"><\/iframe>\u2022<\/p>\n<p><strong>Parohia Greco-Catolic\u0103 Salva &#8211; scurt istoric<\/strong><br \/>\n\u0218ematismul Eparhiei de Cluj-Gherla din 1947, men\u021bioneaz\u0103 Parohia Salva ca \u201eparohie veche (exista \u00een 1440), trecut\u0103 la Unirea cu Roma \u00een 1700. La 1733 avea 172 de familii cu dou\u0103 biserici \u0219i 6 preo\u021bi uni\u021bi iar al \u0219aptelea neunit\u201d. \u00cen 1947 (la data edit\u0103rii \u0218ematismului), se afla aici o \u201ebiseric\u0103 de zid edificat\u0103 \u00een 1900-1901, \u00een stare bun\u0103. Poart\u0103 hramul intr\u0103rii \u00een Biseric\u0103 a Preacuratei Fecioare Maria\u201d.<\/p>\n<p>Vizite ale Episcopilor eparhiali la Salva (men\u021bionate \u00een \u0218ematism): e amintit\u0103 o vizit\u0103 canonic\u0103 la 21 octombrie 1867, dat\u0103 la care Eparhia de Gherla se afla \u00een grija Episcopului Ioan Vancea de Buteasa; o alt\u0103 vizit\u0103 a fost \u00een 27 iunie 1913, c\u00e2nd Eparhia de Gherla era p\u0103storit\u0103 de Episcopul Vasile Hossu; urm\u0103toarele dou\u0103 vizite au avut loc la 14 septembrie 1921 \u0219i 8 iulie 1938, date la care a poposit la Salva Episcopul Iuliu Hossu, acum Fericit martir.<\/p>\n<p>\u00cen 1947, conform aceluia\u0219i \u0218ematism, la Salva existau peste 2500 de credincio\u0219i greco-catolici. Activau \u00een aceast\u0103 parohie asocia\u021biile AGRU \u0219i Reuniunea Marian\u0103. Parohia administra \u0219i o \u0219coal\u0103 primar\u0103 confesional\u0103 (edificat\u0103 \u00een 1897).<\/p>\n<p>A urmat, din 1948, desfiin\u021barea Bisericii Greco-Catolice de c\u0103tre Statul comunist \u0219i anii de clandestinitate. Dup\u0103 ie\u0219irea Bisericii la lumin\u0103, la Salva a fost reactivat\u0103 Parohia Greco-Catolic\u0103 \u00een decembrie 1993, celebrarea Sfintelor Liturghii desf\u0103\u0219ur\u00e2ndu-se \u00een diferite case particulare. A \u00eenso\u021bit spiritual comunitatea greco-catolic\u0103 ren\u0103scut\u0103 \u00een anii dificili ai noului \u00eenceput, pr. Teofil Bembea.<\/p>\n<p>Biserica parohial\u0103 nu a putut s\u0103 fie recuperat\u0103, ca urmare, s-a trecut la construirea unei noi biserici, vis frumos, dar nu u\u0219or de \u00eemplinit. La 12 mai 1994 a fost sfin\u021bit\u0103 piatra de temelie de c\u0103tre Ierarhul m\u0103rturisitor al credin\u021bei, \u00cenalt Preasfin\u021bia Sa George Gu\u021biu, atunci Episcop de Cluj-Gherla.<\/p>\n<p>Lucr\u0103rile de construc\u021bie ale sf\u00e2ntului l\u0103ca\u0219 au \u00eenceput \u00een anul 1994, sub \u00eendrumarea preotului Teofil Bembea, pe un teren donat de un credincios, Urs Traian. Credin\u021ba micii comunit\u0103\u021bi \u00eenso\u021bit\u0103 de d\u0103ruire \u0219i efort a dat roade \u0219i, dup\u0103 patru ani, lucr\u0103rile erau finalizate.<\/p>\n<p>La 13 septembrie 1998, biserica a fost sfin\u021bit\u0103 de Preasfin\u021bia Sa Florentin Crih\u0103lmeanu, atunci Episcop auxiliar de Cluj-Gherla.<\/p>\n<p>Din anul 2013, parohia a fost \u00eencredin\u021bat\u0103 p\u0103storirii actualului preot, pr. Gherasim-Leontin Cioncan.<\/p>\n<p>Ultima vizit\u0103 la Salva a Episcopului eparhial a fost \u00een 12 august 2018 (imagini de la vizita pastoral\u0103 a Preasfin\u021biei Sale Florentin: https:\/\/photos.app.goo.gl\/JrpD3pGfT25hz2QG6 ).<\/p>\n<p>Sub \u00eendrumarea pr. Gherasim-Leontin Cioncan &#8211; cu sprijinul unor binef\u0103c\u0103tori din Spania \u0219i a unor credincio\u0219i cre\u0219tini de diferite confesiuni, \u00een biserica parohial\u0103 din localitate s-au realizat, \u00eencep\u00e2nd cu anul 2021, lucr\u0103ri de renovare \u0219i modificare a mesei altarului \u0219i a iconostasului.<\/p>\n<p>La finalizarea acestor lucr\u0103ri, cu ocazia vizitei pastorale din 30 martie 2025, Preasfin\u021bia Sa Caludiu v\u0103 binecuv\u00e2nta masa altarului, \u00een care vor fi depuse moa\u0219te ale Fericitului Episcop Iuliu Hossu, \u00een acest an ce-i este dedicat &#8211; Anul \u201eCardinal Iuliu Hossu\u201d (declarat la nivel na\u021bional).<\/p>\n<p>Preasfin\u021bia Sa Claudiu va aduce o nou\u0103 binecuv\u00e2ntare \u0219i prezen\u021ba spiritual\u0103, prin moa\u0219te, a Arhiereului Iuliu Hossu. Astfel, rug\u0103ciunea de mijlocire la Domnul a Fericitului martir se va rev\u0103rsa \u0219i aici, peste vechiul sat gr\u0103niceresc de pe valea Some\u0219ului, la fel ca peste multe alte parohii care i-au primit sfintele moa\u0219te, \u0219i peste \u00eentreaga Eparhie de Cluj-Gherla c\u0103reia i-a fost bun P\u0103stor, \u0219i acum \u00eei este ceresc ocrotitor.<\/p>\n<p>Celebr\u0103ri liturgice: https:\/\/www.eparhiaclujgherla.ro\/liturgic\/<\/p>\n<p>Lecturile zilei:\u00a0 https:\/\/mobile.catholica.ro\/agc2025\/zile\/lectura0330.html<\/p>\n<p style=\"text-align: right;\">Biroul pentru Comunica\u021bii Sociale al Episcopiei de Cluj-Gherla<\/p>\n<p>&nbsp;<\/p>\n","protected":false},"excerpt":{"rendered":"<p>Duminic\u0103, 30 martie 2025 &#8211; DUMINICA a IV-a din Post (Sf. Ioan Sc\u0103rarul) &#8211; Preasfin\u021bia Sa Claudiu, Episcopul de Cluj-Gherla va vizita Parohia \u201eSf\u00e2ntul Vasile cel Mare\u201d din Salva, Protopopiatul Rodna, la invita\u021bia p\u0103storului acestei parohii, pr. Gherasim-Leontin Cioncan. Programul vizitei: Ora 9.45 &#8211; \u00cent\u00e2mpinarea Preasfin\u021biei Sale Claudiu Ora 10.00 &#8211; Slujba de sfin\u021bire a &#8230; <span class=\"more\"><a class=\"more-link\" href=\"https:\/\/www.protopopiatebn.ro\/index.php\/2025\/03\/29\/vizita-pastorala-a-ps-claudiu-in-parohia-greco-catolica-salva-30-martie-2025\/\">[Read more&#8230;]<\/a><\/span><\/p>\n","protected":false},"author":3,"featured_media":0,"comment_status":"open","ping_status":"open","sticky":false,"template":"","format":"standard","meta":{"footnotes":""},"categories":[1],"tags":[],"class_list":{"0":"entry","1":"post","2":"publish","3":"author-protos","4":"post-1250","6":"format-standard","7":"category-uncategorized"},"yoast_head":"<!-- This site is optimized with the Yoast SEO plugin v27.5 - https:\/\/yoast.com\/product\/yoast-seo-wordpress\/ -->\n<title>Vizita Pastoral\u0103 a PS Claudiu \u00een Parohia Greco-Catolic\u0103 Salva, 30 martie 2025 - PROTOPOPIATELE GRECO-CATOLICE BECLEAN, BISTRI\u021aA \u0218I RODNA<\/title>\n<meta name=\"robots\" content=\"index, follow, max-snippet:-1, max-image-preview:large, max-video-preview:-1\" \/>\n<link rel=\"canonical\" href=\"https:\/\/www.protopopiatebn.ro\/index.php\/2025\/03\/29\/vizita-pastorala-a-ps-claudiu-in-parohia-greco-catolica-salva-30-martie-2025\/\" \/>\n<meta property=\"og:locale\" content=\"ro_RO\" \/>\n<meta property=\"og:type\" content=\"article\" \/>\n<meta property=\"og:title\" content=\"Vizita Pastoral\u0103 a PS Claudiu \u00een Parohia Greco-Catolic\u0103 Salva, 30 martie 2025 - PROTOPOPIATELE GRECO-CATOLICE BECLEAN, BISTRI\u021aA \u0218I RODNA\" \/>\n<meta property=\"og:description\" content=\"Duminic\u0103, 30 martie 2025 &#8211; DUMINICA a IV-a din Post (Sf. Ioan Sc\u0103rarul) &#8211; Preasfin\u021bia Sa Claudiu, Episcopul de Cluj-Gherla va vizita Parohia \u201eSf\u00e2ntul Vasile cel Mare\u201d din Salva, Protopopiatul Rodna, la invita\u021bia p\u0103storului acestei parohii, pr. Gherasim-Leontin Cioncan. Programul vizitei: Ora 9.45 &#8211; \u00cent\u00e2mpinarea Preasfin\u021biei Sale Claudiu Ora 10.00 &#8211; Slujba de sfin\u021bire a ... [Read more...]\" \/>\n<meta property=\"og:url\" content=\"https:\/\/www.protopopiatebn.ro\/index.php\/2025\/03\/29\/vizita-pastorala-a-ps-claudiu-in-parohia-greco-catolica-salva-30-martie-2025\/\" \/>\n<meta property=\"og:site_name\" content=\"PROTOPOPIATELE GRECO-CATOLICE BECLEAN, BISTRI\u021aA \u0218I RODNA\" \/>\n<meta property=\"article:published_time\" content=\"2025-03-29T20:34:43+00:00\" \/>\n<meta property=\"article:modified_time\" content=\"2025-03-29T20:52:17+00:00\" \/>\n<meta name=\"author\" content=\"media\" \/>\n<meta name=\"twitter:card\" content=\"summary_large_image\" \/>\n<meta name=\"twitter:label1\" content=\"Scris de\" \/>\n\t<meta name=\"twitter:data1\" content=\"media\" \/>\n\t<meta name=\"twitter:label2\" content=\"Timp estimat pentru citire\" \/>\n\t<meta name=\"twitter:data2\" content=\"4 minute\" \/>\n<script type=\"application\/ld+json\" class=\"yoast-schema-graph\">{\"@context\":\"https:\\\/\\\/schema.org\",\"@graph\":[{\"@type\":\"Article\",\"@id\":\"https:\\\/\\\/www.protopopiatebn.ro\\\/index.php\\\/2025\\\/03\\\/29\\\/vizita-pastorala-a-ps-claudiu-in-parohia-greco-catolica-salva-30-martie-2025\\\/#article\",\"isPartOf\":{\"@id\":\"https:\\\/\\\/www.protopopiatebn.ro\\\/index.php\\\/2025\\\/03\\\/29\\\/vizita-pastorala-a-ps-claudiu-in-parohia-greco-catolica-salva-30-martie-2025\\\/\"},\"author\":{\"name\":\"media\",\"@id\":\"https:\\\/\\\/www.protopopiatebn.ro\\\/#\\\/schema\\\/person\\\/197df79e4c7a10df5e789cc6657cf4b6\"},\"headline\":\"Vizita Pastoral\u0103 a PS Claudiu \u00een Parohia Greco-Catolic\u0103 Salva, 30 martie 2025\",\"datePublished\":\"2025-03-29T20:34:43+00:00\",\"dateModified\":\"2025-03-29T20:52:17+00:00\",\"mainEntityOfPage\":{\"@id\":\"https:\\\/\\\/www.protopopiatebn.ro\\\/index.php\\\/2025\\\/03\\\/29\\\/vizita-pastorala-a-ps-claudiu-in-parohia-greco-catolica-salva-30-martie-2025\\\/\"},\"wordCount\":698,\"commentCount\":0,\"articleSection\":[\"Uncategorized\"],\"inLanguage\":\"ro-RO\",\"potentialAction\":[{\"@type\":\"CommentAction\",\"name\":\"Comment\",\"target\":[\"https:\\\/\\\/www.protopopiatebn.ro\\\/index.php\\\/2025\\\/03\\\/29\\\/vizita-pastorala-a-ps-claudiu-in-parohia-greco-catolica-salva-30-martie-2025\\\/#respond\"]}]},{\"@type\":\"WebPage\",\"@id\":\"https:\\\/\\\/www.protopopiatebn.ro\\\/index.php\\\/2025\\\/03\\\/29\\\/vizita-pastorala-a-ps-claudiu-in-parohia-greco-catolica-salva-30-martie-2025\\\/\",\"url\":\"https:\\\/\\\/www.protopopiatebn.ro\\\/index.php\\\/2025\\\/03\\\/29\\\/vizita-pastorala-a-ps-claudiu-in-parohia-greco-catolica-salva-30-martie-2025\\\/\",\"name\":\"Vizita Pastoral\u0103 a PS Claudiu \u00een Parohia Greco-Catolic\u0103 Salva, 30 martie 2025 - PROTOPOPIATELE GRECO-CATOLICE BECLEAN, BISTRI\u021aA \u0218I RODNA\",\"isPartOf\":{\"@id\":\"https:\\\/\\\/www.protopopiatebn.ro\\\/#website\"},\"datePublished\":\"2025-03-29T20:34:43+00:00\",\"dateModified\":\"2025-03-29T20:52:17+00:00\",\"author\":{\"@id\":\"https:\\\/\\\/www.protopopiatebn.ro\\\/#\\\/schema\\\/person\\\/197df79e4c7a10df5e789cc6657cf4b6\"},\"breadcrumb\":{\"@id\":\"https:\\\/\\\/www.protopopiatebn.ro\\\/index.php\\\/2025\\\/03\\\/29\\\/vizita-pastorala-a-ps-claudiu-in-parohia-greco-catolica-salva-30-martie-2025\\\/#breadcrumb\"},\"inLanguage\":\"ro-RO\",\"potentialAction\":[{\"@type\":\"ReadAction\",\"target\":[\"https:\\\/\\\/www.protopopiatebn.ro\\\/index.php\\\/2025\\\/03\\\/29\\\/vizita-pastorala-a-ps-claudiu-in-parohia-greco-catolica-salva-30-martie-2025\\\/\"]}]},{\"@type\":\"BreadcrumbList\",\"@id\":\"https:\\\/\\\/www.protopopiatebn.ro\\\/index.php\\\/2025\\\/03\\\/29\\\/vizita-pastorala-a-ps-claudiu-in-parohia-greco-catolica-salva-30-martie-2025\\\/#breadcrumb\",\"itemListElement\":[{\"@type\":\"ListItem\",\"position\":1,\"name\":\"Home\",\"item\":\"https:\\\/\\\/www.protopopiatebn.ro\\\/\"},{\"@type\":\"ListItem\",\"position\":2,\"name\":\"Vizita Pastoral\u0103 a PS Claudiu \u00een Parohia Greco-Catolic\u0103 Salva, 30 martie 2025\"}]},{\"@type\":\"WebSite\",\"@id\":\"https:\\\/\\\/www.protopopiatebn.ro\\\/#website\",\"url\":\"https:\\\/\\\/www.protopopiatebn.ro\\\/\",\"name\":\"PROTOPOPIATELE GRECO-CATOLICE BECLEAN, BISTRI\u021aA \u0218I RODNA\",\"description\":\"\",\"potentialAction\":[{\"@type\":\"SearchAction\",\"target\":{\"@type\":\"EntryPoint\",\"urlTemplate\":\"https:\\\/\\\/www.protopopiatebn.ro\\\/?s={search_term_string}\"},\"query-input\":{\"@type\":\"PropertyValueSpecification\",\"valueRequired\":true,\"valueName\":\"search_term_string\"}}],\"inLanguage\":\"ro-RO\"},{\"@type\":\"Person\",\"@id\":\"https:\\\/\\\/www.protopopiatebn.ro\\\/#\\\/schema\\\/person\\\/197df79e4c7a10df5e789cc6657cf4b6\",\"name\":\"media\",\"image\":{\"@type\":\"ImageObject\",\"inLanguage\":\"ro-RO\",\"@id\":\"https:\\\/\\\/secure.gravatar.com\\\/avatar\\\/04cd0dc906eda4d18642465bdfac0c5e44dc1c0aee2c6e9ddadbbd2294e96fe6?s=96&d=mm&r=g\",\"url\":\"https:\\\/\\\/secure.gravatar.com\\\/avatar\\\/04cd0dc906eda4d18642465bdfac0c5e44dc1c0aee2c6e9ddadbbd2294e96fe6?s=96&d=mm&r=g\",\"contentUrl\":\"https:\\\/\\\/secure.gravatar.com\\\/avatar\\\/04cd0dc906eda4d18642465bdfac0c5e44dc1c0aee2c6e9ddadbbd2294e96fe6?s=96&d=mm&r=g\",\"caption\":\"media\"},\"sameAs\":[\"http:\\\/\\\/www.protopopiatebn.ro\"],\"url\":\"https:\\\/\\\/www.protopopiatebn.ro\\\/index.php\\\/author\\\/protos\\\/\"}]}<\/script>\n<!-- \/ Yoast SEO plugin. -->","yoast_head_json":{"title":"Vizita Pastoral\u0103 a PS Claudiu \u00een Parohia Greco-Catolic\u0103 Salva, 30 martie 2025 - PROTOPOPIATELE GRECO-CATOLICE BECLEAN, BISTRI\u021aA \u0218I RODNA","robots":{"index":"index","follow":"follow","max-snippet":"max-snippet:-1","max-image-preview":"max-image-preview:large","max-video-preview":"max-video-preview:-1"},"canonical":"https:\/\/www.protopopiatebn.ro\/index.php\/2025\/03\/29\/vizita-pastorala-a-ps-claudiu-in-parohia-greco-catolica-salva-30-martie-2025\/","og_locale":"ro_RO","og_type":"article","og_title":"Vizita Pastoral\u0103 a PS Claudiu \u00een Parohia Greco-Catolic\u0103 Salva, 30 martie 2025 - PROTOPOPIATELE GRECO-CATOLICE BECLEAN, BISTRI\u021aA \u0218I RODNA","og_description":"Duminic\u0103, 30 martie 2025 &#8211; DUMINICA a IV-a din Post (Sf. Ioan Sc\u0103rarul) &#8211; Preasfin\u021bia Sa Claudiu, Episcopul de Cluj-Gherla va vizita Parohia \u201eSf\u00e2ntul Vasile cel Mare\u201d din Salva, Protopopiatul Rodna, la invita\u021bia p\u0103storului acestei parohii, pr. Gherasim-Leontin Cioncan. Programul vizitei: Ora 9.45 &#8211; \u00cent\u00e2mpinarea Preasfin\u021biei Sale Claudiu Ora 10.00 &#8211; Slujba de sfin\u021bire a ... [Read more...]","og_url":"https:\/\/www.protopopiatebn.ro\/index.php\/2025\/03\/29\/vizita-pastorala-a-ps-claudiu-in-parohia-greco-catolica-salva-30-martie-2025\/","og_site_name":"PROTOPOPIATELE GRECO-CATOLICE BECLEAN, BISTRI\u021aA \u0218I RODNA","article_published_time":"2025-03-29T20:34:43+00:00","article_modified_time":"2025-03-29T20:52:17+00:00","author":"media","twitter_card":"summary_large_image","twitter_misc":{"Scris de":"media","Timp estimat pentru citire":"4 minute"},"schema":{"@context":"https:\/\/schema.org","@graph":[{"@type":"Article","@id":"https:\/\/www.protopopiatebn.ro\/index.php\/2025\/03\/29\/vizita-pastorala-a-ps-claudiu-in-parohia-greco-catolica-salva-30-martie-2025\/#article","isPartOf":{"@id":"https:\/\/www.protopopiatebn.ro\/index.php\/2025\/03\/29\/vizita-pastorala-a-ps-claudiu-in-parohia-greco-catolica-salva-30-martie-2025\/"},"author":{"name":"media","@id":"https:\/\/www.protopopiatebn.ro\/#\/schema\/person\/197df79e4c7a10df5e789cc6657cf4b6"},"headline":"Vizita Pastoral\u0103 a PS Claudiu \u00een Parohia Greco-Catolic\u0103 Salva, 30 martie 2025","datePublished":"2025-03-29T20:34:43+00:00","dateModified":"2025-03-29T20:52:17+00:00","mainEntityOfPage":{"@id":"https:\/\/www.protopopiatebn.ro\/index.php\/2025\/03\/29\/vizita-pastorala-a-ps-claudiu-in-parohia-greco-catolica-salva-30-martie-2025\/"},"wordCount":698,"commentCount":0,"articleSection":["Uncategorized"],"inLanguage":"ro-RO","potentialAction":[{"@type":"CommentAction","name":"Comment","target":["https:\/\/www.protopopiatebn.ro\/index.php\/2025\/03\/29\/vizita-pastorala-a-ps-claudiu-in-parohia-greco-catolica-salva-30-martie-2025\/#respond"]}]},{"@type":"WebPage","@id":"https:\/\/www.protopopiatebn.ro\/index.php\/2025\/03\/29\/vizita-pastorala-a-ps-claudiu-in-parohia-greco-catolica-salva-30-martie-2025\/","url":"https:\/\/www.protopopiatebn.ro\/index.php\/2025\/03\/29\/vizita-pastorala-a-ps-claudiu-in-parohia-greco-catolica-salva-30-martie-2025\/","name":"Vizita Pastoral\u0103 a PS Claudiu \u00een Parohia Greco-Catolic\u0103 Salva, 30 martie 2025 - PROTOPOPIATELE GRECO-CATOLICE BECLEAN, BISTRI\u021aA \u0218I RODNA","isPartOf":{"@id":"https:\/\/www.protopopiatebn.ro\/#website"},"datePublished":"2025-03-29T20:34:43+00:00","dateModified":"2025-03-29T20:52:17+00:00","author":{"@id":"https:\/\/www.protopopiatebn.ro\/#\/schema\/person\/197df79e4c7a10df5e789cc6657cf4b6"},"breadcrumb":{"@id":"https:\/\/www.protopopiatebn.ro\/index.php\/2025\/03\/29\/vizita-pastorala-a-ps-claudiu-in-parohia-greco-catolica-salva-30-martie-2025\/#breadcrumb"},"inLanguage":"ro-RO","potentialAction":[{"@type":"ReadAction","target":["https:\/\/www.protopopiatebn.ro\/index.php\/2025\/03\/29\/vizita-pastorala-a-ps-claudiu-in-parohia-greco-catolica-salva-30-martie-2025\/"]}]},{"@type":"BreadcrumbList","@id":"https:\/\/www.protopopiatebn.ro\/index.php\/2025\/03\/29\/vizita-pastorala-a-ps-claudiu-in-parohia-greco-catolica-salva-30-martie-2025\/#breadcrumb","itemListElement":[{"@type":"ListItem","position":1,"name":"Home","item":"https:\/\/www.protopopiatebn.ro\/"},{"@type":"ListItem","position":2,"name":"Vizita Pastoral\u0103 a PS Claudiu \u00een Parohia Greco-Catolic\u0103 Salva, 30 martie 2025"}]},{"@type":"WebSite","@id":"https:\/\/www.protopopiatebn.ro\/#website","url":"https:\/\/www.protopopiatebn.ro\/","name":"PROTOPOPIATELE GRECO-CATOLICE BECLEAN, BISTRI\u021aA \u0218I RODNA","description":"","potentialAction":[{"@type":"SearchAction","target":{"@type":"EntryPoint","urlTemplate":"https:\/\/www.protopopiatebn.ro\/?s={search_term_string}"},"query-input":{"@type":"PropertyValueSpecification","valueRequired":true,"valueName":"search_term_string"}}],"inLanguage":"ro-RO"},{"@type":"Person","@id":"https:\/\/www.protopopiatebn.ro\/#\/schema\/person\/197df79e4c7a10df5e789cc6657cf4b6","name":"media","image":{"@type":"ImageObject","inLanguage":"ro-RO","@id":"https:\/\/secure.gravatar.com\/avatar\/04cd0dc906eda4d18642465bdfac0c5e44dc1c0aee2c6e9ddadbbd2294e96fe6?s=96&d=mm&r=g","url":"https:\/\/secure.gravatar.com\/avatar\/04cd0dc906eda4d18642465bdfac0c5e44dc1c0aee2c6e9ddadbbd2294e96fe6?s=96&d=mm&r=g","contentUrl":"https:\/\/secure.gravatar.com\/avatar\/04cd0dc906eda4d18642465bdfac0c5e44dc1c0aee2c6e9ddadbbd2294e96fe6?s=96&d=mm&r=g","caption":"media"},"sameAs":["http:\/\/www.protopopiatebn.ro"],"url":"https:\/\/www.protopopiatebn.ro\/index.php\/author\/protos\/"}]}},"_links":{"self":[{"href":"https:\/\/www.protopopiatebn.ro\/index.php\/wp-json\/wp\/v2\/posts\/1250","targetHints":{"allow":["GET"]}}],"collection":[{"href":"https:\/\/www.protopopiatebn.ro\/index.php\/wp-json\/wp\/v2\/posts"}],"about":[{"href":"https:\/\/www.protopopiatebn.ro\/index.php\/wp-json\/wp\/v2\/types\/post"}],"author":[{"embeddable":true,"href":"https:\/\/www.protopopiatebn.ro\/index.php\/wp-json\/wp\/v2\/users\/3"}],"replies":[{"embeddable":true,"href":"https:\/\/www.protopopiatebn.ro\/index.php\/wp-json\/wp\/v2\/comments?post=1250"}],"version-history":[{"count":13,"href":"https:\/\/www.protopopiatebn.ro\/index.php\/wp-json\/wp\/v2\/posts\/1250\/revisions"}],"predecessor-version":[{"id":1263,"href":"https:\/\/www.protopopiatebn.ro\/index.php\/wp-json\/wp\/v2\/posts\/1250\/revisions\/1263"}],"wp:attachment":[{"href":"https:\/\/www.protopopiatebn.ro\/index.php\/wp-json\/wp\/v2\/media?parent=1250"}],"wp:term":[{"taxonomy":"category","embeddable":true,"href":"https:\/\/www.protopopiatebn.ro\/index.php\/wp-json\/wp\/v2\/categories?post=1250"},{"taxonomy":"post_tag","embeddable":true,"href":"https:\/\/www.protopopiatebn.ro\/index.php\/wp-json\/wp\/v2\/tags?post=1250"}],"curies":[{"name":"wp","href":"https:\/\/api.w.org\/{rel}","templated":true}]}}