{"id":1245,"date":"2025-03-24T08:20:35","date_gmt":"2025-03-24T06:20:35","guid":{"rendered":"https:\/\/www.protopopiatebn.ro\/?p=1245"},"modified":"2025-03-29T08:22:37","modified_gmt":"2025-03-29T06:22:37","slug":"hramul-parohiei-buna-vestire-bistrita-23-martie-2025","status":"publish","type":"post","link":"https:\/\/www.protopopiatebn.ro\/index.php\/2025\/03\/24\/hramul-parohiei-buna-vestire-bistrita-23-martie-2025\/","title":{"rendered":"Hramul Parohiei \u201eBuna-Vestire\u201d Bistri\u021ba I, 23 martie 2025"},"content":{"rendered":"<p><img loading=\"lazy\" decoding=\"async\" class=\"size-1536x1536 wp-image-1246 aligncenter\" src=\"https:\/\/www.protopopiatebn.ro\/wp-content\/uploads\/2025\/03\/IMG_1798-1536x1153.jpg\" alt=\"\" width=\"700\" height=\"525\" srcset=\"https:\/\/www.protopopiatebn.ro\/wp-content\/uploads\/2025\/03\/IMG_1798-1536x1153.jpg 1536w, https:\/\/www.protopopiatebn.ro\/wp-content\/uploads\/2025\/03\/IMG_1798-300x225.jpg 300w, https:\/\/www.protopopiatebn.ro\/wp-content\/uploads\/2025\/03\/IMG_1798-1024x769.jpg 1024w, https:\/\/www.protopopiatebn.ro\/wp-content\/uploads\/2025\/03\/IMG_1798-768x577.jpg 768w, https:\/\/www.protopopiatebn.ro\/wp-content\/uploads\/2025\/03\/IMG_1798-2048x1538.jpg 2048w\" sizes=\"auto, (max-width: 700px) 100vw, 700px\" \/><\/p>\n<p>\u00cen a treia duminic\u0103 din postul mare, duminica Sf. Cruci, cea mai apropiat\u0103 de s\u0103rb\u0103toarea Bunei Vestiri, comunitatea din Bistri\u021ba \u0219i-a s\u0103rb\u0103torit hramul cu anticipa\u021bie. Biserica s-a umplut de credincio\u0219i aduna\u021bi pentru a se ruga lui Dumnezeu \u0219i pentru a se bucura \u00eempreun\u0103. P\u0103rintele Vicar general Vasile Tofan\u0103 a fost prezent \u00een mijlocul comunit\u0103\u021bii \u0219i a celebrat Sf\u00e2nta \u0219i Dumnezeiasca Liturghie \u00eempreun\u0103 cu p\u0103rintele protopop Cristian Goia, p\u0103rintele paroh Ioan Vasile Fri\u0219an, p\u0103rintele Narcis Nicolae Pop, p\u0103rintele vicar parohial Teodor Costin, \u0219i p\u0103ritele vicar parohial Ioan Cosmin Moldovan. R\u0103spunsurile la Sf\u00e2nta Liturghie au fost oferite de c\u0103tre corul parohial \u201eSanctus Spiritus\u201d. Prezen\u021bi la s\u0103rb\u0103toare au fost din partea autorit\u0103\u021bilor locale: Dl. Gabriel Lazany, primarul Municipiului Bistri\u021ba, dl. deputat Daniel Suciu \u0219i alte oficialit\u0103\u021bi.<\/p>\n<p>\u00cen predic\u0103, p\u0103rintele Vicar general a subliniat importan\u021ba purt\u0103rii crucii personale cu smerenie, uni\u021bi \u00een credin\u021b\u0103 \u0219i a slujirii Maicii Domnului. P\u0103rintele a amintit c\u0103 fiecare dintre noi are propria cruce de purtat, greut\u0103\u021bi, suferin\u021be \u0219i c\u0103 doar prin credin\u021b\u0103 putem g\u0103si m\u00e2ntuirea. Aceast\u0103 cale a crucii nu e u\u0219oar\u0103, dar e singura care duce la \u00cenviere, la lumina lui Hristos.<\/p>\n<p>\u00cen acela\u0219i timp, ne-a ar\u0103tat c\u00e2t de important\u0103 este slujirea \u0219i cinstirea Fecioarei Maria. La Buna Vestire, c\u00e2nd Arhanghelul Gavril \u00eei aduce vestea c\u0103 va na\u0219te pe Fiul lui Dumnezeu, Maica Domnului \u00ee\u0219i asum\u0103 propria cruce, cu o smerenie des\u0103v\u00e2r\u0219it\u0103, spun\u00e2nd: \u201eIat\u0103 roaba Domnului; fie mie dup\u0103 cuv\u00e2ntul t\u0103u.\u201d Prin aceast\u0103 ascultare \u0219i d\u0103ruire, Maria ofer\u0103 un exemplu de slujire adev\u0103rat\u0103 \u0219i de acceptare a voin\u021bei lui Dumnezeu. Maica Domnului r\u0103m\u00e2ne astfel un sprijin pentru noi to\u021bi, un mijlocitor ne\u00eencetat \u00een fa\u021ba lui Hristos. \u00cen ziua aceasta sf\u00e2nt\u0103 a Bunei Vestiri, \u00een\u021belegem mai bine dec\u00e2t oric\u00e2nd c\u00e2t de important e s\u0103 ne purt\u0103m crucea cu n\u0103dejde \u0219i s\u0103 o chem\u0103m pe Preasf\u00e2nta Fecioar\u0103 \u00een rug\u0103ciunile noastre, ca s\u0103 ne fie c\u0103l\u0103uz\u0103, ocrotitoare \u0219i mijlocitoare.<\/p>\n<p>La finalul Sfintei Liturghii, p\u0103rintele protopop a subliniat importan\u021ba anului dedicat Cardinalului Iuliu Hossu \u0219i a prezentat Expozitia Omagial\u0103 \u201dIuliu Hossu, p\u0103stor al rom\u00e2nilor \u0219i m\u0103rturisitor al credin\u021bei\u201d, edi\u021bie \u00eengrijit\u0103 de Asocia\u021bia preo\u021beasc\u0103 \u201dSf. Iosif\u201d, care a fost amplasat\u0103 \u00een holul bisericii pentru a putea fi vizionat\u0103 de credincio\u0219ii din parohie. De asemenea, a anun\u021bat un important eveniment care se va desf\u0103\u0219ura la Bistri\u021ba, \u00een 27 martie 2025, la Centrul Cultural Dacia, simpozionul \u201eCredin\u021ba noastr\u0103 este via\u021ba noastr\u0103\u201d dedicat \u201dCardinalului Iuliu Hossu\u201d.<\/p>\n<p>La final Pr. Ioan Fri\u0219an, parohul comunit\u0103\u021bii \u201eBuna-Vestire\u201d a adresat mul\u021bumiri Pr. Vicar general Vasile Tofan\u0103, p\u0103rin\u021bilor concelebran\u021bi, corului, membrilor Reuniunii Mariane, autorit\u0103\u021bilor, comunit\u0103\u021bii parohiale precum \u0219i tuturor credincio\u0219ilor prezen\u021bi la aceast\u0103 s\u0103rb\u0103toare. A fost o zi de har sub ocrotirea Maicii Domnului.<\/p>\n<p style=\"text-align: right;\">a consemnat Mihnea Mure\u0219an<\/p>\n<h3><a href=\"https:\/\/photos.app.goo.gl\/4FvKVdKCGdXzT3hJ9\">ALBUM FOTO EVENIMENT<\/a><\/h3>\n<p>&nbsp;<\/p>\n","protected":false},"excerpt":{"rendered":"<p>\u00cen a treia duminic\u0103 din postul mare, duminica Sf. Cruci, cea mai apropiat\u0103 de s\u0103rb\u0103toarea Bunei Vestiri, comunitatea din Bistri\u021ba \u0219i-a s\u0103rb\u0103torit hramul cu anticipa\u021bie. Biserica s-a umplut de credincio\u0219i aduna\u021bi pentru a se ruga lui Dumnezeu \u0219i pentru a se bucura \u00eempreun\u0103. P\u0103rintele Vicar general Vasile Tofan\u0103 a fost prezent \u00een mijlocul comunit\u0103\u021bii \u0219i &#8230; <span class=\"more\"><a class=\"more-link\" href=\"https:\/\/www.protopopiatebn.ro\/index.php\/2025\/03\/24\/hramul-parohiei-buna-vestire-bistrita-23-martie-2025\/\">[Read more&#8230;]<\/a><\/span><\/p>\n","protected":false},"author":3,"featured_media":0,"comment_status":"open","ping_status":"open","sticky":false,"template":"","format":"standard","meta":{"footnotes":""},"categories":[1],"tags":[],"class_list":{"0":"entry","1":"post","2":"publish","3":"author-protos","4":"post-1245","6":"format-standard","7":"category-uncategorized"},"yoast_head":"<!-- This site is optimized with the Yoast SEO plugin v27.5 - https:\/\/yoast.com\/product\/yoast-seo-wordpress\/ -->\n<title>Hramul Parohiei \u201eBuna-Vestire\u201d Bistri\u021ba I, 23 martie 2025 - PROTOPOPIATELE GRECO-CATOLICE BECLEAN, BISTRI\u021aA \u0218I RODNA<\/title>\n<meta name=\"robots\" content=\"index, follow, max-snippet:-1, max-image-preview:large, max-video-preview:-1\" \/>\n<link rel=\"canonical\" href=\"https:\/\/www.protopopiatebn.ro\/index.php\/2025\/03\/24\/hramul-parohiei-buna-vestire-bistrita-23-martie-2025\/\" \/>\n<meta property=\"og:locale\" content=\"ro_RO\" \/>\n<meta property=\"og:type\" content=\"article\" \/>\n<meta property=\"og:title\" content=\"Hramul Parohiei \u201eBuna-Vestire\u201d Bistri\u021ba I, 23 martie 2025 - PROTOPOPIATELE GRECO-CATOLICE BECLEAN, BISTRI\u021aA \u0218I RODNA\" \/>\n<meta property=\"og:description\" content=\"\u00cen a treia duminic\u0103 din postul mare, duminica Sf. Cruci, cea mai apropiat\u0103 de s\u0103rb\u0103toarea Bunei Vestiri, comunitatea din Bistri\u021ba \u0219i-a s\u0103rb\u0103torit hramul cu anticipa\u021bie. Biserica s-a umplut de credincio\u0219i aduna\u021bi pentru a se ruga lui Dumnezeu \u0219i pentru a se bucura \u00eempreun\u0103. P\u0103rintele Vicar general Vasile Tofan\u0103 a fost prezent \u00een mijlocul comunit\u0103\u021bii \u0219i ... [Read more...]\" \/>\n<meta property=\"og:url\" content=\"https:\/\/www.protopopiatebn.ro\/index.php\/2025\/03\/24\/hramul-parohiei-buna-vestire-bistrita-23-martie-2025\/\" \/>\n<meta property=\"og:site_name\" content=\"PROTOPOPIATELE GRECO-CATOLICE BECLEAN, BISTRI\u021aA \u0218I RODNA\" \/>\n<meta property=\"article:published_time\" content=\"2025-03-24T06:20:35+00:00\" \/>\n<meta property=\"article:modified_time\" content=\"2025-03-29T06:22:37+00:00\" \/>\n<meta property=\"og:image\" content=\"https:\/\/www.protopopiatebn.ro\/wp-content\/uploads\/2025\/03\/IMG_1798-scaled.jpg\" \/>\n\t<meta property=\"og:image:width\" content=\"2560\" \/>\n\t<meta property=\"og:image:height\" content=\"1922\" \/>\n\t<meta property=\"og:image:type\" content=\"image\/jpeg\" \/>\n<meta name=\"author\" content=\"media\" \/>\n<meta name=\"twitter:card\" content=\"summary_large_image\" \/>\n<meta name=\"twitter:label1\" content=\"Scris de\" \/>\n\t<meta name=\"twitter:data1\" content=\"media\" \/>\n\t<meta name=\"twitter:label2\" content=\"Timp estimat pentru citire\" \/>\n\t<meta name=\"twitter:data2\" content=\"3 minute\" \/>\n<script type=\"application\/ld+json\" class=\"yoast-schema-graph\">{\"@context\":\"https:\\\/\\\/schema.org\",\"@graph\":[{\"@type\":\"Article\",\"@id\":\"https:\\\/\\\/www.protopopiatebn.ro\\\/index.php\\\/2025\\\/03\\\/24\\\/hramul-parohiei-buna-vestire-bistrita-23-martie-2025\\\/#article\",\"isPartOf\":{\"@id\":\"https:\\\/\\\/www.protopopiatebn.ro\\\/index.php\\\/2025\\\/03\\\/24\\\/hramul-parohiei-buna-vestire-bistrita-23-martie-2025\\\/\"},\"author\":{\"name\":\"media\",\"@id\":\"https:\\\/\\\/www.protopopiatebn.ro\\\/#\\\/schema\\\/person\\\/197df79e4c7a10df5e789cc6657cf4b6\"},\"headline\":\"Hramul Parohiei \u201eBuna-Vestire\u201d Bistri\u021ba I, 23 martie 2025\",\"datePublished\":\"2025-03-24T06:20:35+00:00\",\"dateModified\":\"2025-03-29T06:22:37+00:00\",\"mainEntityOfPage\":{\"@id\":\"https:\\\/\\\/www.protopopiatebn.ro\\\/index.php\\\/2025\\\/03\\\/24\\\/hramul-parohiei-buna-vestire-bistrita-23-martie-2025\\\/\"},\"wordCount\":541,\"commentCount\":0,\"image\":{\"@id\":\"https:\\\/\\\/www.protopopiatebn.ro\\\/index.php\\\/2025\\\/03\\\/24\\\/hramul-parohiei-buna-vestire-bistrita-23-martie-2025\\\/#primaryimage\"},\"thumbnailUrl\":\"https:\\\/\\\/www.protopopiatebn.ro\\\/wp-content\\\/uploads\\\/2025\\\/03\\\/IMG_1798-1536x1153.jpg\",\"articleSection\":[\"Uncategorized\"],\"inLanguage\":\"ro-RO\",\"potentialAction\":[{\"@type\":\"CommentAction\",\"name\":\"Comment\",\"target\":[\"https:\\\/\\\/www.protopopiatebn.ro\\\/index.php\\\/2025\\\/03\\\/24\\\/hramul-parohiei-buna-vestire-bistrita-23-martie-2025\\\/#respond\"]}]},{\"@type\":\"WebPage\",\"@id\":\"https:\\\/\\\/www.protopopiatebn.ro\\\/index.php\\\/2025\\\/03\\\/24\\\/hramul-parohiei-buna-vestire-bistrita-23-martie-2025\\\/\",\"url\":\"https:\\\/\\\/www.protopopiatebn.ro\\\/index.php\\\/2025\\\/03\\\/24\\\/hramul-parohiei-buna-vestire-bistrita-23-martie-2025\\\/\",\"name\":\"Hramul Parohiei \u201eBuna-Vestire\u201d Bistri\u021ba I, 23 martie 2025 - PROTOPOPIATELE GRECO-CATOLICE BECLEAN, BISTRI\u021aA \u0218I RODNA\",\"isPartOf\":{\"@id\":\"https:\\\/\\\/www.protopopiatebn.ro\\\/#website\"},\"primaryImageOfPage\":{\"@id\":\"https:\\\/\\\/www.protopopiatebn.ro\\\/index.php\\\/2025\\\/03\\\/24\\\/hramul-parohiei-buna-vestire-bistrita-23-martie-2025\\\/#primaryimage\"},\"image\":{\"@id\":\"https:\\\/\\\/www.protopopiatebn.ro\\\/index.php\\\/2025\\\/03\\\/24\\\/hramul-parohiei-buna-vestire-bistrita-23-martie-2025\\\/#primaryimage\"},\"thumbnailUrl\":\"https:\\\/\\\/www.protopopiatebn.ro\\\/wp-content\\\/uploads\\\/2025\\\/03\\\/IMG_1798-1536x1153.jpg\",\"datePublished\":\"2025-03-24T06:20:35+00:00\",\"dateModified\":\"2025-03-29T06:22:37+00:00\",\"author\":{\"@id\":\"https:\\\/\\\/www.protopopiatebn.ro\\\/#\\\/schema\\\/person\\\/197df79e4c7a10df5e789cc6657cf4b6\"},\"breadcrumb\":{\"@id\":\"https:\\\/\\\/www.protopopiatebn.ro\\\/index.php\\\/2025\\\/03\\\/24\\\/hramul-parohiei-buna-vestire-bistrita-23-martie-2025\\\/#breadcrumb\"},\"inLanguage\":\"ro-RO\",\"potentialAction\":[{\"@type\":\"ReadAction\",\"target\":[\"https:\\\/\\\/www.protopopiatebn.ro\\\/index.php\\\/2025\\\/03\\\/24\\\/hramul-parohiei-buna-vestire-bistrita-23-martie-2025\\\/\"]}]},{\"@type\":\"ImageObject\",\"inLanguage\":\"ro-RO\",\"@id\":\"https:\\\/\\\/www.protopopiatebn.ro\\\/index.php\\\/2025\\\/03\\\/24\\\/hramul-parohiei-buna-vestire-bistrita-23-martie-2025\\\/#primaryimage\",\"url\":\"https:\\\/\\\/www.protopopiatebn.ro\\\/wp-content\\\/uploads\\\/2025\\\/03\\\/IMG_1798-scaled.jpg\",\"contentUrl\":\"https:\\\/\\\/www.protopopiatebn.ro\\\/wp-content\\\/uploads\\\/2025\\\/03\\\/IMG_1798-scaled.jpg\",\"width\":2560,\"height\":1922},{\"@type\":\"BreadcrumbList\",\"@id\":\"https:\\\/\\\/www.protopopiatebn.ro\\\/index.php\\\/2025\\\/03\\\/24\\\/hramul-parohiei-buna-vestire-bistrita-23-martie-2025\\\/#breadcrumb\",\"itemListElement\":[{\"@type\":\"ListItem\",\"position\":1,\"name\":\"Home\",\"item\":\"https:\\\/\\\/www.protopopiatebn.ro\\\/\"},{\"@type\":\"ListItem\",\"position\":2,\"name\":\"Hramul Parohiei \u201eBuna-Vestire\u201d Bistri\u021ba I, 23 martie 2025\"}]},{\"@type\":\"WebSite\",\"@id\":\"https:\\\/\\\/www.protopopiatebn.ro\\\/#website\",\"url\":\"https:\\\/\\\/www.protopopiatebn.ro\\\/\",\"name\":\"PROTOPOPIATELE GRECO-CATOLICE BECLEAN, BISTRI\u021aA \u0218I RODNA\",\"description\":\"\",\"potentialAction\":[{\"@type\":\"SearchAction\",\"target\":{\"@type\":\"EntryPoint\",\"urlTemplate\":\"https:\\\/\\\/www.protopopiatebn.ro\\\/?s={search_term_string}\"},\"query-input\":{\"@type\":\"PropertyValueSpecification\",\"valueRequired\":true,\"valueName\":\"search_term_string\"}}],\"inLanguage\":\"ro-RO\"},{\"@type\":\"Person\",\"@id\":\"https:\\\/\\\/www.protopopiatebn.ro\\\/#\\\/schema\\\/person\\\/197df79e4c7a10df5e789cc6657cf4b6\",\"name\":\"media\",\"image\":{\"@type\":\"ImageObject\",\"inLanguage\":\"ro-RO\",\"@id\":\"https:\\\/\\\/secure.gravatar.com\\\/avatar\\\/04cd0dc906eda4d18642465bdfac0c5e44dc1c0aee2c6e9ddadbbd2294e96fe6?s=96&d=mm&r=g\",\"url\":\"https:\\\/\\\/secure.gravatar.com\\\/avatar\\\/04cd0dc906eda4d18642465bdfac0c5e44dc1c0aee2c6e9ddadbbd2294e96fe6?s=96&d=mm&r=g\",\"contentUrl\":\"https:\\\/\\\/secure.gravatar.com\\\/avatar\\\/04cd0dc906eda4d18642465bdfac0c5e44dc1c0aee2c6e9ddadbbd2294e96fe6?s=96&d=mm&r=g\",\"caption\":\"media\"},\"sameAs\":[\"http:\\\/\\\/www.protopopiatebn.ro\"],\"url\":\"https:\\\/\\\/www.protopopiatebn.ro\\\/index.php\\\/author\\\/protos\\\/\"}]}<\/script>\n<!-- \/ Yoast SEO plugin. -->","yoast_head_json":{"title":"Hramul Parohiei \u201eBuna-Vestire\u201d Bistri\u021ba I, 23 martie 2025 - PROTOPOPIATELE GRECO-CATOLICE BECLEAN, BISTRI\u021aA \u0218I RODNA","robots":{"index":"index","follow":"follow","max-snippet":"max-snippet:-1","max-image-preview":"max-image-preview:large","max-video-preview":"max-video-preview:-1"},"canonical":"https:\/\/www.protopopiatebn.ro\/index.php\/2025\/03\/24\/hramul-parohiei-buna-vestire-bistrita-23-martie-2025\/","og_locale":"ro_RO","og_type":"article","og_title":"Hramul Parohiei \u201eBuna-Vestire\u201d Bistri\u021ba I, 23 martie 2025 - PROTOPOPIATELE GRECO-CATOLICE BECLEAN, BISTRI\u021aA \u0218I RODNA","og_description":"\u00cen a treia duminic\u0103 din postul mare, duminica Sf. Cruci, cea mai apropiat\u0103 de s\u0103rb\u0103toarea Bunei Vestiri, comunitatea din Bistri\u021ba \u0219i-a s\u0103rb\u0103torit hramul cu anticipa\u021bie. Biserica s-a umplut de credincio\u0219i aduna\u021bi pentru a se ruga lui Dumnezeu \u0219i pentru a se bucura \u00eempreun\u0103. P\u0103rintele Vicar general Vasile Tofan\u0103 a fost prezent \u00een mijlocul comunit\u0103\u021bii \u0219i ... [Read more...]","og_url":"https:\/\/www.protopopiatebn.ro\/index.php\/2025\/03\/24\/hramul-parohiei-buna-vestire-bistrita-23-martie-2025\/","og_site_name":"PROTOPOPIATELE GRECO-CATOLICE BECLEAN, BISTRI\u021aA \u0218I RODNA","article_published_time":"2025-03-24T06:20:35+00:00","article_modified_time":"2025-03-29T06:22:37+00:00","og_image":[{"width":2560,"height":1922,"url":"https:\/\/www.protopopiatebn.ro\/wp-content\/uploads\/2025\/03\/IMG_1798-scaled.jpg","type":"image\/jpeg"}],"author":"media","twitter_card":"summary_large_image","twitter_misc":{"Scris de":"media","Timp estimat pentru citire":"3 minute"},"schema":{"@context":"https:\/\/schema.org","@graph":[{"@type":"Article","@id":"https:\/\/www.protopopiatebn.ro\/index.php\/2025\/03\/24\/hramul-parohiei-buna-vestire-bistrita-23-martie-2025\/#article","isPartOf":{"@id":"https:\/\/www.protopopiatebn.ro\/index.php\/2025\/03\/24\/hramul-parohiei-buna-vestire-bistrita-23-martie-2025\/"},"author":{"name":"media","@id":"https:\/\/www.protopopiatebn.ro\/#\/schema\/person\/197df79e4c7a10df5e789cc6657cf4b6"},"headline":"Hramul Parohiei \u201eBuna-Vestire\u201d Bistri\u021ba I, 23 martie 2025","datePublished":"2025-03-24T06:20:35+00:00","dateModified":"2025-03-29T06:22:37+00:00","mainEntityOfPage":{"@id":"https:\/\/www.protopopiatebn.ro\/index.php\/2025\/03\/24\/hramul-parohiei-buna-vestire-bistrita-23-martie-2025\/"},"wordCount":541,"commentCount":0,"image":{"@id":"https:\/\/www.protopopiatebn.ro\/index.php\/2025\/03\/24\/hramul-parohiei-buna-vestire-bistrita-23-martie-2025\/#primaryimage"},"thumbnailUrl":"https:\/\/www.protopopiatebn.ro\/wp-content\/uploads\/2025\/03\/IMG_1798-1536x1153.jpg","articleSection":["Uncategorized"],"inLanguage":"ro-RO","potentialAction":[{"@type":"CommentAction","name":"Comment","target":["https:\/\/www.protopopiatebn.ro\/index.php\/2025\/03\/24\/hramul-parohiei-buna-vestire-bistrita-23-martie-2025\/#respond"]}]},{"@type":"WebPage","@id":"https:\/\/www.protopopiatebn.ro\/index.php\/2025\/03\/24\/hramul-parohiei-buna-vestire-bistrita-23-martie-2025\/","url":"https:\/\/www.protopopiatebn.ro\/index.php\/2025\/03\/24\/hramul-parohiei-buna-vestire-bistrita-23-martie-2025\/","name":"Hramul Parohiei \u201eBuna-Vestire\u201d Bistri\u021ba I, 23 martie 2025 - PROTOPOPIATELE GRECO-CATOLICE BECLEAN, BISTRI\u021aA \u0218I RODNA","isPartOf":{"@id":"https:\/\/www.protopopiatebn.ro\/#website"},"primaryImageOfPage":{"@id":"https:\/\/www.protopopiatebn.ro\/index.php\/2025\/03\/24\/hramul-parohiei-buna-vestire-bistrita-23-martie-2025\/#primaryimage"},"image":{"@id":"https:\/\/www.protopopiatebn.ro\/index.php\/2025\/03\/24\/hramul-parohiei-buna-vestire-bistrita-23-martie-2025\/#primaryimage"},"thumbnailUrl":"https:\/\/www.protopopiatebn.ro\/wp-content\/uploads\/2025\/03\/IMG_1798-1536x1153.jpg","datePublished":"2025-03-24T06:20:35+00:00","dateModified":"2025-03-29T06:22:37+00:00","author":{"@id":"https:\/\/www.protopopiatebn.ro\/#\/schema\/person\/197df79e4c7a10df5e789cc6657cf4b6"},"breadcrumb":{"@id":"https:\/\/www.protopopiatebn.ro\/index.php\/2025\/03\/24\/hramul-parohiei-buna-vestire-bistrita-23-martie-2025\/#breadcrumb"},"inLanguage":"ro-RO","potentialAction":[{"@type":"ReadAction","target":["https:\/\/www.protopopiatebn.ro\/index.php\/2025\/03\/24\/hramul-parohiei-buna-vestire-bistrita-23-martie-2025\/"]}]},{"@type":"ImageObject","inLanguage":"ro-RO","@id":"https:\/\/www.protopopiatebn.ro\/index.php\/2025\/03\/24\/hramul-parohiei-buna-vestire-bistrita-23-martie-2025\/#primaryimage","url":"https:\/\/www.protopopiatebn.ro\/wp-content\/uploads\/2025\/03\/IMG_1798-scaled.jpg","contentUrl":"https:\/\/www.protopopiatebn.ro\/wp-content\/uploads\/2025\/03\/IMG_1798-scaled.jpg","width":2560,"height":1922},{"@type":"BreadcrumbList","@id":"https:\/\/www.protopopiatebn.ro\/index.php\/2025\/03\/24\/hramul-parohiei-buna-vestire-bistrita-23-martie-2025\/#breadcrumb","itemListElement":[{"@type":"ListItem","position":1,"name":"Home","item":"https:\/\/www.protopopiatebn.ro\/"},{"@type":"ListItem","position":2,"name":"Hramul Parohiei \u201eBuna-Vestire\u201d Bistri\u021ba I, 23 martie 2025"}]},{"@type":"WebSite","@id":"https:\/\/www.protopopiatebn.ro\/#website","url":"https:\/\/www.protopopiatebn.ro\/","name":"PROTOPOPIATELE GRECO-CATOLICE BECLEAN, BISTRI\u021aA \u0218I RODNA","description":"","potentialAction":[{"@type":"SearchAction","target":{"@type":"EntryPoint","urlTemplate":"https:\/\/www.protopopiatebn.ro\/?s={search_term_string}"},"query-input":{"@type":"PropertyValueSpecification","valueRequired":true,"valueName":"search_term_string"}}],"inLanguage":"ro-RO"},{"@type":"Person","@id":"https:\/\/www.protopopiatebn.ro\/#\/schema\/person\/197df79e4c7a10df5e789cc6657cf4b6","name":"media","image":{"@type":"ImageObject","inLanguage":"ro-RO","@id":"https:\/\/secure.gravatar.com\/avatar\/04cd0dc906eda4d18642465bdfac0c5e44dc1c0aee2c6e9ddadbbd2294e96fe6?s=96&d=mm&r=g","url":"https:\/\/secure.gravatar.com\/avatar\/04cd0dc906eda4d18642465bdfac0c5e44dc1c0aee2c6e9ddadbbd2294e96fe6?s=96&d=mm&r=g","contentUrl":"https:\/\/secure.gravatar.com\/avatar\/04cd0dc906eda4d18642465bdfac0c5e44dc1c0aee2c6e9ddadbbd2294e96fe6?s=96&d=mm&r=g","caption":"media"},"sameAs":["http:\/\/www.protopopiatebn.ro"],"url":"https:\/\/www.protopopiatebn.ro\/index.php\/author\/protos\/"}]}},"_links":{"self":[{"href":"https:\/\/www.protopopiatebn.ro\/index.php\/wp-json\/wp\/v2\/posts\/1245","targetHints":{"allow":["GET"]}}],"collection":[{"href":"https:\/\/www.protopopiatebn.ro\/index.php\/wp-json\/wp\/v2\/posts"}],"about":[{"href":"https:\/\/www.protopopiatebn.ro\/index.php\/wp-json\/wp\/v2\/types\/post"}],"author":[{"embeddable":true,"href":"https:\/\/www.protopopiatebn.ro\/index.php\/wp-json\/wp\/v2\/users\/3"}],"replies":[{"embeddable":true,"href":"https:\/\/www.protopopiatebn.ro\/index.php\/wp-json\/wp\/v2\/comments?post=1245"}],"version-history":[{"count":3,"href":"https:\/\/www.protopopiatebn.ro\/index.php\/wp-json\/wp\/v2\/posts\/1245\/revisions"}],"predecessor-version":[{"id":1249,"href":"https:\/\/www.protopopiatebn.ro\/index.php\/wp-json\/wp\/v2\/posts\/1245\/revisions\/1249"}],"wp:attachment":[{"href":"https:\/\/www.protopopiatebn.ro\/index.php\/wp-json\/wp\/v2\/media?parent=1245"}],"wp:term":[{"taxonomy":"category","embeddable":true,"href":"https:\/\/www.protopopiatebn.ro\/index.php\/wp-json\/wp\/v2\/categories?post=1245"},{"taxonomy":"post_tag","embeddable":true,"href":"https:\/\/www.protopopiatebn.ro\/index.php\/wp-json\/wp\/v2\/tags?post=1245"}],"curies":[{"name":"wp","href":"https:\/\/api.w.org\/{rel}","templated":true}]}}