{"id":1214,"date":"2025-01-30T15:11:23","date_gmt":"2025-01-30T13:11:23","guid":{"rendered":"https:\/\/www.protopopiatebn.ro\/?p=1214"},"modified":"2025-02-24T20:55:29","modified_gmt":"2025-02-24T18:55:29","slug":"1214","status":"publish","type":"post","link":"https:\/\/www.protopopiatebn.ro\/index.php\/2025\/01\/30\/1214\/","title":{"rendered":"Anul \u201eCardinal Iuliu Hossu\u201d \u00een Eparhia de Cluj-Gherla"},"content":{"rendered":"<p>&nbsp;<\/p>\n<p><img loading=\"lazy\" decoding=\"async\" class=\"alignnone size-medium_large wp-image-1129 aligncenter\" src=\"https:\/\/www.protopopiatebn.ro\/wp-content\/uploads\/2025\/01\/logoanhossu-768x768.jpg\" alt=\"\" width=\"700\" height=\"700\" \/><\/p>\n<p>Deschiderea Anului \u201eCardinal Iuliu Hossu\u201d (declarat la nivel na\u021bional) \u00een Eparhia de Cluj-Gherla<\/p>\n<p>Anul \u201eCardinal Iuliu Hossu\u201d, declarat la nivel na\u021bional, va fi deschis solemn \u00een Eparhia Greco-Catolic\u0103 de Cluj-Gherla \u00een dup\u0103-amiaza de joi, 30 ianuarie 2025, la aniversarea na\u0219terii Fericitului martir greco-catolic (n. 30 \/ 31 ian. 1885), \u00een urm\u0103 cu 140 de ani.<\/p>\n<p>Catedrala \u201eSchimbarea la Fa\u021b\u0103\u201d, Catedral\u0103 a Episcopului Iuliu Hossu \u00een perioada 1930-1948, va g\u0103zdui momentul inaugural, const\u00e2nd \u00een Sf\u00e2nta Liturghie arhiereasc\u0103 celebrat\u0103 de Preasfin\u021bia Sa Claudiu, Episcopul de Cluj-Gherla, cu participarea reprezentantului Sf\u00e2ntului P\u0103rinte, a Excelen\u021bei Sale Giampiero Gloder, Nun\u021biu Apostolic \u00een Rom\u00e2nia \u0219i Republica Moldova \u0219i a altor distin\u0219i oaspe\u021bi \u0219i invita\u021bi.<\/p>\n<p>* * *<\/p>\n<p>\u00cen fa\u021ba bisericii catedrale de pe str. Eroilor \u0219i, la fel, \u00een interiorul sf\u00e2ntului loca\u0219, sunt, cu acest prilej pres\u0103rate \u2013 \u00een cadru expozi\u021bional, prin obiecte, cuvinte \u0219i imagini \u2013 semne ale trecerii prin timp \u0219i istorie, \u0219i prin aceste locuri ce i-au fost scumpe, a marelui Arhiereu rom\u00e2n unit cu Roma, P\u0103stor iubit al turmei lui \u00eencredin\u021bate.<\/p>\n<p>Vor putea fi, de asemenea, venerate moa\u0219tele Fericitului martir, ale celui care, din nespus\u0103 dragoste, \u0219i-a pus via\u021ba pentru Biserica \u0219i Eparhia sa.<\/p>\n<p>Bunul P\u0103stor al Eparhiei de Cluj-Gherla \u0219i Cardinal al Bisericii Catolice, Iuliu Hossu, Fericit martir al Bisericii Greco-Catolice, a spus \u00een ultimele zile ale vie\u021bii p\u0103m\u00e2nte\u0219ti \u0219i roste\u0219te \u0219i acum, de dincolo de timp: \u201eC\u00e2nd ceasul drept\u0103\u021bii va sosi, Biserica Unit\u0103 s\u0103 p\u0103\u0219easc\u0103 \u00een public cu doctrina iert\u0103rii, cu armonia \u0219i pacea \u00eentre oameni. Eu, \u00een numele vostru, voi vorbi \u00een fa\u021ba Sfintei Treimi, \u00een fa\u021ba lui Isus \u0219i \u00een fa\u021ba Mijlocitoarei Doamne. Fi\u021bi tari \u00een credin\u021b\u0103, nutri\u021bi speran\u021ba \u0219i iubi\u021bi-v\u0103 \u00eentre voi \u0219i iubi\u021bi pe to\u021bi oamenii de orice na\u021bionalitate \u0219i de orice confesiune! \u00cembr\u0103\u021bi\u0219ez pe to\u021bi fra\u021bii mei din Dieceza Clujului \u0219i din toat\u0103 Biserica Unit\u0103. \u00cei binecuv\u00e2ntez \u00eempreun\u0103 cu ei pe to\u021bi credincio\u0219ii. S\u0103rut masa de lucru din biroul meu. S\u0103rut Crucifixul. S\u0103rut pietrele de pe trotuarul pe care l-am c\u0103lcat merg\u00e2nd la Sf\u00e2nta Liturghie de la Catedral\u0103.\u201d<\/p>\n<p>Pe acelea\u0219i \u201epietre\u201d \u0219i \u00een aceea\u0219i Catedral\u0103 sunt a\u0219tepta\u021bi acum s\u0103 \u00eei urmeze pa\u0219ii to\u021bi cei ce doresc s\u0103 \u00eel cunoasc\u0103 mai bine, s\u0103 i se al\u0103ture \u00een pelerinajul acestui an ce i-a fost dedicat \u2013 prin legea nr. 290 \/ 24 oct. 2023 \u2013 \u00een \u00eentreaga \u021bar\u0103, s\u0103 \u00eei cunoasc\u0103 idealurile, exemplul \u0219i s\u0103 \u00eei urmeze \u00eendemnul.<\/p>\n<p>Biroul de comunica\u021bii sociale<\/p>\n<p>al Episcopiei Greco-Catolice de Cluj-Gherla<\/p>\n<p>Pr. Daniel Avram<\/p>\n<p><a href=\"https:\/\/www.eparhiaclujgherla.ro\/2024\/12\/31\/scrisoare-pastorala-la-inceputul-anului-cardinal-iuliu-hossu\/\">Scrisoarea Pastoral\u0103 a Preasfin\u021bitului Claudiu cu prilejul Anului Cardinal Iuliu Hossu<\/a><\/p>\n<p><a href=\"https:\/\/www.protopopiatebn.ro\/wp-content\/uploads\/2025\/01\/2025_01_buletin_informativ-3.pdf\">Buletin informativ<\/a><\/p>\n","protected":false},"excerpt":{"rendered":"<p>&nbsp; Deschiderea Anului \u201eCardinal Iuliu Hossu\u201d (declarat la nivel na\u021bional) \u00een Eparhia de Cluj-Gherla Anul \u201eCardinal Iuliu Hossu\u201d, declarat la nivel na\u021bional, va fi deschis solemn \u00een Eparhia Greco-Catolic\u0103 de Cluj-Gherla \u00een dup\u0103-amiaza de joi, 30 ianuarie 2025, la aniversarea na\u0219terii Fericitului martir greco-catolic (n. 30 \/ 31 ian. 1885), \u00een urm\u0103 cu 140 de &#8230; <span class=\"more\"><a class=\"more-link\" href=\"https:\/\/www.protopopiatebn.ro\/index.php\/2025\/01\/30\/1214\/\">[Read more&#8230;]<\/a><\/span><\/p>\n","protected":false},"author":5,"featured_media":0,"comment_status":"open","ping_status":"open","sticky":false,"template":"","format":"standard","meta":{"footnotes":""},"categories":[1],"tags":[],"class_list":{"0":"entry","1":"post","2":"publish","3":"author-cris","4":"post-1214","6":"format-standard","7":"category-uncategorized"},"yoast_head":"<!-- This site is optimized with the Yoast SEO plugin v27.5 - https:\/\/yoast.com\/product\/yoast-seo-wordpress\/ -->\n<title>Anul \u201eCardinal Iuliu Hossu\u201d \u00een Eparhia de Cluj-Gherla - PROTOPOPIATELE GRECO-CATOLICE BECLEAN, BISTRI\u021aA \u0218I RODNA<\/title>\n<meta name=\"robots\" content=\"index, follow, max-snippet:-1, max-image-preview:large, max-video-preview:-1\" \/>\n<link rel=\"canonical\" href=\"https:\/\/www.protopopiatebn.ro\/index.php\/2025\/01\/30\/1214\/\" \/>\n<meta property=\"og:locale\" content=\"ro_RO\" \/>\n<meta property=\"og:type\" content=\"article\" \/>\n<meta property=\"og:title\" content=\"Anul \u201eCardinal Iuliu Hossu\u201d \u00een Eparhia de Cluj-Gherla - PROTOPOPIATELE GRECO-CATOLICE BECLEAN, BISTRI\u021aA \u0218I RODNA\" \/>\n<meta property=\"og:description\" content=\"&nbsp; Deschiderea Anului \u201eCardinal Iuliu Hossu\u201d (declarat la nivel na\u021bional) \u00een Eparhia de Cluj-Gherla Anul \u201eCardinal Iuliu Hossu\u201d, declarat la nivel na\u021bional, va fi deschis solemn \u00een Eparhia Greco-Catolic\u0103 de Cluj-Gherla \u00een dup\u0103-amiaza de joi, 30 ianuarie 2025, la aniversarea na\u0219terii Fericitului martir greco-catolic (n. 30 \/ 31 ian. 1885), \u00een urm\u0103 cu 140 de ... [Read more...]\" \/>\n<meta property=\"og:url\" content=\"https:\/\/www.protopopiatebn.ro\/index.php\/2025\/01\/30\/1214\/\" \/>\n<meta property=\"og:site_name\" content=\"PROTOPOPIATELE GRECO-CATOLICE BECLEAN, BISTRI\u021aA \u0218I RODNA\" \/>\n<meta property=\"article:published_time\" content=\"2025-01-30T13:11:23+00:00\" \/>\n<meta property=\"article:modified_time\" content=\"2025-02-24T18:55:29+00:00\" \/>\n<meta property=\"og:image\" content=\"https:\/\/www.protopopiatebn.ro\/wp-content\/uploads\/2025\/01\/logoanhossu-e1737150653803.jpg\" \/>\n\t<meta property=\"og:image:width\" content=\"250\" \/>\n\t<meta property=\"og:image:height\" content=\"250\" \/>\n\t<meta property=\"og:image:type\" content=\"image\/jpeg\" \/>\n<meta name=\"author\" content=\"media\" \/>\n<meta name=\"twitter:card\" content=\"summary_large_image\" \/>\n<meta name=\"twitter:label1\" content=\"Scris de\" \/>\n\t<meta name=\"twitter:data1\" content=\"media\" \/>\n\t<meta name=\"twitter:label2\" content=\"Timp estimat pentru citire\" \/>\n\t<meta name=\"twitter:data2\" content=\"3 minute\" \/>\n<script type=\"application\/ld+json\" class=\"yoast-schema-graph\">{\"@context\":\"https:\\\/\\\/schema.org\",\"@graph\":[{\"@type\":\"Article\",\"@id\":\"https:\\\/\\\/www.protopopiatebn.ro\\\/index.php\\\/2025\\\/01\\\/30\\\/1214\\\/#article\",\"isPartOf\":{\"@id\":\"https:\\\/\\\/www.protopopiatebn.ro\\\/index.php\\\/2025\\\/01\\\/30\\\/1214\\\/\"},\"author\":{\"name\":\"media\",\"@id\":\"https:\\\/\\\/www.protopopiatebn.ro\\\/#\\\/schema\\\/person\\\/0ae7db3eab56aa840037ed9d33d107b2\"},\"headline\":\"Anul \u201eCardinal Iuliu Hossu\u201d \u00een Eparhia de Cluj-Gherla\",\"datePublished\":\"2025-01-30T13:11:23+00:00\",\"dateModified\":\"2025-02-24T18:55:29+00:00\",\"mainEntityOfPage\":{\"@id\":\"https:\\\/\\\/www.protopopiatebn.ro\\\/index.php\\\/2025\\\/01\\\/30\\\/1214\\\/\"},\"wordCount\":474,\"commentCount\":0,\"image\":{\"@id\":\"https:\\\/\\\/www.protopopiatebn.ro\\\/index.php\\\/2025\\\/01\\\/30\\\/1214\\\/#primaryimage\"},\"thumbnailUrl\":\"https:\\\/\\\/www.protopopiatebn.ro\\\/wp-content\\\/uploads\\\/2025\\\/01\\\/logoanhossu-768x768.jpg\",\"articleSection\":[\"Uncategorized\"],\"inLanguage\":\"ro-RO\",\"potentialAction\":[{\"@type\":\"CommentAction\",\"name\":\"Comment\",\"target\":[\"https:\\\/\\\/www.protopopiatebn.ro\\\/index.php\\\/2025\\\/01\\\/30\\\/1214\\\/#respond\"]}]},{\"@type\":\"WebPage\",\"@id\":\"https:\\\/\\\/www.protopopiatebn.ro\\\/index.php\\\/2025\\\/01\\\/30\\\/1214\\\/\",\"url\":\"https:\\\/\\\/www.protopopiatebn.ro\\\/index.php\\\/2025\\\/01\\\/30\\\/1214\\\/\",\"name\":\"Anul \u201eCardinal Iuliu Hossu\u201d \u00een Eparhia de Cluj-Gherla - PROTOPOPIATELE GRECO-CATOLICE BECLEAN, BISTRI\u021aA \u0218I RODNA\",\"isPartOf\":{\"@id\":\"https:\\\/\\\/www.protopopiatebn.ro\\\/#website\"},\"primaryImageOfPage\":{\"@id\":\"https:\\\/\\\/www.protopopiatebn.ro\\\/index.php\\\/2025\\\/01\\\/30\\\/1214\\\/#primaryimage\"},\"image\":{\"@id\":\"https:\\\/\\\/www.protopopiatebn.ro\\\/index.php\\\/2025\\\/01\\\/30\\\/1214\\\/#primaryimage\"},\"thumbnailUrl\":\"https:\\\/\\\/www.protopopiatebn.ro\\\/wp-content\\\/uploads\\\/2025\\\/01\\\/logoanhossu-768x768.jpg\",\"datePublished\":\"2025-01-30T13:11:23+00:00\",\"dateModified\":\"2025-02-24T18:55:29+00:00\",\"author\":{\"@id\":\"https:\\\/\\\/www.protopopiatebn.ro\\\/#\\\/schema\\\/person\\\/0ae7db3eab56aa840037ed9d33d107b2\"},\"breadcrumb\":{\"@id\":\"https:\\\/\\\/www.protopopiatebn.ro\\\/index.php\\\/2025\\\/01\\\/30\\\/1214\\\/#breadcrumb\"},\"inLanguage\":\"ro-RO\",\"potentialAction\":[{\"@type\":\"ReadAction\",\"target\":[\"https:\\\/\\\/www.protopopiatebn.ro\\\/index.php\\\/2025\\\/01\\\/30\\\/1214\\\/\"]}]},{\"@type\":\"ImageObject\",\"inLanguage\":\"ro-RO\",\"@id\":\"https:\\\/\\\/www.protopopiatebn.ro\\\/index.php\\\/2025\\\/01\\\/30\\\/1214\\\/#primaryimage\",\"url\":\"https:\\\/\\\/www.protopopiatebn.ro\\\/wp-content\\\/uploads\\\/2025\\\/01\\\/logoanhossu-e1737150653803.jpg\",\"contentUrl\":\"https:\\\/\\\/www.protopopiatebn.ro\\\/wp-content\\\/uploads\\\/2025\\\/01\\\/logoanhossu-e1737150653803.jpg\",\"width\":250,\"height\":250},{\"@type\":\"BreadcrumbList\",\"@id\":\"https:\\\/\\\/www.protopopiatebn.ro\\\/index.php\\\/2025\\\/01\\\/30\\\/1214\\\/#breadcrumb\",\"itemListElement\":[{\"@type\":\"ListItem\",\"position\":1,\"name\":\"Home\",\"item\":\"https:\\\/\\\/www.protopopiatebn.ro\\\/\"},{\"@type\":\"ListItem\",\"position\":2,\"name\":\"Anul \u201eCardinal Iuliu Hossu\u201d \u00een Eparhia de Cluj-Gherla\"}]},{\"@type\":\"WebSite\",\"@id\":\"https:\\\/\\\/www.protopopiatebn.ro\\\/#website\",\"url\":\"https:\\\/\\\/www.protopopiatebn.ro\\\/\",\"name\":\"PROTOPOPIATELE GRECO-CATOLICE BECLEAN, BISTRI\u021aA \u0218I RODNA\",\"description\":\"\",\"potentialAction\":[{\"@type\":\"SearchAction\",\"target\":{\"@type\":\"EntryPoint\",\"urlTemplate\":\"https:\\\/\\\/www.protopopiatebn.ro\\\/?s={search_term_string}\"},\"query-input\":{\"@type\":\"PropertyValueSpecification\",\"valueRequired\":true,\"valueName\":\"search_term_string\"}}],\"inLanguage\":\"ro-RO\"},{\"@type\":\"Person\",\"@id\":\"https:\\\/\\\/www.protopopiatebn.ro\\\/#\\\/schema\\\/person\\\/0ae7db3eab56aa840037ed9d33d107b2\",\"name\":\"media\",\"image\":{\"@type\":\"ImageObject\",\"inLanguage\":\"ro-RO\",\"@id\":\"https:\\\/\\\/secure.gravatar.com\\\/avatar\\\/c4950415c2516cf691eae070b68021dad584fc0b242c5c9adcb4afe41f4d7a3d?s=96&d=mm&r=g\",\"url\":\"https:\\\/\\\/secure.gravatar.com\\\/avatar\\\/c4950415c2516cf691eae070b68021dad584fc0b242c5c9adcb4afe41f4d7a3d?s=96&d=mm&r=g\",\"contentUrl\":\"https:\\\/\\\/secure.gravatar.com\\\/avatar\\\/c4950415c2516cf691eae070b68021dad584fc0b242c5c9adcb4afe41f4d7a3d?s=96&d=mm&r=g\",\"caption\":\"media\"},\"sameAs\":[\"http:\\\/\\\/www.protopopiatebn.ro\"],\"url\":\"https:\\\/\\\/www.protopopiatebn.ro\\\/index.php\\\/author\\\/cris\\\/\"}]}<\/script>\n<!-- \/ Yoast SEO plugin. -->","yoast_head_json":{"title":"Anul \u201eCardinal Iuliu Hossu\u201d \u00een Eparhia de Cluj-Gherla - PROTOPOPIATELE GRECO-CATOLICE BECLEAN, BISTRI\u021aA \u0218I RODNA","robots":{"index":"index","follow":"follow","max-snippet":"max-snippet:-1","max-image-preview":"max-image-preview:large","max-video-preview":"max-video-preview:-1"},"canonical":"https:\/\/www.protopopiatebn.ro\/index.php\/2025\/01\/30\/1214\/","og_locale":"ro_RO","og_type":"article","og_title":"Anul \u201eCardinal Iuliu Hossu\u201d \u00een Eparhia de Cluj-Gherla - PROTOPOPIATELE GRECO-CATOLICE BECLEAN, BISTRI\u021aA \u0218I RODNA","og_description":"&nbsp; Deschiderea Anului \u201eCardinal Iuliu Hossu\u201d (declarat la nivel na\u021bional) \u00een Eparhia de Cluj-Gherla Anul \u201eCardinal Iuliu Hossu\u201d, declarat la nivel na\u021bional, va fi deschis solemn \u00een Eparhia Greco-Catolic\u0103 de Cluj-Gherla \u00een dup\u0103-amiaza de joi, 30 ianuarie 2025, la aniversarea na\u0219terii Fericitului martir greco-catolic (n. 30 \/ 31 ian. 1885), \u00een urm\u0103 cu 140 de ... [Read more...]","og_url":"https:\/\/www.protopopiatebn.ro\/index.php\/2025\/01\/30\/1214\/","og_site_name":"PROTOPOPIATELE GRECO-CATOLICE BECLEAN, BISTRI\u021aA \u0218I RODNA","article_published_time":"2025-01-30T13:11:23+00:00","article_modified_time":"2025-02-24T18:55:29+00:00","og_image":[{"width":250,"height":250,"url":"https:\/\/www.protopopiatebn.ro\/wp-content\/uploads\/2025\/01\/logoanhossu-e1737150653803.jpg","type":"image\/jpeg"}],"author":"media","twitter_card":"summary_large_image","twitter_misc":{"Scris de":"media","Timp estimat pentru citire":"3 minute"},"schema":{"@context":"https:\/\/schema.org","@graph":[{"@type":"Article","@id":"https:\/\/www.protopopiatebn.ro\/index.php\/2025\/01\/30\/1214\/#article","isPartOf":{"@id":"https:\/\/www.protopopiatebn.ro\/index.php\/2025\/01\/30\/1214\/"},"author":{"name":"media","@id":"https:\/\/www.protopopiatebn.ro\/#\/schema\/person\/0ae7db3eab56aa840037ed9d33d107b2"},"headline":"Anul \u201eCardinal Iuliu Hossu\u201d \u00een Eparhia de Cluj-Gherla","datePublished":"2025-01-30T13:11:23+00:00","dateModified":"2025-02-24T18:55:29+00:00","mainEntityOfPage":{"@id":"https:\/\/www.protopopiatebn.ro\/index.php\/2025\/01\/30\/1214\/"},"wordCount":474,"commentCount":0,"image":{"@id":"https:\/\/www.protopopiatebn.ro\/index.php\/2025\/01\/30\/1214\/#primaryimage"},"thumbnailUrl":"https:\/\/www.protopopiatebn.ro\/wp-content\/uploads\/2025\/01\/logoanhossu-768x768.jpg","articleSection":["Uncategorized"],"inLanguage":"ro-RO","potentialAction":[{"@type":"CommentAction","name":"Comment","target":["https:\/\/www.protopopiatebn.ro\/index.php\/2025\/01\/30\/1214\/#respond"]}]},{"@type":"WebPage","@id":"https:\/\/www.protopopiatebn.ro\/index.php\/2025\/01\/30\/1214\/","url":"https:\/\/www.protopopiatebn.ro\/index.php\/2025\/01\/30\/1214\/","name":"Anul \u201eCardinal Iuliu Hossu\u201d \u00een Eparhia de Cluj-Gherla - PROTOPOPIATELE GRECO-CATOLICE BECLEAN, BISTRI\u021aA \u0218I RODNA","isPartOf":{"@id":"https:\/\/www.protopopiatebn.ro\/#website"},"primaryImageOfPage":{"@id":"https:\/\/www.protopopiatebn.ro\/index.php\/2025\/01\/30\/1214\/#primaryimage"},"image":{"@id":"https:\/\/www.protopopiatebn.ro\/index.php\/2025\/01\/30\/1214\/#primaryimage"},"thumbnailUrl":"https:\/\/www.protopopiatebn.ro\/wp-content\/uploads\/2025\/01\/logoanhossu-768x768.jpg","datePublished":"2025-01-30T13:11:23+00:00","dateModified":"2025-02-24T18:55:29+00:00","author":{"@id":"https:\/\/www.protopopiatebn.ro\/#\/schema\/person\/0ae7db3eab56aa840037ed9d33d107b2"},"breadcrumb":{"@id":"https:\/\/www.protopopiatebn.ro\/index.php\/2025\/01\/30\/1214\/#breadcrumb"},"inLanguage":"ro-RO","potentialAction":[{"@type":"ReadAction","target":["https:\/\/www.protopopiatebn.ro\/index.php\/2025\/01\/30\/1214\/"]}]},{"@type":"ImageObject","inLanguage":"ro-RO","@id":"https:\/\/www.protopopiatebn.ro\/index.php\/2025\/01\/30\/1214\/#primaryimage","url":"https:\/\/www.protopopiatebn.ro\/wp-content\/uploads\/2025\/01\/logoanhossu-e1737150653803.jpg","contentUrl":"https:\/\/www.protopopiatebn.ro\/wp-content\/uploads\/2025\/01\/logoanhossu-e1737150653803.jpg","width":250,"height":250},{"@type":"BreadcrumbList","@id":"https:\/\/www.protopopiatebn.ro\/index.php\/2025\/01\/30\/1214\/#breadcrumb","itemListElement":[{"@type":"ListItem","position":1,"name":"Home","item":"https:\/\/www.protopopiatebn.ro\/"},{"@type":"ListItem","position":2,"name":"Anul \u201eCardinal Iuliu Hossu\u201d \u00een Eparhia de Cluj-Gherla"}]},{"@type":"WebSite","@id":"https:\/\/www.protopopiatebn.ro\/#website","url":"https:\/\/www.protopopiatebn.ro\/","name":"PROTOPOPIATELE GRECO-CATOLICE BECLEAN, BISTRI\u021aA \u0218I RODNA","description":"","potentialAction":[{"@type":"SearchAction","target":{"@type":"EntryPoint","urlTemplate":"https:\/\/www.protopopiatebn.ro\/?s={search_term_string}"},"query-input":{"@type":"PropertyValueSpecification","valueRequired":true,"valueName":"search_term_string"}}],"inLanguage":"ro-RO"},{"@type":"Person","@id":"https:\/\/www.protopopiatebn.ro\/#\/schema\/person\/0ae7db3eab56aa840037ed9d33d107b2","name":"media","image":{"@type":"ImageObject","inLanguage":"ro-RO","@id":"https:\/\/secure.gravatar.com\/avatar\/c4950415c2516cf691eae070b68021dad584fc0b242c5c9adcb4afe41f4d7a3d?s=96&d=mm&r=g","url":"https:\/\/secure.gravatar.com\/avatar\/c4950415c2516cf691eae070b68021dad584fc0b242c5c9adcb4afe41f4d7a3d?s=96&d=mm&r=g","contentUrl":"https:\/\/secure.gravatar.com\/avatar\/c4950415c2516cf691eae070b68021dad584fc0b242c5c9adcb4afe41f4d7a3d?s=96&d=mm&r=g","caption":"media"},"sameAs":["http:\/\/www.protopopiatebn.ro"],"url":"https:\/\/www.protopopiatebn.ro\/index.php\/author\/cris\/"}]}},"_links":{"self":[{"href":"https:\/\/www.protopopiatebn.ro\/index.php\/wp-json\/wp\/v2\/posts\/1214","targetHints":{"allow":["GET"]}}],"collection":[{"href":"https:\/\/www.protopopiatebn.ro\/index.php\/wp-json\/wp\/v2\/posts"}],"about":[{"href":"https:\/\/www.protopopiatebn.ro\/index.php\/wp-json\/wp\/v2\/types\/post"}],"author":[{"embeddable":true,"href":"https:\/\/www.protopopiatebn.ro\/index.php\/wp-json\/wp\/v2\/users\/5"}],"replies":[{"embeddable":true,"href":"https:\/\/www.protopopiatebn.ro\/index.php\/wp-json\/wp\/v2\/comments?post=1214"}],"version-history":[{"count":8,"href":"https:\/\/www.protopopiatebn.ro\/index.php\/wp-json\/wp\/v2\/posts\/1214\/revisions"}],"predecessor-version":[{"id":1226,"href":"https:\/\/www.protopopiatebn.ro\/index.php\/wp-json\/wp\/v2\/posts\/1214\/revisions\/1226"}],"wp:attachment":[{"href":"https:\/\/www.protopopiatebn.ro\/index.php\/wp-json\/wp\/v2\/media?parent=1214"}],"wp:term":[{"taxonomy":"category","embeddable":true,"href":"https:\/\/www.protopopiatebn.ro\/index.php\/wp-json\/wp\/v2\/categories?post=1214"},{"taxonomy":"post_tag","embeddable":true,"href":"https:\/\/www.protopopiatebn.ro\/index.php\/wp-json\/wp\/v2\/tags?post=1214"}],"curies":[{"name":"wp","href":"https:\/\/api.w.org\/{rel}","templated":true}]}}