{"id":1149,"date":"2025-01-20T14:26:57","date_gmt":"2025-01-20T12:26:57","guid":{"rendered":"https:\/\/www.protopopiatebn.ro\/?p=1149"},"modified":"2025-02-24T20:54:22","modified_gmt":"2025-02-24T18:54:22","slug":"seara-ecumenica-de-rugaciune-biserica-greco-catolica-buna-vestire-18-ianuarie-2025","status":"publish","type":"post","link":"https:\/\/www.protopopiatebn.ro\/index.php\/2025\/01\/20\/seara-ecumenica-de-rugaciune-biserica-greco-catolica-buna-vestire-18-ianuarie-2025\/","title":{"rendered":"SEAR\u0102 ECUMENICA DE RUG\u0102CIUNE &#8211; BISERICA GRECO-CATOLIC\u0102 \u201dBUNA-VESTIRE\u201d, 18 IANUARIE 2025"},"content":{"rendered":"<p><img loading=\"lazy\" decoding=\"async\" class=\"size-large wp-image-1150 aligncenter\" src=\"https:\/\/www.protopopiatebn.ro\/wp-content\/uploads\/2025\/01\/rug2025-1024x769.jpg\" alt=\"\" width=\"700\" height=\"526\" srcset=\"https:\/\/www.protopopiatebn.ro\/wp-content\/uploads\/2025\/01\/rug2025-1024x769.jpg 1024w, https:\/\/www.protopopiatebn.ro\/wp-content\/uploads\/2025\/01\/rug2025-300x225.jpg 300w, https:\/\/www.protopopiatebn.ro\/wp-content\/uploads\/2025\/01\/rug2025-768x577.jpg 768w, https:\/\/www.protopopiatebn.ro\/wp-content\/uploads\/2025\/01\/rug2025-1536x1153.jpg 1536w, https:\/\/www.protopopiatebn.ro\/wp-content\/uploads\/2025\/01\/rug2025-2048x1538.jpg 2048w\" sizes=\"auto, (max-width: 700px) 100vw, 700px\" \/><\/p>\n<p><span data-contrast=\"none\">\u00cen fiecare an, \u00een perioada 18-25 ianuarie, are loc o s\u0103pt\u0103m\u00e2n\u0103 de rug\u0103ciune concentrat\u0103 pe idealul de unitate a cre\u0219tinilor. \u00centreaga Biseric\u0103 Catolic\u0103 \u00eempreun\u0103 cu alte confesiuni cre\u0219tine au ocazia de a se \u00eent\u00e2lni \u00een fiecare sear\u0103 a acestei s\u0103pt\u0103m\u00e2ni \u00een comunit\u0103\u021bile fiec\u0103ruia \u00een parte pentru a petrece timp \u00eempreun\u0103, a se ruga, a vorbi despre Dumnezeu \u0219i a \u00eemp\u0103rt\u0103\u0219i din propria spiritualitate. \u00cen municipiul Bistri\u021ba, un centru multicultural \u0219i multiconfesional, s-a format o tradi\u021bie de 16 ani prin care Bisericile istorice organizeaz\u0103 pe r\u00e2nd momente de rug\u0103ciune ecumenic\u0103, la care sunt prezen\u021bi protopopii, preo\u021bii, pastorii \u0219i credincio\u0219ii diferitelor comunit\u0103\u021bi.<\/span><span data-ccp-props=\"{&quot;201341983&quot;:0,&quot;335551550&quot;:6,&quot;335551620&quot;:6,&quot;335557856&quot;:16777215,&quot;335559731&quot;:720,&quot;335559739&quot;:0,&quot;335559740&quot;:360}\">\u00a0<\/span><\/p>\n<p><span data-contrast=\"none\">Anul acesta, deschiderea Octavei de rug\u0103ciune pentru unitatea cre\u0219tinilor a avut loc \u00een parohia greco-catolic\u0103 \u201eBuna Vestire\u201d din Bistri\u021ba, organizator fiind protopopiatul greco-catolic de Bistri\u021ba \u00eempreun\u0103 cu comunitatea parohial\u0103. \u00cen seara zilei de 18 ianuarie s-au adunat \u00een biserica parohial\u0103 credincio\u0219i ai comunit\u0103\u021bilor greco-catolice, romano-catolice, ortodoxe, evanghelice, reformate \u0219i luterane \u00eempreun\u0103 cu p\u0103storii lor: p\u0103rintele Alexandru Vidican, protopop ortodox de Bistri\u021ba, p\u0103rintele P\u00e9ter Ger\u00e9d, protopop romano-catolic de Bistri\u021ba, pastorul Andreas Hartig, parohul comunit\u0103\u021bii evanghelice, pastorul P\u00e9ter Andr\u00e1s de la parohia Reformat\u0103, pastorul Zolt\u00e1n T\u00f3th de la Biserica Evanghelic\u0103 Luteran\u0103 \u0219i pastorul evanghelic emerit Johann Dieter Krauss. De asemenea au fost prezen\u021bi preo\u021bii greco-catolici Ioan Fri\u0219an, paroh al Parohiei \u201dBuna-Vestire\u201d, \u00eempreun\u0103 cu preo\u021bii vicari ai acestei parohii, Teodor Costin, Cosmin Moldovan, Cristian Bica \u0219i p\u0103rintele Narcis Pop, paroh al Parohiei \u201dIntrarea \u00een Biseric\u0103 a Maicii Domnului\u201d. La acest moment de comuniune au fost prezente \u0219i oficialit\u0103\u021bi ale statului: domnul Teofil Iulian Cioarb\u0103, Prefect al Jude\u021bului Bistri\u021ba-N\u0103s\u0103ud, domnul primar Gabriel Lazany, subprefec<\/span><span data-contrast=\"none\">tul<\/span><span data-contrast=\"none\"> Atilla Decsei\u00a0 \u0219i alte oficialit\u0103\u021bi.<\/span> <span data-ccp-props=\"{&quot;201341983&quot;:0,&quot;335551550&quot;:6,&quot;335551620&quot;:6,&quot;335557856&quot;:16777215,&quot;335559731&quot;:720,&quot;335559739&quot;:0,&quot;335559740&quot;:360}\">\u00a0<\/span><\/p>\n<p><span data-contrast=\"none\">Seara de rug\u0103ciune a \u00eenceput cu o procesiune a protopopilor, preo\u021bilor \u0219i pastorilor care, av\u00e2nd \u00een fa\u021b\u0103 crucea, au trecut prin fa\u021ba statuii Fericitului Cardinal Iuliu Hossu \u0219i apoi au intrat \u00een biseric\u0103 pe acordurile corului \u201eSanctus Spiritus\u201d care a acompaniat muzical programul \u00eentregii seri.<\/span><span data-ccp-props=\"{&quot;201341983&quot;:0,&quot;335551550&quot;:6,&quot;335551620&quot;:6,&quot;335557856&quot;:16777215,&quot;335559731&quot;:720,&quot;335559739&quot;:0,&quot;335559740&quot;:360}\">\u00a0<\/span><\/p>\n<p><span data-contrast=\"none\">P\u0103rintele protopop Cristian Goia a rostit un cuv\u00e2nt de bun venit, amintind despre \u00eemplinirea \u00een acest an a 1700 de ani de la Conciliul Ecumenic de la Niceea din 325, c\u00e2nd p\u0103rin\u021bii no\u0219tri \u00een credin\u021b\u0103 au pus bazele elabor\u0103rii Crezului, a profesiunii de credin\u021b\u0103 care st\u0103 la temelia vie\u021bii fiec\u0103rui cre\u0219tin<\/span><i><span data-contrast=\"none\">.<\/span><\/i><span data-contrast=\"none\"> Aceast\u0103 comemorare ofer\u0103 o ocazie unic\u0103 de a reflecta asupra credin\u021bei comune a cre\u0219tinilor \u0219i de a o celebra prin opere care aduc roade. Un prilej \u00een plus de bucurie \u0219i unitate \u00eentre cre\u0219tini \u00eel reprezint\u0103 \u0219i faptul c\u0103 anul acesta S\u0103rb\u0103toarea Pa\u0219tilor cade \u00een aceea\u0219i dat\u0103 pentru toate confesiunile, \u00een 20 aprilie.<\/span><span data-ccp-props=\"{&quot;201341983&quot;:0,&quot;335551550&quot;:6,&quot;335551620&quot;:6,&quot;335557856&quot;:16777215,&quot;335559731&quot;:720,&quot;335559739&quot;:0,&quot;335559740&quot;:360}\">\u00a0<\/span><\/p>\n<p><span data-contrast=\"none\">Pentru Biserica greco-catolic\u0103 din Rom\u00e2nia, anul 2025 reprezint\u0103 un an cu totul special \u00eentruc\u00e2t la nivel na\u021bional e s\u0103rb\u0103torit Fericitul Cardinal Iuliu Hossu, mare ierarh al Bisericii noastre \u0219i model de tr\u0103ire a credin\u021bei. Exemplul s\u0103u inspir\u0103 la dep\u0103\u0219irea barierelor confesionale pentru a ne concentra pe ceea ce ne une\u0219te \u0219i anume credin\u021ba \u00een Hristos, iubirea pentru aproapele \u0219i dorin\u021ba de a m\u0103rturisi Evanghelia \u00eempreun\u0103.<\/span> <span data-ccp-props=\"{&quot;201341983&quot;:0,&quot;335551550&quot;:6,&quot;335551620&quot;:6,&quot;335557856&quot;:16777215,&quot;335559731&quot;:720,&quot;335559739&quot;:0,&quot;335559740&quot;:360}\">\u00a0<\/span><span data-contrast=\"none\">Tema octavei de rug\u0103ciune din acest an: <\/span><i><span data-contrast=\"none\">\u201eCrezi tu aceasta?\u201d<\/span><\/i><span data-contrast=\"none\"> (Ioan 11, 26) se inspir\u0103 din dialogul dintre Isus \u0219i Marta \u00een timpul vizitei lui Isus la Marta \u0219i Maria \u00een Betania, dup\u0103 moartea fratelui lor, Laz\u0103r, a\u0219a cum este relatat de evanghelistul Ioan.<br \/>\n<\/span><\/p>\n<p><span data-contrast=\"none\">Dup\u0103 acest cuv\u00e2nt introductiv, preo\u021bii \u0219i pastorii au dat o binecuv\u00e2ntare de \u00eenceput, apoi au urmat rug\u0103ciuni \u0219i lecturi din Sf\u00e2nta Scriptur\u0103 pe care cei prezen\u021bi le-au rostit pe r\u00e2nd. Dup\u0103 aceea, au rostit c\u00e2te un cuv\u00e2nt de \u00eenv\u0103\u021b\u0103tur\u0103 \u0219i zidire sufleteasc\u0103 p\u0103rintele protopop ortodox, Alexandru Vidican, pastorul evanghelic, Zolt\u00e1n T\u00f3th \u0219i pastorul evanghelic emerit, Johann Dieter Krauss. <\/span><span data-ccp-props=\"{&quot;201341983&quot;:0,&quot;335551550&quot;:6,&quot;335551620&quot;:6,&quot;335557856&quot;:16777215,&quot;335559731&quot;:720,&quot;335559739&quot;:0,&quot;335559740&quot;:360}\">\u00a0<\/span><\/p>\n<p><span data-contrast=\"none\">Programul s-a \u00eencheiat cu ectenia de pace, iar dup\u0103 aceea fiecare preot \u0219i pastor a binecuv\u00e2ntat credincio\u0219ii. La final a avut loc o agap\u0103 fratern\u0103 la care au participat invita\u021bii acestei seri de rug\u0103ciune pentru unitatea cre\u0219tinilor, \u00eemp\u0103rt\u0103\u0219ind fiecare din experien\u021bele pastorale.<\/span><span data-ccp-props=\"{&quot;201341983&quot;:0,&quot;335551550&quot;:6,&quot;335551620&quot;:6,&quot;335557856&quot;:16777215,&quot;335559731&quot;:720,&quot;335559739&quot;:360,&quot;335559740&quot;:360}\">\u00a0<\/span><\/p>\n<p><span data-contrast=\"none\">\u00cen 19 ianuarie \u0219irul serilor ecumenice a continuat la Biserica Ortodox\u0103 de la Coroana \u201dIntrarea \u00een Biseric\u0103 a Maicii Domnului\u201d. Gazda \u00eent\u00e2lnirii ecumenice a fost Pr. Alexandru Vidican, protopop ortodox de Bistri\u021ba. A fost din nou un moment de rug\u0103ciune, comuniune \u0219i \u00eemp\u0103rt\u0103\u0219ire fratern\u0103 la care au participat protopopii, preo\u021bii, pastorii \u0219i credincio\u0219ii diferitelor culte din Bistri\u021ba. <\/span><span data-ccp-props=\"{&quot;201341983&quot;:0,&quot;335551550&quot;:6,&quot;335551620&quot;:6,&quot;335557856&quot;:16777215,&quot;335559731&quot;:720,&quot;335559739&quot;:360,&quot;335559740&quot;:360}\">\u00a0<\/span><\/p>\n<p><span data-contrast=\"auto\">Mul\u021bumim Domnului pentru darul unit\u0103\u021bii \u0219i pentru aceste seri de comuniune \u0219i rug\u0103ciune. \u201eUnitatea credin\u021bei \u0219i \u00eemp\u0103rt\u0103\u0219irea Sf\u00e2ntului Spirit cer\u00e2nd, pe noi \u00een\u0219ine, unul pe altul \u0219i toat\u0103 via\u021ba noastr\u0103 lui Hristos Dumnezeu s\u0103 o d\u0103m\u201d.<\/span><span data-ccp-props=\"{&quot;201341983&quot;:0,&quot;335551550&quot;:6,&quot;335551620&quot;:6,&quot;335557856&quot;:16777215,&quot;335559731&quot;:720,&quot;335559739&quot;:360,&quot;335559740&quot;:360}\">\u00a0<\/span><\/p>\n<p style=\"text-align: right;\">a consemnat secretarul protopopiatului, diacon Ovidiu Iusco<\/p>\n<h2 style=\"text-align: center;\"><a href=\"https:\/\/www.protopopiatebn.ro\/index.php\/1179-2\/\">OCTAVA DE RUG\u0102CIUNE PENTRU UNITATEA CRE\u0218TINILOR &#8211; BISTRI\u021aA 18-25 IANUARIE 2025<\/a><\/h2>\n<h3>1. SEARA ECUMENIC\u0102 DE RUG\u0102CIUNE LA BISERICA GRECO-CATOLIC\u0102 \u201dBUNA-VESTIRE\u201d BISTRI\u021aA &#8211; 18 IANUARIE 2025<\/h3>\n<h2><a href=\"https:\/\/photos.app.goo.gl\/85iVmhU1uyN2HGDL8\">ALBUM FOTO<\/a><\/h2>\n<h2><a href=\"https:\/\/youtu.be\/TYrJtH-WZYk\">\u00ceNREGISTRARE VIDEO<\/a><\/h2>\n<p><iframe loading=\"lazy\" title=\"YouTube video player\" src=\"https:\/\/www.youtube.com\/embed\/TYrJtH-WZYk?si=a41f4N0JNrWuu8Kg\" width=\"560\" height=\"315\" frameborder=\"0\" allowfullscreen=\"allowfullscreen\"><\/iframe><\/p>\n<p>MATERIAL VIDEO REALIZAT CU SPRIJINUL AS-TV BISTRI\u021aA<\/p>\n<h3>2. SEARA ECUMENIC\u0102 DE RUG\u0102CIUNE LA BISERICA ORTODOX\u0102 DE LA COROANA \u201dINTRAREA \u00ceN BISERIC\u0102 A MAICII DOMNULUI\u201d &#8211; 19 IANUARIE 2025<\/h3>\n<h2><a href=\"https:\/\/photos.app.goo.gl\/5JJPmqyZRh2Rawr5A\">ALBUM FOTO<\/a><\/h2>\n<h2><a href=\"https:\/\/youtube.com\/live\/SFAVeJV5AdQ\">INREGISTRARE VIDEO<\/a><\/h2>\n<p><iframe loading=\"lazy\" title=\"YouTube video player\" src=\"https:\/\/www.youtube.com\/embed\/SFAVeJV5AdQ?si=mTiCvOUd04leA_9c\" width=\"560\" height=\"315\" frameborder=\"0\" allowfullscreen=\"allowfullscreen\"><\/iframe><\/p>\n<h3>3. SEARA ECUMENIC\u0102 DE RUG\u0102CIUNE LA BISERICA REFORMAT\u0102 &#8211; 20 IANUARIE 2025<\/h3>\n<h2><a href=\"https:\/\/photos.app.goo.gl\/gVZbRGEViQe3grto6\">ALBUM FOTO<\/a><\/h2>\n<h2><a href=\"https:\/\/youtube.com\/live\/Y4HHCkPmh5g\">\u00ceNREGISTRARE VIDEO<\/a><\/h2>\n<p><iframe loading=\"lazy\" title=\"YouTube video player\" src=\"https:\/\/www.youtube.com\/embed\/Y4HHCkPmh5g?si=L9bO5k619t4zUzMG\" width=\"560\" height=\"315\" frameborder=\"0\" allowfullscreen=\"allowfullscreen\"><\/iframe><\/p>\n<h3>4. SEARA ECUMENIC\u0102 DE RUG\u0102CIUNE &#8211; BISERICA EVANGHELIC\u0102-LUTEREAN\u0102 MAGHIAR\u0102 &#8211; 21 IANUARIE 2025<\/h3>\n<h2><a href=\"https:\/\/photos.app.goo.gl\/ATzBqKqyicC4L8hFA\">ALBUM FOTO<\/a><\/h2>\n<h2><a href=\"https:\/\/youtube.com\/live\/A09Gpe8xrnI\">\u00ceNREGISTRARE VIDEO<\/a><\/h2>\n<p><iframe loading=\"lazy\" title=\"YouTube video player\" src=\"https:\/\/www.youtube.com\/embed\/A09Gpe8xrnI?si=dmzL12a1X39_1m0U\" width=\"560\" height=\"315\" frameborder=\"0\" allowfullscreen=\"allowfullscreen\"><\/iframe><\/p>\n<h3>4. SEARA ECUMENIC\u0102 DE RUG\u0102CIUNE &#8211; BISERICA ORTODOX\u0102 \u201dSF. TREI IERARHI\u201d &#8211; 22 IANUARIE 2025<\/h3>\n<h2><a href=\"https:\/\/photos.app.goo.gl\/diRqWHvoRSAKg8JD7\">ALBUM FOTO<\/a><\/h2>\n<h2><a href=\"https:\/\/youtube.com\/live\/b9G6ZnJ6-3A\">\u00ceNREGISTRARE VIDEO<\/a><\/h2>\n<p><iframe loading=\"lazy\" title=\"YouTube video player\" src=\"https:\/\/www.youtube.com\/embed\/b9G6ZnJ6-3A?si=1CoaDTLYZsjnlutw\" width=\"560\" height=\"315\" frameborder=\"0\" allowfullscreen=\"allowfullscreen\"><\/iframe><\/p>\n<h3>6. SEARA ECUMENIC\u0102 DE RUG\u0102CIUNE &#8211; BISERICA ROMANO-CATOLIC\u0102 \u201dSF. TREIME\u201d &#8211; 23 IANUARIE 2025<\/h3>\n<h2><a href=\"https:\/\/photos.app.goo.gl\/yeB17kpQQS8gGjtk6\">ALBUM FOTO<\/a><\/h2>\n<h2><a href=\"https:\/\/youtube.com\/live\/KzIfru83btI\">\u00ceNREGISTRARE VIDEO<\/a><\/h2>\n<h3><iframe loading=\"lazy\" title=\"YouTube video player\" src=\"https:\/\/www.youtube.com\/embed\/KzIfru83btI?si=-3ywNxnmNbMSOCnQ\" width=\"560\" height=\"315\" frameborder=\"0\" allowfullscreen=\"allowfullscreen\"><\/iframe><\/h3>\n<h3>7. SEARA ECUMENIC\u0102 DE RUG\u0102CIUNE &#8211; BISERICA EVANGHELIC\u0102 \u201dSF. NICOLAE\u201d &#8211; 24 IANUARIE 2025<\/h3>\n<h2><a href=\"https:\/\/photos.app.goo.gl\/Yyg1dPMV3EE5dw8QA\">ALBUM FOTO<\/a><\/h2>\n<h2><a href=\"https:\/\/www.facebook.com\/watch\/?v=1126261595610495\">\u00ceNREGISTRARE VIDEO<\/a><\/h2>\n<p><iframe loading=\"lazy\" title=\"YouTube video player\" src=\"https:\/\/www.youtube.com\/embed\/4-EfrBvFrIU?si=7SN2r5efxrL2zrQR\" width=\"560\" height=\"315\" frameborder=\"0\" allowfullscreen=\"allowfullscreen\"><\/iframe><\/p>\n<p>&nbsp;<\/p>\n<p>&nbsp;<\/p>\n<p>&nbsp;<\/p>\n","protected":false},"excerpt":{"rendered":"<p>\u00cen fiecare an, \u00een perioada 18-25 ianuarie, are loc o s\u0103pt\u0103m\u00e2n\u0103 de rug\u0103ciune concentrat\u0103 pe idealul de unitate a cre\u0219tinilor. \u00centreaga Biseric\u0103 Catolic\u0103 \u00eempreun\u0103 cu alte confesiuni cre\u0219tine au ocazia de a se \u00eent\u00e2lni \u00een fiecare sear\u0103 a acestei s\u0103pt\u0103m\u00e2ni \u00een comunit\u0103\u021bile fiec\u0103ruia \u00een parte pentru a petrece timp \u00eempreun\u0103, a se ruga, a vorbi &#8230; <span class=\"more\"><a class=\"more-link\" href=\"https:\/\/www.protopopiatebn.ro\/index.php\/2025\/01\/20\/seara-ecumenica-de-rugaciune-biserica-greco-catolica-buna-vestire-18-ianuarie-2025\/\">[Read more&#8230;]<\/a><\/span><\/p>\n","protected":false},"author":5,"featured_media":0,"comment_status":"open","ping_status":"open","sticky":false,"template":"","format":"standard","meta":{"footnotes":""},"categories":[1],"tags":[],"class_list":{"0":"entry","1":"post","2":"publish","3":"author-cris","4":"post-1149","6":"format-standard","7":"category-uncategorized"},"yoast_head":"<!-- This site is optimized with the Yoast SEO plugin v27.5 - https:\/\/yoast.com\/product\/yoast-seo-wordpress\/ -->\n<title>SEAR\u0102 ECUMENICA DE RUG\u0102CIUNE - BISERICA GRECO-CATOLIC\u0102 \u201dBUNA-VESTIRE\u201d, 18 IANUARIE 2025 - PROTOPOPIATELE GRECO-CATOLICE BECLEAN, BISTRI\u021aA \u0218I RODNA<\/title>\n<meta name=\"robots\" content=\"index, follow, max-snippet:-1, max-image-preview:large, max-video-preview:-1\" \/>\n<link rel=\"canonical\" href=\"https:\/\/www.protopopiatebn.ro\/index.php\/2025\/01\/20\/seara-ecumenica-de-rugaciune-biserica-greco-catolica-buna-vestire-18-ianuarie-2025\/\" \/>\n<meta property=\"og:locale\" content=\"ro_RO\" \/>\n<meta property=\"og:type\" content=\"article\" \/>\n<meta property=\"og:title\" content=\"SEAR\u0102 ECUMENICA DE RUG\u0102CIUNE - BISERICA GRECO-CATOLIC\u0102 \u201dBUNA-VESTIRE\u201d, 18 IANUARIE 2025 - PROTOPOPIATELE GRECO-CATOLICE BECLEAN, BISTRI\u021aA \u0218I RODNA\" \/>\n<meta property=\"og:description\" content=\"\u00cen fiecare an, \u00een perioada 18-25 ianuarie, are loc o s\u0103pt\u0103m\u00e2n\u0103 de rug\u0103ciune concentrat\u0103 pe idealul de unitate a cre\u0219tinilor. \u00centreaga Biseric\u0103 Catolic\u0103 \u00eempreun\u0103 cu alte confesiuni cre\u0219tine au ocazia de a se \u00eent\u00e2lni \u00een fiecare sear\u0103 a acestei s\u0103pt\u0103m\u00e2ni \u00een comunit\u0103\u021bile fiec\u0103ruia \u00een parte pentru a petrece timp \u00eempreun\u0103, a se ruga, a vorbi ... [Read more...]\" \/>\n<meta property=\"og:url\" content=\"https:\/\/www.protopopiatebn.ro\/index.php\/2025\/01\/20\/seara-ecumenica-de-rugaciune-biserica-greco-catolica-buna-vestire-18-ianuarie-2025\/\" \/>\n<meta property=\"og:site_name\" content=\"PROTOPOPIATELE GRECO-CATOLICE BECLEAN, BISTRI\u021aA \u0218I RODNA\" \/>\n<meta property=\"article:published_time\" content=\"2025-01-20T12:26:57+00:00\" \/>\n<meta property=\"article:modified_time\" content=\"2025-02-24T18:54:22+00:00\" \/>\n<meta property=\"og:image\" content=\"https:\/\/www.protopopiatebn.ro\/wp-content\/uploads\/2025\/01\/rug2025-scaled.jpg\" \/>\n\t<meta property=\"og:image:width\" content=\"2560\" \/>\n\t<meta property=\"og:image:height\" content=\"1922\" \/>\n\t<meta property=\"og:image:type\" content=\"image\/jpeg\" \/>\n<meta name=\"author\" content=\"media\" \/>\n<meta name=\"twitter:card\" content=\"summary_large_image\" \/>\n<meta name=\"twitter:label1\" content=\"Scris de\" \/>\n\t<meta name=\"twitter:data1\" content=\"media\" \/>\n\t<meta name=\"twitter:label2\" content=\"Timp estimat pentru citire\" \/>\n\t<meta name=\"twitter:data2\" content=\"5 minute\" \/>\n<script type=\"application\/ld+json\" class=\"yoast-schema-graph\">{\"@context\":\"https:\\\/\\\/schema.org\",\"@graph\":[{\"@type\":\"Article\",\"@id\":\"https:\\\/\\\/www.protopopiatebn.ro\\\/index.php\\\/2025\\\/01\\\/20\\\/seara-ecumenica-de-rugaciune-biserica-greco-catolica-buna-vestire-18-ianuarie-2025\\\/#article\",\"isPartOf\":{\"@id\":\"https:\\\/\\\/www.protopopiatebn.ro\\\/index.php\\\/2025\\\/01\\\/20\\\/seara-ecumenica-de-rugaciune-biserica-greco-catolica-buna-vestire-18-ianuarie-2025\\\/\"},\"author\":{\"name\":\"media\",\"@id\":\"https:\\\/\\\/www.protopopiatebn.ro\\\/#\\\/schema\\\/person\\\/0ae7db3eab56aa840037ed9d33d107b2\"},\"headline\":\"SEAR\u0102 ECUMENICA DE RUG\u0102CIUNE &#8211; BISERICA GRECO-CATOLIC\u0102 \u201dBUNA-VESTIRE\u201d, 18 IANUARIE 2025\",\"datePublished\":\"2025-01-20T12:26:57+00:00\",\"dateModified\":\"2025-02-24T18:54:22+00:00\",\"mainEntityOfPage\":{\"@id\":\"https:\\\/\\\/www.protopopiatebn.ro\\\/index.php\\\/2025\\\/01\\\/20\\\/seara-ecumenica-de-rugaciune-biserica-greco-catolica-buna-vestire-18-ianuarie-2025\\\/\"},\"wordCount\":996,\"commentCount\":0,\"image\":{\"@id\":\"https:\\\/\\\/www.protopopiatebn.ro\\\/index.php\\\/2025\\\/01\\\/20\\\/seara-ecumenica-de-rugaciune-biserica-greco-catolica-buna-vestire-18-ianuarie-2025\\\/#primaryimage\"},\"thumbnailUrl\":\"https:\\\/\\\/www.protopopiatebn.ro\\\/wp-content\\\/uploads\\\/2025\\\/01\\\/rug2025-1024x769.jpg\",\"articleSection\":[\"Uncategorized\"],\"inLanguage\":\"ro-RO\",\"potentialAction\":[{\"@type\":\"CommentAction\",\"name\":\"Comment\",\"target\":[\"https:\\\/\\\/www.protopopiatebn.ro\\\/index.php\\\/2025\\\/01\\\/20\\\/seara-ecumenica-de-rugaciune-biserica-greco-catolica-buna-vestire-18-ianuarie-2025\\\/#respond\"]}]},{\"@type\":\"WebPage\",\"@id\":\"https:\\\/\\\/www.protopopiatebn.ro\\\/index.php\\\/2025\\\/01\\\/20\\\/seara-ecumenica-de-rugaciune-biserica-greco-catolica-buna-vestire-18-ianuarie-2025\\\/\",\"url\":\"https:\\\/\\\/www.protopopiatebn.ro\\\/index.php\\\/2025\\\/01\\\/20\\\/seara-ecumenica-de-rugaciune-biserica-greco-catolica-buna-vestire-18-ianuarie-2025\\\/\",\"name\":\"SEAR\u0102 ECUMENICA DE RUG\u0102CIUNE - BISERICA GRECO-CATOLIC\u0102 \u201dBUNA-VESTIRE\u201d, 18 IANUARIE 2025 - PROTOPOPIATELE GRECO-CATOLICE BECLEAN, BISTRI\u021aA \u0218I RODNA\",\"isPartOf\":{\"@id\":\"https:\\\/\\\/www.protopopiatebn.ro\\\/#website\"},\"primaryImageOfPage\":{\"@id\":\"https:\\\/\\\/www.protopopiatebn.ro\\\/index.php\\\/2025\\\/01\\\/20\\\/seara-ecumenica-de-rugaciune-biserica-greco-catolica-buna-vestire-18-ianuarie-2025\\\/#primaryimage\"},\"image\":{\"@id\":\"https:\\\/\\\/www.protopopiatebn.ro\\\/index.php\\\/2025\\\/01\\\/20\\\/seara-ecumenica-de-rugaciune-biserica-greco-catolica-buna-vestire-18-ianuarie-2025\\\/#primaryimage\"},\"thumbnailUrl\":\"https:\\\/\\\/www.protopopiatebn.ro\\\/wp-content\\\/uploads\\\/2025\\\/01\\\/rug2025-1024x769.jpg\",\"datePublished\":\"2025-01-20T12:26:57+00:00\",\"dateModified\":\"2025-02-24T18:54:22+00:00\",\"author\":{\"@id\":\"https:\\\/\\\/www.protopopiatebn.ro\\\/#\\\/schema\\\/person\\\/0ae7db3eab56aa840037ed9d33d107b2\"},\"breadcrumb\":{\"@id\":\"https:\\\/\\\/www.protopopiatebn.ro\\\/index.php\\\/2025\\\/01\\\/20\\\/seara-ecumenica-de-rugaciune-biserica-greco-catolica-buna-vestire-18-ianuarie-2025\\\/#breadcrumb\"},\"inLanguage\":\"ro-RO\",\"potentialAction\":[{\"@type\":\"ReadAction\",\"target\":[\"https:\\\/\\\/www.protopopiatebn.ro\\\/index.php\\\/2025\\\/01\\\/20\\\/seara-ecumenica-de-rugaciune-biserica-greco-catolica-buna-vestire-18-ianuarie-2025\\\/\"]}]},{\"@type\":\"ImageObject\",\"inLanguage\":\"ro-RO\",\"@id\":\"https:\\\/\\\/www.protopopiatebn.ro\\\/index.php\\\/2025\\\/01\\\/20\\\/seara-ecumenica-de-rugaciune-biserica-greco-catolica-buna-vestire-18-ianuarie-2025\\\/#primaryimage\",\"url\":\"https:\\\/\\\/www.protopopiatebn.ro\\\/wp-content\\\/uploads\\\/2025\\\/01\\\/rug2025-scaled.jpg\",\"contentUrl\":\"https:\\\/\\\/www.protopopiatebn.ro\\\/wp-content\\\/uploads\\\/2025\\\/01\\\/rug2025-scaled.jpg\",\"width\":2560,\"height\":1922},{\"@type\":\"BreadcrumbList\",\"@id\":\"https:\\\/\\\/www.protopopiatebn.ro\\\/index.php\\\/2025\\\/01\\\/20\\\/seara-ecumenica-de-rugaciune-biserica-greco-catolica-buna-vestire-18-ianuarie-2025\\\/#breadcrumb\",\"itemListElement\":[{\"@type\":\"ListItem\",\"position\":1,\"name\":\"Home\",\"item\":\"https:\\\/\\\/www.protopopiatebn.ro\\\/\"},{\"@type\":\"ListItem\",\"position\":2,\"name\":\"SEAR\u0102 ECUMENICA DE RUG\u0102CIUNE &#8211; BISERICA GRECO-CATOLIC\u0102 \u201dBUNA-VESTIRE\u201d, 18 IANUARIE 2025\"}]},{\"@type\":\"WebSite\",\"@id\":\"https:\\\/\\\/www.protopopiatebn.ro\\\/#website\",\"url\":\"https:\\\/\\\/www.protopopiatebn.ro\\\/\",\"name\":\"PROTOPOPIATELE GRECO-CATOLICE BECLEAN, BISTRI\u021aA \u0218I RODNA\",\"description\":\"\",\"potentialAction\":[{\"@type\":\"SearchAction\",\"target\":{\"@type\":\"EntryPoint\",\"urlTemplate\":\"https:\\\/\\\/www.protopopiatebn.ro\\\/?s={search_term_string}\"},\"query-input\":{\"@type\":\"PropertyValueSpecification\",\"valueRequired\":true,\"valueName\":\"search_term_string\"}}],\"inLanguage\":\"ro-RO\"},{\"@type\":\"Person\",\"@id\":\"https:\\\/\\\/www.protopopiatebn.ro\\\/#\\\/schema\\\/person\\\/0ae7db3eab56aa840037ed9d33d107b2\",\"name\":\"media\",\"image\":{\"@type\":\"ImageObject\",\"inLanguage\":\"ro-RO\",\"@id\":\"https:\\\/\\\/secure.gravatar.com\\\/avatar\\\/c4950415c2516cf691eae070b68021dad584fc0b242c5c9adcb4afe41f4d7a3d?s=96&d=mm&r=g\",\"url\":\"https:\\\/\\\/secure.gravatar.com\\\/avatar\\\/c4950415c2516cf691eae070b68021dad584fc0b242c5c9adcb4afe41f4d7a3d?s=96&d=mm&r=g\",\"contentUrl\":\"https:\\\/\\\/secure.gravatar.com\\\/avatar\\\/c4950415c2516cf691eae070b68021dad584fc0b242c5c9adcb4afe41f4d7a3d?s=96&d=mm&r=g\",\"caption\":\"media\"},\"sameAs\":[\"http:\\\/\\\/www.protopopiatebn.ro\"],\"url\":\"https:\\\/\\\/www.protopopiatebn.ro\\\/index.php\\\/author\\\/cris\\\/\"}]}<\/script>\n<!-- \/ Yoast SEO plugin. -->","yoast_head_json":{"title":"SEAR\u0102 ECUMENICA DE RUG\u0102CIUNE - BISERICA GRECO-CATOLIC\u0102 \u201dBUNA-VESTIRE\u201d, 18 IANUARIE 2025 - PROTOPOPIATELE GRECO-CATOLICE BECLEAN, BISTRI\u021aA \u0218I RODNA","robots":{"index":"index","follow":"follow","max-snippet":"max-snippet:-1","max-image-preview":"max-image-preview:large","max-video-preview":"max-video-preview:-1"},"canonical":"https:\/\/www.protopopiatebn.ro\/index.php\/2025\/01\/20\/seara-ecumenica-de-rugaciune-biserica-greco-catolica-buna-vestire-18-ianuarie-2025\/","og_locale":"ro_RO","og_type":"article","og_title":"SEAR\u0102 ECUMENICA DE RUG\u0102CIUNE - BISERICA GRECO-CATOLIC\u0102 \u201dBUNA-VESTIRE\u201d, 18 IANUARIE 2025 - PROTOPOPIATELE GRECO-CATOLICE BECLEAN, BISTRI\u021aA \u0218I RODNA","og_description":"\u00cen fiecare an, \u00een perioada 18-25 ianuarie, are loc o s\u0103pt\u0103m\u00e2n\u0103 de rug\u0103ciune concentrat\u0103 pe idealul de unitate a cre\u0219tinilor. \u00centreaga Biseric\u0103 Catolic\u0103 \u00eempreun\u0103 cu alte confesiuni cre\u0219tine au ocazia de a se \u00eent\u00e2lni \u00een fiecare sear\u0103 a acestei s\u0103pt\u0103m\u00e2ni \u00een comunit\u0103\u021bile fiec\u0103ruia \u00een parte pentru a petrece timp \u00eempreun\u0103, a se ruga, a vorbi ... [Read more...]","og_url":"https:\/\/www.protopopiatebn.ro\/index.php\/2025\/01\/20\/seara-ecumenica-de-rugaciune-biserica-greco-catolica-buna-vestire-18-ianuarie-2025\/","og_site_name":"PROTOPOPIATELE GRECO-CATOLICE BECLEAN, BISTRI\u021aA \u0218I RODNA","article_published_time":"2025-01-20T12:26:57+00:00","article_modified_time":"2025-02-24T18:54:22+00:00","og_image":[{"width":2560,"height":1922,"url":"https:\/\/www.protopopiatebn.ro\/wp-content\/uploads\/2025\/01\/rug2025-scaled.jpg","type":"image\/jpeg"}],"author":"media","twitter_card":"summary_large_image","twitter_misc":{"Scris de":"media","Timp estimat pentru citire":"5 minute"},"schema":{"@context":"https:\/\/schema.org","@graph":[{"@type":"Article","@id":"https:\/\/www.protopopiatebn.ro\/index.php\/2025\/01\/20\/seara-ecumenica-de-rugaciune-biserica-greco-catolica-buna-vestire-18-ianuarie-2025\/#article","isPartOf":{"@id":"https:\/\/www.protopopiatebn.ro\/index.php\/2025\/01\/20\/seara-ecumenica-de-rugaciune-biserica-greco-catolica-buna-vestire-18-ianuarie-2025\/"},"author":{"name":"media","@id":"https:\/\/www.protopopiatebn.ro\/#\/schema\/person\/0ae7db3eab56aa840037ed9d33d107b2"},"headline":"SEAR\u0102 ECUMENICA DE RUG\u0102CIUNE &#8211; BISERICA GRECO-CATOLIC\u0102 \u201dBUNA-VESTIRE\u201d, 18 IANUARIE 2025","datePublished":"2025-01-20T12:26:57+00:00","dateModified":"2025-02-24T18:54:22+00:00","mainEntityOfPage":{"@id":"https:\/\/www.protopopiatebn.ro\/index.php\/2025\/01\/20\/seara-ecumenica-de-rugaciune-biserica-greco-catolica-buna-vestire-18-ianuarie-2025\/"},"wordCount":996,"commentCount":0,"image":{"@id":"https:\/\/www.protopopiatebn.ro\/index.php\/2025\/01\/20\/seara-ecumenica-de-rugaciune-biserica-greco-catolica-buna-vestire-18-ianuarie-2025\/#primaryimage"},"thumbnailUrl":"https:\/\/www.protopopiatebn.ro\/wp-content\/uploads\/2025\/01\/rug2025-1024x769.jpg","articleSection":["Uncategorized"],"inLanguage":"ro-RO","potentialAction":[{"@type":"CommentAction","name":"Comment","target":["https:\/\/www.protopopiatebn.ro\/index.php\/2025\/01\/20\/seara-ecumenica-de-rugaciune-biserica-greco-catolica-buna-vestire-18-ianuarie-2025\/#respond"]}]},{"@type":"WebPage","@id":"https:\/\/www.protopopiatebn.ro\/index.php\/2025\/01\/20\/seara-ecumenica-de-rugaciune-biserica-greco-catolica-buna-vestire-18-ianuarie-2025\/","url":"https:\/\/www.protopopiatebn.ro\/index.php\/2025\/01\/20\/seara-ecumenica-de-rugaciune-biserica-greco-catolica-buna-vestire-18-ianuarie-2025\/","name":"SEAR\u0102 ECUMENICA DE RUG\u0102CIUNE - BISERICA GRECO-CATOLIC\u0102 \u201dBUNA-VESTIRE\u201d, 18 IANUARIE 2025 - PROTOPOPIATELE GRECO-CATOLICE BECLEAN, BISTRI\u021aA \u0218I RODNA","isPartOf":{"@id":"https:\/\/www.protopopiatebn.ro\/#website"},"primaryImageOfPage":{"@id":"https:\/\/www.protopopiatebn.ro\/index.php\/2025\/01\/20\/seara-ecumenica-de-rugaciune-biserica-greco-catolica-buna-vestire-18-ianuarie-2025\/#primaryimage"},"image":{"@id":"https:\/\/www.protopopiatebn.ro\/index.php\/2025\/01\/20\/seara-ecumenica-de-rugaciune-biserica-greco-catolica-buna-vestire-18-ianuarie-2025\/#primaryimage"},"thumbnailUrl":"https:\/\/www.protopopiatebn.ro\/wp-content\/uploads\/2025\/01\/rug2025-1024x769.jpg","datePublished":"2025-01-20T12:26:57+00:00","dateModified":"2025-02-24T18:54:22+00:00","author":{"@id":"https:\/\/www.protopopiatebn.ro\/#\/schema\/person\/0ae7db3eab56aa840037ed9d33d107b2"},"breadcrumb":{"@id":"https:\/\/www.protopopiatebn.ro\/index.php\/2025\/01\/20\/seara-ecumenica-de-rugaciune-biserica-greco-catolica-buna-vestire-18-ianuarie-2025\/#breadcrumb"},"inLanguage":"ro-RO","potentialAction":[{"@type":"ReadAction","target":["https:\/\/www.protopopiatebn.ro\/index.php\/2025\/01\/20\/seara-ecumenica-de-rugaciune-biserica-greco-catolica-buna-vestire-18-ianuarie-2025\/"]}]},{"@type":"ImageObject","inLanguage":"ro-RO","@id":"https:\/\/www.protopopiatebn.ro\/index.php\/2025\/01\/20\/seara-ecumenica-de-rugaciune-biserica-greco-catolica-buna-vestire-18-ianuarie-2025\/#primaryimage","url":"https:\/\/www.protopopiatebn.ro\/wp-content\/uploads\/2025\/01\/rug2025-scaled.jpg","contentUrl":"https:\/\/www.protopopiatebn.ro\/wp-content\/uploads\/2025\/01\/rug2025-scaled.jpg","width":2560,"height":1922},{"@type":"BreadcrumbList","@id":"https:\/\/www.protopopiatebn.ro\/index.php\/2025\/01\/20\/seara-ecumenica-de-rugaciune-biserica-greco-catolica-buna-vestire-18-ianuarie-2025\/#breadcrumb","itemListElement":[{"@type":"ListItem","position":1,"name":"Home","item":"https:\/\/www.protopopiatebn.ro\/"},{"@type":"ListItem","position":2,"name":"SEAR\u0102 ECUMENICA DE RUG\u0102CIUNE &#8211; BISERICA GRECO-CATOLIC\u0102 \u201dBUNA-VESTIRE\u201d, 18 IANUARIE 2025"}]},{"@type":"WebSite","@id":"https:\/\/www.protopopiatebn.ro\/#website","url":"https:\/\/www.protopopiatebn.ro\/","name":"PROTOPOPIATELE GRECO-CATOLICE BECLEAN, BISTRI\u021aA \u0218I RODNA","description":"","potentialAction":[{"@type":"SearchAction","target":{"@type":"EntryPoint","urlTemplate":"https:\/\/www.protopopiatebn.ro\/?s={search_term_string}"},"query-input":{"@type":"PropertyValueSpecification","valueRequired":true,"valueName":"search_term_string"}}],"inLanguage":"ro-RO"},{"@type":"Person","@id":"https:\/\/www.protopopiatebn.ro\/#\/schema\/person\/0ae7db3eab56aa840037ed9d33d107b2","name":"media","image":{"@type":"ImageObject","inLanguage":"ro-RO","@id":"https:\/\/secure.gravatar.com\/avatar\/c4950415c2516cf691eae070b68021dad584fc0b242c5c9adcb4afe41f4d7a3d?s=96&d=mm&r=g","url":"https:\/\/secure.gravatar.com\/avatar\/c4950415c2516cf691eae070b68021dad584fc0b242c5c9adcb4afe41f4d7a3d?s=96&d=mm&r=g","contentUrl":"https:\/\/secure.gravatar.com\/avatar\/c4950415c2516cf691eae070b68021dad584fc0b242c5c9adcb4afe41f4d7a3d?s=96&d=mm&r=g","caption":"media"},"sameAs":["http:\/\/www.protopopiatebn.ro"],"url":"https:\/\/www.protopopiatebn.ro\/index.php\/author\/cris\/"}]}},"_links":{"self":[{"href":"https:\/\/www.protopopiatebn.ro\/index.php\/wp-json\/wp\/v2\/posts\/1149","targetHints":{"allow":["GET"]}}],"collection":[{"href":"https:\/\/www.protopopiatebn.ro\/index.php\/wp-json\/wp\/v2\/posts"}],"about":[{"href":"https:\/\/www.protopopiatebn.ro\/index.php\/wp-json\/wp\/v2\/types\/post"}],"author":[{"embeddable":true,"href":"https:\/\/www.protopopiatebn.ro\/index.php\/wp-json\/wp\/v2\/users\/5"}],"replies":[{"embeddable":true,"href":"https:\/\/www.protopopiatebn.ro\/index.php\/wp-json\/wp\/v2\/comments?post=1149"}],"version-history":[{"count":37,"href":"https:\/\/www.protopopiatebn.ro\/index.php\/wp-json\/wp\/v2\/posts\/1149\/revisions"}],"predecessor-version":[{"id":1211,"href":"https:\/\/www.protopopiatebn.ro\/index.php\/wp-json\/wp\/v2\/posts\/1149\/revisions\/1211"}],"wp:attachment":[{"href":"https:\/\/www.protopopiatebn.ro\/index.php\/wp-json\/wp\/v2\/media?parent=1149"}],"wp:term":[{"taxonomy":"category","embeddable":true,"href":"https:\/\/www.protopopiatebn.ro\/index.php\/wp-json\/wp\/v2\/categories?post=1149"},{"taxonomy":"post_tag","embeddable":true,"href":"https:\/\/www.protopopiatebn.ro\/index.php\/wp-json\/wp\/v2\/tags?post=1149"}],"curies":[{"name":"wp","href":"https:\/\/api.w.org\/{rel}","templated":true}]}}