{"id":1089,"date":"2024-12-26T20:32:33","date_gmt":"2024-12-26T18:32:33","guid":{"rendered":"https:\/\/www.protopopiatebn.ro\/?p=1089"},"modified":"2025-02-24T20:54:35","modified_gmt":"2025-02-24T18:54:35","slug":"celebrarea-liturgica-in-parohia-greco-catolica-buna-vestire-bistrita-si-instalare-de-vicari-parohiali-26-12-2024","status":"publish","type":"post","link":"https:\/\/www.protopopiatebn.ro\/index.php\/2024\/12\/26\/celebrarea-liturgica-in-parohia-greco-catolica-buna-vestire-bistrita-si-instalare-de-vicari-parohiali-26-12-2024\/","title":{"rendered":"Celebrarea liturgic\u0103 \u00een Parohia Greco-Catolic\u0103 \u201dBuna-Vestire\u201d Bistri\u021ba \u0219i instalare de vicari parohiali 26.12.2024"},"content":{"rendered":"<p><img loading=\"lazy\" decoding=\"async\" class=\"size-large wp-image-1091 aligncenter\" src=\"https:\/\/www.protopopiatebn.ro\/wp-content\/uploads\/2024\/12\/IMG_1039-1024x769.jpg\" alt=\"\" width=\"700\" height=\"526\" srcset=\"https:\/\/www.protopopiatebn.ro\/wp-content\/uploads\/2024\/12\/IMG_1039-1024x769.jpg 1024w, https:\/\/www.protopopiatebn.ro\/wp-content\/uploads\/2024\/12\/IMG_1039-300x225.jpg 300w, https:\/\/www.protopopiatebn.ro\/wp-content\/uploads\/2024\/12\/IMG_1039-768x577.jpg 768w, https:\/\/www.protopopiatebn.ro\/wp-content\/uploads\/2024\/12\/IMG_1039-1536x1153.jpg 1536w, https:\/\/www.protopopiatebn.ro\/wp-content\/uploads\/2024\/12\/IMG_1039-2048x1538.jpg 2048w\" sizes=\"auto, (max-width: 700px) 100vw, 700px\" \/><\/p>\n<p>\u00cen a doua zi de Cr\u0103ciun, c\u00e2nd Biserica o serbeaz\u0103 pe Maica Domnului, p\u0103rintele protopop Cristian Goia s-a aflat \u00een mijlocul comunit\u0103\u021bii \u201eBuna Vestire\u201d din Bistri\u021ba cu ocazia instal\u0103rii p\u0103rintelui Cosmin Ioan Moldovan \u0219i a p\u0103rintelui Valentin Cristian Bica \u00een calitate de vicari parohiali pentru Parohia Greco-Catolic\u0103 \u201dBuna-Vestire\u201d Bistri\u021ba I.<\/p>\n<p>Sf\u00e2nta Liturghie a fost celebrat\u0103 \u00een mod solemn, r\u0103spunsurile fiind oferite de corul parohiei \u201eSanctus Spiritus\u201d. La finalul Jertfei Liturgice p\u0103rintele protopop a f\u0103cut o scurt\u0103 prezentarea a preo\u021bilor \u0219i a dat citire decretelor ce atest\u0103 hot\u0103r\u00e2rea Preasfin\u021biei Sale Claudiu de a-i numi \u00een func\u021bia de vicari parohiali pe cei doi preo\u021bi. Ei se vor implica \u00een misiunea pastoral\u0103 din comunitatea \u201eBuna Vestire\u201d din Bistri\u021ba al\u0103turi de p\u0103rintele Teodor Costin care este vicar \u00een aceast\u0103 parohie de mai mult\u0103 vreme, coordona\u021bi fiind de p\u0103rintele paroh Ioan Fri\u0219an. De asemenea, p\u0103rintele Cosmin Ioan Moldovan a primit atribu\u021bii \u0219i \u00een pastora\u021bia tinerilor \u0219i copiilor din protopopiatul Bistri\u021ba. La finalul discursului de instalare, Pr. protopop a subliniat trei valori esen\u021biale care trebuie s\u0103-i \u00eenso\u021beasc\u0103 pe noii p\u0103stori \u00een slujirea comunit\u0103\u021bii: credin\u021ba, unitatea \u0219i iubirea. Apoi i-a felicitat \u0219i \u00eencredin\u021bat rug\u0103ciunilor comunit\u0103\u021bii parohiale.<\/p>\n<p>Cei doi preo\u021bi au fost primi\u021bi \u00een s\u00e2nul comunit\u0103\u021bii cu bucurie \u0219i cu felicit\u0103ri din partea credincio\u0219ilor \u0219i a p\u0103storilor comunit\u0103\u021bii.<\/p>\n<p style=\"text-align: right;\">a consemnat secretarul protopopiatului, diaconul Ovidiu Iusco<\/p>\n<p>&nbsp;<\/p>\n<h2><a href=\"https:\/\/photos.app.goo.gl\/oe84mvAKmG6yz2zB9\">ALBUM FOTO<\/a><\/h2>\n<h2><a href=\"https:\/\/youtu.be\/rfO_vTnJkDQ?feature=shared\">SF\u00c2NTA LITURGHIE VIDEO<\/a><\/h2>\n<p><iframe loading=\"lazy\" title=\"YouTube video player\" src=\"https:\/\/www.youtube.com\/embed\/rfO_vTnJkDQ?si=yaoNOU8ybsFm-0rx\" width=\"560\" height=\"315\" frameborder=\"0\" allowfullscreen=\"allowfullscreen\"><\/iframe><\/p>\n","protected":false},"excerpt":{"rendered":"<p>\u00cen a doua zi de Cr\u0103ciun, c\u00e2nd Biserica o serbeaz\u0103 pe Maica Domnului, p\u0103rintele protopop Cristian Goia s-a aflat \u00een mijlocul comunit\u0103\u021bii \u201eBuna Vestire\u201d din Bistri\u021ba cu ocazia instal\u0103rii p\u0103rintelui Cosmin Ioan Moldovan \u0219i a p\u0103rintelui Valentin Cristian Bica \u00een calitate de vicari parohiali pentru Parohia Greco-Catolic\u0103 \u201dBuna-Vestire\u201d Bistri\u021ba I. Sf\u00e2nta Liturghie a fost celebrat\u0103 &#8230; <span class=\"more\"><a class=\"more-link\" href=\"https:\/\/www.protopopiatebn.ro\/index.php\/2024\/12\/26\/celebrarea-liturgica-in-parohia-greco-catolica-buna-vestire-bistrita-si-instalare-de-vicari-parohiali-26-12-2024\/\">[Read more&#8230;]<\/a><\/span><\/p>\n","protected":false},"author":5,"featured_media":0,"comment_status":"open","ping_status":"open","sticky":false,"template":"","format":"standard","meta":{"footnotes":""},"categories":[1],"tags":[],"class_list":{"0":"entry","1":"post","2":"publish","3":"author-cris","4":"post-1089","6":"format-standard","7":"category-uncategorized"},"yoast_head":"<!-- This site is optimized with the Yoast SEO plugin v27.5 - https:\/\/yoast.com\/product\/yoast-seo-wordpress\/ -->\n<title>Celebrarea liturgic\u0103 \u00een Parohia Greco-Catolic\u0103 \u201dBuna-Vestire\u201d Bistri\u021ba \u0219i instalare de vicari parohiali 26.12.2024 - PROTOPOPIATELE GRECO-CATOLICE BECLEAN, BISTRI\u021aA \u0218I RODNA<\/title>\n<meta name=\"robots\" content=\"index, follow, max-snippet:-1, max-image-preview:large, max-video-preview:-1\" \/>\n<link rel=\"canonical\" href=\"https:\/\/www.protopopiatebn.ro\/index.php\/2024\/12\/26\/celebrarea-liturgica-in-parohia-greco-catolica-buna-vestire-bistrita-si-instalare-de-vicari-parohiali-26-12-2024\/\" \/>\n<meta property=\"og:locale\" content=\"ro_RO\" \/>\n<meta property=\"og:type\" content=\"article\" \/>\n<meta property=\"og:title\" content=\"Celebrarea liturgic\u0103 \u00een Parohia Greco-Catolic\u0103 \u201dBuna-Vestire\u201d Bistri\u021ba \u0219i instalare de vicari parohiali 26.12.2024 - PROTOPOPIATELE GRECO-CATOLICE BECLEAN, BISTRI\u021aA \u0218I RODNA\" \/>\n<meta property=\"og:description\" content=\"\u00cen a doua zi de Cr\u0103ciun, c\u00e2nd Biserica o serbeaz\u0103 pe Maica Domnului, p\u0103rintele protopop Cristian Goia s-a aflat \u00een mijlocul comunit\u0103\u021bii \u201eBuna Vestire\u201d din Bistri\u021ba cu ocazia instal\u0103rii p\u0103rintelui Cosmin Ioan Moldovan \u0219i a p\u0103rintelui Valentin Cristian Bica \u00een calitate de vicari parohiali pentru Parohia Greco-Catolic\u0103 \u201dBuna-Vestire\u201d Bistri\u021ba I. Sf\u00e2nta Liturghie a fost celebrat\u0103 ... [Read more...]\" \/>\n<meta property=\"og:url\" content=\"https:\/\/www.protopopiatebn.ro\/index.php\/2024\/12\/26\/celebrarea-liturgica-in-parohia-greco-catolica-buna-vestire-bistrita-si-instalare-de-vicari-parohiali-26-12-2024\/\" \/>\n<meta property=\"og:site_name\" content=\"PROTOPOPIATELE GRECO-CATOLICE BECLEAN, BISTRI\u021aA \u0218I RODNA\" \/>\n<meta property=\"article:published_time\" content=\"2024-12-26T18:32:33+00:00\" \/>\n<meta property=\"article:modified_time\" content=\"2025-02-24T18:54:35+00:00\" \/>\n<meta property=\"og:image\" content=\"https:\/\/www.protopopiatebn.ro\/wp-content\/uploads\/2024\/12\/IMG_1039-scaled.jpg\" \/>\n\t<meta property=\"og:image:width\" content=\"2560\" \/>\n\t<meta property=\"og:image:height\" content=\"1922\" \/>\n\t<meta property=\"og:image:type\" content=\"image\/jpeg\" \/>\n<meta name=\"author\" content=\"media\" \/>\n<meta name=\"twitter:card\" content=\"summary_large_image\" \/>\n<meta name=\"twitter:label1\" content=\"Scris de\" \/>\n\t<meta name=\"twitter:data1\" content=\"media\" \/>\n\t<meta name=\"twitter:label2\" content=\"Timp estimat pentru citire\" \/>\n\t<meta name=\"twitter:data2\" content=\"2 minute\" \/>\n<script type=\"application\/ld+json\" class=\"yoast-schema-graph\">{\"@context\":\"https:\\\/\\\/schema.org\",\"@graph\":[{\"@type\":\"Article\",\"@id\":\"https:\\\/\\\/www.protopopiatebn.ro\\\/index.php\\\/2024\\\/12\\\/26\\\/celebrarea-liturgica-in-parohia-greco-catolica-buna-vestire-bistrita-si-instalare-de-vicari-parohiali-26-12-2024\\\/#article\",\"isPartOf\":{\"@id\":\"https:\\\/\\\/www.protopopiatebn.ro\\\/index.php\\\/2024\\\/12\\\/26\\\/celebrarea-liturgica-in-parohia-greco-catolica-buna-vestire-bistrita-si-instalare-de-vicari-parohiali-26-12-2024\\\/\"},\"author\":{\"name\":\"media\",\"@id\":\"https:\\\/\\\/www.protopopiatebn.ro\\\/#\\\/schema\\\/person\\\/0ae7db3eab56aa840037ed9d33d107b2\"},\"headline\":\"Celebrarea liturgic\u0103 \u00een Parohia Greco-Catolic\u0103 \u201dBuna-Vestire\u201d Bistri\u021ba \u0219i instalare de vicari parohiali 26.12.2024\",\"datePublished\":\"2024-12-26T18:32:33+00:00\",\"dateModified\":\"2025-02-24T18:54:35+00:00\",\"mainEntityOfPage\":{\"@id\":\"https:\\\/\\\/www.protopopiatebn.ro\\\/index.php\\\/2024\\\/12\\\/26\\\/celebrarea-liturgica-in-parohia-greco-catolica-buna-vestire-bistrita-si-instalare-de-vicari-parohiali-26-12-2024\\\/\"},\"wordCount\":283,\"commentCount\":0,\"image\":{\"@id\":\"https:\\\/\\\/www.protopopiatebn.ro\\\/index.php\\\/2024\\\/12\\\/26\\\/celebrarea-liturgica-in-parohia-greco-catolica-buna-vestire-bistrita-si-instalare-de-vicari-parohiali-26-12-2024\\\/#primaryimage\"},\"thumbnailUrl\":\"https:\\\/\\\/www.protopopiatebn.ro\\\/wp-content\\\/uploads\\\/2024\\\/12\\\/IMG_1039-1024x769.jpg\",\"articleSection\":[\"Uncategorized\"],\"inLanguage\":\"ro-RO\",\"potentialAction\":[{\"@type\":\"CommentAction\",\"name\":\"Comment\",\"target\":[\"https:\\\/\\\/www.protopopiatebn.ro\\\/index.php\\\/2024\\\/12\\\/26\\\/celebrarea-liturgica-in-parohia-greco-catolica-buna-vestire-bistrita-si-instalare-de-vicari-parohiali-26-12-2024\\\/#respond\"]}]},{\"@type\":\"WebPage\",\"@id\":\"https:\\\/\\\/www.protopopiatebn.ro\\\/index.php\\\/2024\\\/12\\\/26\\\/celebrarea-liturgica-in-parohia-greco-catolica-buna-vestire-bistrita-si-instalare-de-vicari-parohiali-26-12-2024\\\/\",\"url\":\"https:\\\/\\\/www.protopopiatebn.ro\\\/index.php\\\/2024\\\/12\\\/26\\\/celebrarea-liturgica-in-parohia-greco-catolica-buna-vestire-bistrita-si-instalare-de-vicari-parohiali-26-12-2024\\\/\",\"name\":\"Celebrarea liturgic\u0103 \u00een Parohia Greco-Catolic\u0103 \u201dBuna-Vestire\u201d Bistri\u021ba \u0219i instalare de vicari parohiali 26.12.2024 - PROTOPOPIATELE GRECO-CATOLICE BECLEAN, BISTRI\u021aA \u0218I RODNA\",\"isPartOf\":{\"@id\":\"https:\\\/\\\/www.protopopiatebn.ro\\\/#website\"},\"primaryImageOfPage\":{\"@id\":\"https:\\\/\\\/www.protopopiatebn.ro\\\/index.php\\\/2024\\\/12\\\/26\\\/celebrarea-liturgica-in-parohia-greco-catolica-buna-vestire-bistrita-si-instalare-de-vicari-parohiali-26-12-2024\\\/#primaryimage\"},\"image\":{\"@id\":\"https:\\\/\\\/www.protopopiatebn.ro\\\/index.php\\\/2024\\\/12\\\/26\\\/celebrarea-liturgica-in-parohia-greco-catolica-buna-vestire-bistrita-si-instalare-de-vicari-parohiali-26-12-2024\\\/#primaryimage\"},\"thumbnailUrl\":\"https:\\\/\\\/www.protopopiatebn.ro\\\/wp-content\\\/uploads\\\/2024\\\/12\\\/IMG_1039-1024x769.jpg\",\"datePublished\":\"2024-12-26T18:32:33+00:00\",\"dateModified\":\"2025-02-24T18:54:35+00:00\",\"author\":{\"@id\":\"https:\\\/\\\/www.protopopiatebn.ro\\\/#\\\/schema\\\/person\\\/0ae7db3eab56aa840037ed9d33d107b2\"},\"breadcrumb\":{\"@id\":\"https:\\\/\\\/www.protopopiatebn.ro\\\/index.php\\\/2024\\\/12\\\/26\\\/celebrarea-liturgica-in-parohia-greco-catolica-buna-vestire-bistrita-si-instalare-de-vicari-parohiali-26-12-2024\\\/#breadcrumb\"},\"inLanguage\":\"ro-RO\",\"potentialAction\":[{\"@type\":\"ReadAction\",\"target\":[\"https:\\\/\\\/www.protopopiatebn.ro\\\/index.php\\\/2024\\\/12\\\/26\\\/celebrarea-liturgica-in-parohia-greco-catolica-buna-vestire-bistrita-si-instalare-de-vicari-parohiali-26-12-2024\\\/\"]}]},{\"@type\":\"ImageObject\",\"inLanguage\":\"ro-RO\",\"@id\":\"https:\\\/\\\/www.protopopiatebn.ro\\\/index.php\\\/2024\\\/12\\\/26\\\/celebrarea-liturgica-in-parohia-greco-catolica-buna-vestire-bistrita-si-instalare-de-vicari-parohiali-26-12-2024\\\/#primaryimage\",\"url\":\"https:\\\/\\\/www.protopopiatebn.ro\\\/wp-content\\\/uploads\\\/2024\\\/12\\\/IMG_1039-scaled.jpg\",\"contentUrl\":\"https:\\\/\\\/www.protopopiatebn.ro\\\/wp-content\\\/uploads\\\/2024\\\/12\\\/IMG_1039-scaled.jpg\",\"width\":2560,\"height\":1922},{\"@type\":\"BreadcrumbList\",\"@id\":\"https:\\\/\\\/www.protopopiatebn.ro\\\/index.php\\\/2024\\\/12\\\/26\\\/celebrarea-liturgica-in-parohia-greco-catolica-buna-vestire-bistrita-si-instalare-de-vicari-parohiali-26-12-2024\\\/#breadcrumb\",\"itemListElement\":[{\"@type\":\"ListItem\",\"position\":1,\"name\":\"Home\",\"item\":\"https:\\\/\\\/www.protopopiatebn.ro\\\/\"},{\"@type\":\"ListItem\",\"position\":2,\"name\":\"Celebrarea liturgic\u0103 \u00een Parohia Greco-Catolic\u0103 \u201dBuna-Vestire\u201d Bistri\u021ba \u0219i instalare de vicari parohiali 26.12.2024\"}]},{\"@type\":\"WebSite\",\"@id\":\"https:\\\/\\\/www.protopopiatebn.ro\\\/#website\",\"url\":\"https:\\\/\\\/www.protopopiatebn.ro\\\/\",\"name\":\"PROTOPOPIATELE GRECO-CATOLICE BECLEAN, BISTRI\u021aA \u0218I RODNA\",\"description\":\"\",\"potentialAction\":[{\"@type\":\"SearchAction\",\"target\":{\"@type\":\"EntryPoint\",\"urlTemplate\":\"https:\\\/\\\/www.protopopiatebn.ro\\\/?s={search_term_string}\"},\"query-input\":{\"@type\":\"PropertyValueSpecification\",\"valueRequired\":true,\"valueName\":\"search_term_string\"}}],\"inLanguage\":\"ro-RO\"},{\"@type\":\"Person\",\"@id\":\"https:\\\/\\\/www.protopopiatebn.ro\\\/#\\\/schema\\\/person\\\/0ae7db3eab56aa840037ed9d33d107b2\",\"name\":\"media\",\"image\":{\"@type\":\"ImageObject\",\"inLanguage\":\"ro-RO\",\"@id\":\"https:\\\/\\\/secure.gravatar.com\\\/avatar\\\/c4950415c2516cf691eae070b68021dad584fc0b242c5c9adcb4afe41f4d7a3d?s=96&d=mm&r=g\",\"url\":\"https:\\\/\\\/secure.gravatar.com\\\/avatar\\\/c4950415c2516cf691eae070b68021dad584fc0b242c5c9adcb4afe41f4d7a3d?s=96&d=mm&r=g\",\"contentUrl\":\"https:\\\/\\\/secure.gravatar.com\\\/avatar\\\/c4950415c2516cf691eae070b68021dad584fc0b242c5c9adcb4afe41f4d7a3d?s=96&d=mm&r=g\",\"caption\":\"media\"},\"sameAs\":[\"http:\\\/\\\/www.protopopiatebn.ro\"],\"url\":\"https:\\\/\\\/www.protopopiatebn.ro\\\/index.php\\\/author\\\/cris\\\/\"}]}<\/script>\n<!-- \/ Yoast SEO plugin. -->","yoast_head_json":{"title":"Celebrarea liturgic\u0103 \u00een Parohia Greco-Catolic\u0103 \u201dBuna-Vestire\u201d Bistri\u021ba \u0219i instalare de vicari parohiali 26.12.2024 - PROTOPOPIATELE GRECO-CATOLICE BECLEAN, BISTRI\u021aA \u0218I RODNA","robots":{"index":"index","follow":"follow","max-snippet":"max-snippet:-1","max-image-preview":"max-image-preview:large","max-video-preview":"max-video-preview:-1"},"canonical":"https:\/\/www.protopopiatebn.ro\/index.php\/2024\/12\/26\/celebrarea-liturgica-in-parohia-greco-catolica-buna-vestire-bistrita-si-instalare-de-vicari-parohiali-26-12-2024\/","og_locale":"ro_RO","og_type":"article","og_title":"Celebrarea liturgic\u0103 \u00een Parohia Greco-Catolic\u0103 \u201dBuna-Vestire\u201d Bistri\u021ba \u0219i instalare de vicari parohiali 26.12.2024 - PROTOPOPIATELE GRECO-CATOLICE BECLEAN, BISTRI\u021aA \u0218I RODNA","og_description":"\u00cen a doua zi de Cr\u0103ciun, c\u00e2nd Biserica o serbeaz\u0103 pe Maica Domnului, p\u0103rintele protopop Cristian Goia s-a aflat \u00een mijlocul comunit\u0103\u021bii \u201eBuna Vestire\u201d din Bistri\u021ba cu ocazia instal\u0103rii p\u0103rintelui Cosmin Ioan Moldovan \u0219i a p\u0103rintelui Valentin Cristian Bica \u00een calitate de vicari parohiali pentru Parohia Greco-Catolic\u0103 \u201dBuna-Vestire\u201d Bistri\u021ba I. Sf\u00e2nta Liturghie a fost celebrat\u0103 ... [Read more...]","og_url":"https:\/\/www.protopopiatebn.ro\/index.php\/2024\/12\/26\/celebrarea-liturgica-in-parohia-greco-catolica-buna-vestire-bistrita-si-instalare-de-vicari-parohiali-26-12-2024\/","og_site_name":"PROTOPOPIATELE GRECO-CATOLICE BECLEAN, BISTRI\u021aA \u0218I RODNA","article_published_time":"2024-12-26T18:32:33+00:00","article_modified_time":"2025-02-24T18:54:35+00:00","og_image":[{"width":2560,"height":1922,"url":"https:\/\/www.protopopiatebn.ro\/wp-content\/uploads\/2024\/12\/IMG_1039-scaled.jpg","type":"image\/jpeg"}],"author":"media","twitter_card":"summary_large_image","twitter_misc":{"Scris de":"media","Timp estimat pentru citire":"2 minute"},"schema":{"@context":"https:\/\/schema.org","@graph":[{"@type":"Article","@id":"https:\/\/www.protopopiatebn.ro\/index.php\/2024\/12\/26\/celebrarea-liturgica-in-parohia-greco-catolica-buna-vestire-bistrita-si-instalare-de-vicari-parohiali-26-12-2024\/#article","isPartOf":{"@id":"https:\/\/www.protopopiatebn.ro\/index.php\/2024\/12\/26\/celebrarea-liturgica-in-parohia-greco-catolica-buna-vestire-bistrita-si-instalare-de-vicari-parohiali-26-12-2024\/"},"author":{"name":"media","@id":"https:\/\/www.protopopiatebn.ro\/#\/schema\/person\/0ae7db3eab56aa840037ed9d33d107b2"},"headline":"Celebrarea liturgic\u0103 \u00een Parohia Greco-Catolic\u0103 \u201dBuna-Vestire\u201d Bistri\u021ba \u0219i instalare de vicari parohiali 26.12.2024","datePublished":"2024-12-26T18:32:33+00:00","dateModified":"2025-02-24T18:54:35+00:00","mainEntityOfPage":{"@id":"https:\/\/www.protopopiatebn.ro\/index.php\/2024\/12\/26\/celebrarea-liturgica-in-parohia-greco-catolica-buna-vestire-bistrita-si-instalare-de-vicari-parohiali-26-12-2024\/"},"wordCount":283,"commentCount":0,"image":{"@id":"https:\/\/www.protopopiatebn.ro\/index.php\/2024\/12\/26\/celebrarea-liturgica-in-parohia-greco-catolica-buna-vestire-bistrita-si-instalare-de-vicari-parohiali-26-12-2024\/#primaryimage"},"thumbnailUrl":"https:\/\/www.protopopiatebn.ro\/wp-content\/uploads\/2024\/12\/IMG_1039-1024x769.jpg","articleSection":["Uncategorized"],"inLanguage":"ro-RO","potentialAction":[{"@type":"CommentAction","name":"Comment","target":["https:\/\/www.protopopiatebn.ro\/index.php\/2024\/12\/26\/celebrarea-liturgica-in-parohia-greco-catolica-buna-vestire-bistrita-si-instalare-de-vicari-parohiali-26-12-2024\/#respond"]}]},{"@type":"WebPage","@id":"https:\/\/www.protopopiatebn.ro\/index.php\/2024\/12\/26\/celebrarea-liturgica-in-parohia-greco-catolica-buna-vestire-bistrita-si-instalare-de-vicari-parohiali-26-12-2024\/","url":"https:\/\/www.protopopiatebn.ro\/index.php\/2024\/12\/26\/celebrarea-liturgica-in-parohia-greco-catolica-buna-vestire-bistrita-si-instalare-de-vicari-parohiali-26-12-2024\/","name":"Celebrarea liturgic\u0103 \u00een Parohia Greco-Catolic\u0103 \u201dBuna-Vestire\u201d Bistri\u021ba \u0219i instalare de vicari parohiali 26.12.2024 - PROTOPOPIATELE GRECO-CATOLICE BECLEAN, BISTRI\u021aA \u0218I RODNA","isPartOf":{"@id":"https:\/\/www.protopopiatebn.ro\/#website"},"primaryImageOfPage":{"@id":"https:\/\/www.protopopiatebn.ro\/index.php\/2024\/12\/26\/celebrarea-liturgica-in-parohia-greco-catolica-buna-vestire-bistrita-si-instalare-de-vicari-parohiali-26-12-2024\/#primaryimage"},"image":{"@id":"https:\/\/www.protopopiatebn.ro\/index.php\/2024\/12\/26\/celebrarea-liturgica-in-parohia-greco-catolica-buna-vestire-bistrita-si-instalare-de-vicari-parohiali-26-12-2024\/#primaryimage"},"thumbnailUrl":"https:\/\/www.protopopiatebn.ro\/wp-content\/uploads\/2024\/12\/IMG_1039-1024x769.jpg","datePublished":"2024-12-26T18:32:33+00:00","dateModified":"2025-02-24T18:54:35+00:00","author":{"@id":"https:\/\/www.protopopiatebn.ro\/#\/schema\/person\/0ae7db3eab56aa840037ed9d33d107b2"},"breadcrumb":{"@id":"https:\/\/www.protopopiatebn.ro\/index.php\/2024\/12\/26\/celebrarea-liturgica-in-parohia-greco-catolica-buna-vestire-bistrita-si-instalare-de-vicari-parohiali-26-12-2024\/#breadcrumb"},"inLanguage":"ro-RO","potentialAction":[{"@type":"ReadAction","target":["https:\/\/www.protopopiatebn.ro\/index.php\/2024\/12\/26\/celebrarea-liturgica-in-parohia-greco-catolica-buna-vestire-bistrita-si-instalare-de-vicari-parohiali-26-12-2024\/"]}]},{"@type":"ImageObject","inLanguage":"ro-RO","@id":"https:\/\/www.protopopiatebn.ro\/index.php\/2024\/12\/26\/celebrarea-liturgica-in-parohia-greco-catolica-buna-vestire-bistrita-si-instalare-de-vicari-parohiali-26-12-2024\/#primaryimage","url":"https:\/\/www.protopopiatebn.ro\/wp-content\/uploads\/2024\/12\/IMG_1039-scaled.jpg","contentUrl":"https:\/\/www.protopopiatebn.ro\/wp-content\/uploads\/2024\/12\/IMG_1039-scaled.jpg","width":2560,"height":1922},{"@type":"BreadcrumbList","@id":"https:\/\/www.protopopiatebn.ro\/index.php\/2024\/12\/26\/celebrarea-liturgica-in-parohia-greco-catolica-buna-vestire-bistrita-si-instalare-de-vicari-parohiali-26-12-2024\/#breadcrumb","itemListElement":[{"@type":"ListItem","position":1,"name":"Home","item":"https:\/\/www.protopopiatebn.ro\/"},{"@type":"ListItem","position":2,"name":"Celebrarea liturgic\u0103 \u00een Parohia Greco-Catolic\u0103 \u201dBuna-Vestire\u201d Bistri\u021ba \u0219i instalare de vicari parohiali 26.12.2024"}]},{"@type":"WebSite","@id":"https:\/\/www.protopopiatebn.ro\/#website","url":"https:\/\/www.protopopiatebn.ro\/","name":"PROTOPOPIATELE GRECO-CATOLICE BECLEAN, BISTRI\u021aA \u0218I RODNA","description":"","potentialAction":[{"@type":"SearchAction","target":{"@type":"EntryPoint","urlTemplate":"https:\/\/www.protopopiatebn.ro\/?s={search_term_string}"},"query-input":{"@type":"PropertyValueSpecification","valueRequired":true,"valueName":"search_term_string"}}],"inLanguage":"ro-RO"},{"@type":"Person","@id":"https:\/\/www.protopopiatebn.ro\/#\/schema\/person\/0ae7db3eab56aa840037ed9d33d107b2","name":"media","image":{"@type":"ImageObject","inLanguage":"ro-RO","@id":"https:\/\/secure.gravatar.com\/avatar\/c4950415c2516cf691eae070b68021dad584fc0b242c5c9adcb4afe41f4d7a3d?s=96&d=mm&r=g","url":"https:\/\/secure.gravatar.com\/avatar\/c4950415c2516cf691eae070b68021dad584fc0b242c5c9adcb4afe41f4d7a3d?s=96&d=mm&r=g","contentUrl":"https:\/\/secure.gravatar.com\/avatar\/c4950415c2516cf691eae070b68021dad584fc0b242c5c9adcb4afe41f4d7a3d?s=96&d=mm&r=g","caption":"media"},"sameAs":["http:\/\/www.protopopiatebn.ro"],"url":"https:\/\/www.protopopiatebn.ro\/index.php\/author\/cris\/"}]}},"_links":{"self":[{"href":"https:\/\/www.protopopiatebn.ro\/index.php\/wp-json\/wp\/v2\/posts\/1089","targetHints":{"allow":["GET"]}}],"collection":[{"href":"https:\/\/www.protopopiatebn.ro\/index.php\/wp-json\/wp\/v2\/posts"}],"about":[{"href":"https:\/\/www.protopopiatebn.ro\/index.php\/wp-json\/wp\/v2\/types\/post"}],"author":[{"embeddable":true,"href":"https:\/\/www.protopopiatebn.ro\/index.php\/wp-json\/wp\/v2\/users\/5"}],"replies":[{"embeddable":true,"href":"https:\/\/www.protopopiatebn.ro\/index.php\/wp-json\/wp\/v2\/comments?post=1089"}],"version-history":[{"count":9,"href":"https:\/\/www.protopopiatebn.ro\/index.php\/wp-json\/wp\/v2\/posts\/1089\/revisions"}],"predecessor-version":[{"id":1105,"href":"https:\/\/www.protopopiatebn.ro\/index.php\/wp-json\/wp\/v2\/posts\/1089\/revisions\/1105"}],"wp:attachment":[{"href":"https:\/\/www.protopopiatebn.ro\/index.php\/wp-json\/wp\/v2\/media?parent=1089"}],"wp:term":[{"taxonomy":"category","embeddable":true,"href":"https:\/\/www.protopopiatebn.ro\/index.php\/wp-json\/wp\/v2\/categories?post=1089"},{"taxonomy":"post_tag","embeddable":true,"href":"https:\/\/www.protopopiatebn.ro\/index.php\/wp-json\/wp\/v2\/tags?post=1089"}],"curies":[{"name":"wp","href":"https:\/\/api.w.org\/{rel}","templated":true}]}}