{"id":1082,"date":"2024-12-22T20:18:29","date_gmt":"2024-12-22T18:18:29","guid":{"rendered":"https:\/\/www.protopopiatebn.ro\/?p=1082"},"modified":"2025-02-24T20:54:43","modified_gmt":"2025-02-24T18:54:43","slug":"celebrarea-liturgica-si-concert-de-colinde-in-parohia-greco-catolica-sf-ap-petru-si-pavel-beclean-22-12-2024","status":"publish","type":"post","link":"https:\/\/www.protopopiatebn.ro\/index.php\/2024\/12\/22\/celebrarea-liturgica-si-concert-de-colinde-in-parohia-greco-catolica-sf-ap-petru-si-pavel-beclean-22-12-2024\/","title":{"rendered":"Celebrarea liturgic\u0103 \u0219i Concert de Colinde \u00een Parohia Greco-Catolic\u0103 \u201dSf. Ap. Petru \u0219i Pavel\u201d Beclean, 22.12.2024"},"content":{"rendered":"<p><img loading=\"lazy\" decoding=\"async\" class=\"size-large wp-image-1085 aligncenter\" src=\"https:\/\/www.protopopiatebn.ro\/wp-content\/uploads\/2024\/12\/IMG_0839-1024x769.jpg\" alt=\"\" width=\"700\" height=\"526\" srcset=\"https:\/\/www.protopopiatebn.ro\/wp-content\/uploads\/2024\/12\/IMG_0839-1024x769.jpg 1024w, https:\/\/www.protopopiatebn.ro\/wp-content\/uploads\/2024\/12\/IMG_0839-300x225.jpg 300w, https:\/\/www.protopopiatebn.ro\/wp-content\/uploads\/2024\/12\/IMG_0839-768x577.jpg 768w, https:\/\/www.protopopiatebn.ro\/wp-content\/uploads\/2024\/12\/IMG_0839-1536x1153.jpg 1536w, https:\/\/www.protopopiatebn.ro\/wp-content\/uploads\/2024\/12\/IMG_0839-2048x1538.jpg 2048w\" sizes=\"auto, (max-width: 700px) 100vw, 700px\" \/><\/p>\n<p>\u00cen duminica dinaintea Na\u0219terii Domnului,\u00a0\u00a0Pr. protopop Cristian Goia a celebrat Sf. Liturghie \u00een Biserica \u201eSfin\u021bii Apostoli Petru \u0219i Pavel\u201d din Beclean,\u00a0 cu ocazia \u00eencheierii misiunii de trei ani ca vicar parohial a p\u0103rintelui Cosmin Moldovan. Acesta \u0219i-a \u00eenceput misiunea pastoral\u0103 \u00een slujba parohiei din Beclean \u00een 12 septembrie 2021 \u0219i, timp de trei ani, a fost implicat \u00een activit\u0103\u021bile pastorale ale parohiei, a asistat spiritual grupul \u201eCerceta\u0219ii Mun\u021bilor\u201d din Beclean \u0219i grupul de tineri din parohie. La finalul Sfintei Liturghii, p\u0103rintele protopop \u0219i p\u0103rintele paroh Felician Neago\u0219 au mul\u021bumit public p\u0103rintelui Cosmin Moldovan pentru slujirea din parohia \u201eSfin\u021bii Apostoli Petru \u0219i Pavel\u201d din Beclean, men\u021bion\u00e2nd, printre altele, c\u0103 va r\u0103m\u00e2ne ca un frate \u00een inima comunit\u0103\u021bii c\u0103reia i s-a dedicat timp de trei ani \u0219i \u00een care va g\u0103si oric\u00e2nd un sprijin dac\u0103 va avea nevoie. Un cuv\u00e2nt de mul\u021bumire din partea parohiei a f\u0103cut \u0219i dl. Ion Radu Z\u0103greanu, curator al parohiei.\u00a0 Pr. Cosmin, vizibil emo\u021bionat, a avut si el un cuv\u00e2nt de mul\u021bumire adresat comunit\u0103\u021bii parohiale \u0219i p\u0103rintelui paroh Felician Neago\u0219.<\/p>\n<p>\u00cen \u00eencheiere, corul din Beclean i-a \u00eenc\u00e2ntat pe cei prezen\u021bi cu un scurt concert de colinde, iar apoi, c\u00e2\u021biva tineri de la Centrul pentru abilitare \u0219i reabilitare pentru persoane adulte cu dizabilit\u0103\u021bi \u201eSf\u00e2ntul Luca\u201d au pus \u00een scen\u0103 un scurt moment artistic. Apoi, un grup de tineri din parohie au c\u00e2ntat colinde acompaniate la chitar\u0103. La finalul Sfintei Liturghii, s-a organizat\u00a0 \u00een cl\u0103direa oratoriului o agap\u0103 fraterna preg\u0103tit\u0103 de mama p\u0103rintelui Cosmin \u0219i s-au mai c\u00e2ntat colinde.<\/p>\n<p style=\"text-align: right;\">a consemnat Mihnea Mure\u0219an<\/p>\n<h2><a href=\"https:\/\/photos.app.goo.gl\/y65HLSKLvxgcKgeU8\">ALBUM FOTO<\/a><\/h2>\n<p>SF. LITURGHIE VIDEO<\/p>\n<p><iframe loading=\"lazy\" title=\"YouTube video player\" src=\"https:\/\/www.youtube.com\/embed\/Ki2RkBMijQ0?si=4O48jDQkDq0IW55V\" width=\"560\" height=\"315\" frameborder=\"0\" allowfullscreen=\"allowfullscreen\"><\/iframe><\/p>\n<p>CONCERT DE COLINDE VIDEO<\/p>\n<p><iframe loading=\"lazy\" title=\"YouTube video player\" src=\"https:\/\/www.youtube.com\/embed\/jpaKeufYWtw?si=8bLehAKaYBwP_gXf\" width=\"560\" height=\"315\" frameborder=\"0\" allowfullscreen=\"allowfullscreen\"><\/iframe><\/p>\n","protected":false},"excerpt":{"rendered":"<p>\u00cen duminica dinaintea Na\u0219terii Domnului,\u00a0\u00a0Pr. protopop Cristian Goia a celebrat Sf. Liturghie \u00een Biserica \u201eSfin\u021bii Apostoli Petru \u0219i Pavel\u201d din Beclean,\u00a0 cu ocazia \u00eencheierii misiunii de trei ani ca vicar parohial a p\u0103rintelui Cosmin Moldovan. Acesta \u0219i-a \u00eenceput misiunea pastoral\u0103 \u00een slujba parohiei din Beclean \u00een 12 septembrie 2021 \u0219i, timp de trei ani, a &#8230; <span class=\"more\"><a class=\"more-link\" href=\"https:\/\/www.protopopiatebn.ro\/index.php\/2024\/12\/22\/celebrarea-liturgica-si-concert-de-colinde-in-parohia-greco-catolica-sf-ap-petru-si-pavel-beclean-22-12-2024\/\">[Read more&#8230;]<\/a><\/span><\/p>\n","protected":false},"author":5,"featured_media":0,"comment_status":"open","ping_status":"open","sticky":false,"template":"","format":"standard","meta":{"footnotes":""},"categories":[1],"tags":[],"class_list":{"0":"entry","1":"post","2":"publish","3":"author-cris","4":"post-1082","6":"format-standard","7":"category-uncategorized"},"yoast_head":"<!-- This site is optimized with the Yoast SEO plugin v27.5 - https:\/\/yoast.com\/product\/yoast-seo-wordpress\/ -->\n<title>Celebrarea liturgic\u0103 \u0219i Concert de Colinde \u00een Parohia Greco-Catolic\u0103 \u201dSf. Ap. Petru \u0219i Pavel\u201d Beclean, 22.12.2024 - PROTOPOPIATELE GRECO-CATOLICE BECLEAN, BISTRI\u021aA \u0218I RODNA<\/title>\n<meta name=\"robots\" content=\"index, follow, max-snippet:-1, max-image-preview:large, max-video-preview:-1\" \/>\n<link rel=\"canonical\" href=\"https:\/\/www.protopopiatebn.ro\/index.php\/2024\/12\/22\/celebrarea-liturgica-si-concert-de-colinde-in-parohia-greco-catolica-sf-ap-petru-si-pavel-beclean-22-12-2024\/\" \/>\n<meta property=\"og:locale\" content=\"ro_RO\" \/>\n<meta property=\"og:type\" content=\"article\" \/>\n<meta property=\"og:title\" content=\"Celebrarea liturgic\u0103 \u0219i Concert de Colinde \u00een Parohia Greco-Catolic\u0103 \u201dSf. Ap. Petru \u0219i Pavel\u201d Beclean, 22.12.2024 - PROTOPOPIATELE GRECO-CATOLICE BECLEAN, BISTRI\u021aA \u0218I RODNA\" \/>\n<meta property=\"og:description\" content=\"\u00cen duminica dinaintea Na\u0219terii Domnului,\u00a0\u00a0Pr. protopop Cristian Goia a celebrat Sf. Liturghie \u00een Biserica \u201eSfin\u021bii Apostoli Petru \u0219i Pavel\u201d din Beclean,\u00a0 cu ocazia \u00eencheierii misiunii de trei ani ca vicar parohial a p\u0103rintelui Cosmin Moldovan. Acesta \u0219i-a \u00eenceput misiunea pastoral\u0103 \u00een slujba parohiei din Beclean \u00een 12 septembrie 2021 \u0219i, timp de trei ani, a ... [Read more...]\" \/>\n<meta property=\"og:url\" content=\"https:\/\/www.protopopiatebn.ro\/index.php\/2024\/12\/22\/celebrarea-liturgica-si-concert-de-colinde-in-parohia-greco-catolica-sf-ap-petru-si-pavel-beclean-22-12-2024\/\" \/>\n<meta property=\"og:site_name\" content=\"PROTOPOPIATELE GRECO-CATOLICE BECLEAN, BISTRI\u021aA \u0218I RODNA\" \/>\n<meta property=\"article:published_time\" content=\"2024-12-22T18:18:29+00:00\" \/>\n<meta property=\"article:modified_time\" content=\"2025-02-24T18:54:43+00:00\" \/>\n<meta property=\"og:image\" content=\"https:\/\/www.protopopiatebn.ro\/wp-content\/uploads\/2024\/12\/IMG_0839-scaled.jpg\" \/>\n\t<meta property=\"og:image:width\" content=\"2560\" \/>\n\t<meta property=\"og:image:height\" content=\"1922\" \/>\n\t<meta property=\"og:image:type\" content=\"image\/jpeg\" \/>\n<meta name=\"author\" content=\"media\" \/>\n<meta name=\"twitter:card\" content=\"summary_large_image\" \/>\n<meta name=\"twitter:label1\" content=\"Scris de\" \/>\n\t<meta name=\"twitter:data1\" content=\"media\" \/>\n\t<meta name=\"twitter:label2\" content=\"Timp estimat pentru citire\" \/>\n\t<meta name=\"twitter:data2\" content=\"2 minute\" \/>\n<script type=\"application\/ld+json\" class=\"yoast-schema-graph\">{\"@context\":\"https:\\\/\\\/schema.org\",\"@graph\":[{\"@type\":\"Article\",\"@id\":\"https:\\\/\\\/www.protopopiatebn.ro\\\/index.php\\\/2024\\\/12\\\/22\\\/celebrarea-liturgica-si-concert-de-colinde-in-parohia-greco-catolica-sf-ap-petru-si-pavel-beclean-22-12-2024\\\/#article\",\"isPartOf\":{\"@id\":\"https:\\\/\\\/www.protopopiatebn.ro\\\/index.php\\\/2024\\\/12\\\/22\\\/celebrarea-liturgica-si-concert-de-colinde-in-parohia-greco-catolica-sf-ap-petru-si-pavel-beclean-22-12-2024\\\/\"},\"author\":{\"name\":\"media\",\"@id\":\"https:\\\/\\\/www.protopopiatebn.ro\\\/#\\\/schema\\\/person\\\/0ae7db3eab56aa840037ed9d33d107b2\"},\"headline\":\"Celebrarea liturgic\u0103 \u0219i Concert de Colinde \u00een Parohia Greco-Catolic\u0103 \u201dSf. Ap. Petru \u0219i Pavel\u201d Beclean, 22.12.2024\",\"datePublished\":\"2024-12-22T18:18:29+00:00\",\"dateModified\":\"2025-02-24T18:54:43+00:00\",\"mainEntityOfPage\":{\"@id\":\"https:\\\/\\\/www.protopopiatebn.ro\\\/index.php\\\/2024\\\/12\\\/22\\\/celebrarea-liturgica-si-concert-de-colinde-in-parohia-greco-catolica-sf-ap-petru-si-pavel-beclean-22-12-2024\\\/\"},\"wordCount\":316,\"commentCount\":0,\"image\":{\"@id\":\"https:\\\/\\\/www.protopopiatebn.ro\\\/index.php\\\/2024\\\/12\\\/22\\\/celebrarea-liturgica-si-concert-de-colinde-in-parohia-greco-catolica-sf-ap-petru-si-pavel-beclean-22-12-2024\\\/#primaryimage\"},\"thumbnailUrl\":\"https:\\\/\\\/www.protopopiatebn.ro\\\/wp-content\\\/uploads\\\/2024\\\/12\\\/IMG_0839-1024x769.jpg\",\"articleSection\":[\"Uncategorized\"],\"inLanguage\":\"ro-RO\",\"potentialAction\":[{\"@type\":\"CommentAction\",\"name\":\"Comment\",\"target\":[\"https:\\\/\\\/www.protopopiatebn.ro\\\/index.php\\\/2024\\\/12\\\/22\\\/celebrarea-liturgica-si-concert-de-colinde-in-parohia-greco-catolica-sf-ap-petru-si-pavel-beclean-22-12-2024\\\/#respond\"]}]},{\"@type\":\"WebPage\",\"@id\":\"https:\\\/\\\/www.protopopiatebn.ro\\\/index.php\\\/2024\\\/12\\\/22\\\/celebrarea-liturgica-si-concert-de-colinde-in-parohia-greco-catolica-sf-ap-petru-si-pavel-beclean-22-12-2024\\\/\",\"url\":\"https:\\\/\\\/www.protopopiatebn.ro\\\/index.php\\\/2024\\\/12\\\/22\\\/celebrarea-liturgica-si-concert-de-colinde-in-parohia-greco-catolica-sf-ap-petru-si-pavel-beclean-22-12-2024\\\/\",\"name\":\"Celebrarea liturgic\u0103 \u0219i Concert de Colinde \u00een Parohia Greco-Catolic\u0103 \u201dSf. Ap. Petru \u0219i Pavel\u201d Beclean, 22.12.2024 - PROTOPOPIATELE GRECO-CATOLICE BECLEAN, BISTRI\u021aA \u0218I RODNA\",\"isPartOf\":{\"@id\":\"https:\\\/\\\/www.protopopiatebn.ro\\\/#website\"},\"primaryImageOfPage\":{\"@id\":\"https:\\\/\\\/www.protopopiatebn.ro\\\/index.php\\\/2024\\\/12\\\/22\\\/celebrarea-liturgica-si-concert-de-colinde-in-parohia-greco-catolica-sf-ap-petru-si-pavel-beclean-22-12-2024\\\/#primaryimage\"},\"image\":{\"@id\":\"https:\\\/\\\/www.protopopiatebn.ro\\\/index.php\\\/2024\\\/12\\\/22\\\/celebrarea-liturgica-si-concert-de-colinde-in-parohia-greco-catolica-sf-ap-petru-si-pavel-beclean-22-12-2024\\\/#primaryimage\"},\"thumbnailUrl\":\"https:\\\/\\\/www.protopopiatebn.ro\\\/wp-content\\\/uploads\\\/2024\\\/12\\\/IMG_0839-1024x769.jpg\",\"datePublished\":\"2024-12-22T18:18:29+00:00\",\"dateModified\":\"2025-02-24T18:54:43+00:00\",\"author\":{\"@id\":\"https:\\\/\\\/www.protopopiatebn.ro\\\/#\\\/schema\\\/person\\\/0ae7db3eab56aa840037ed9d33d107b2\"},\"breadcrumb\":{\"@id\":\"https:\\\/\\\/www.protopopiatebn.ro\\\/index.php\\\/2024\\\/12\\\/22\\\/celebrarea-liturgica-si-concert-de-colinde-in-parohia-greco-catolica-sf-ap-petru-si-pavel-beclean-22-12-2024\\\/#breadcrumb\"},\"inLanguage\":\"ro-RO\",\"potentialAction\":[{\"@type\":\"ReadAction\",\"target\":[\"https:\\\/\\\/www.protopopiatebn.ro\\\/index.php\\\/2024\\\/12\\\/22\\\/celebrarea-liturgica-si-concert-de-colinde-in-parohia-greco-catolica-sf-ap-petru-si-pavel-beclean-22-12-2024\\\/\"]}]},{\"@type\":\"ImageObject\",\"inLanguage\":\"ro-RO\",\"@id\":\"https:\\\/\\\/www.protopopiatebn.ro\\\/index.php\\\/2024\\\/12\\\/22\\\/celebrarea-liturgica-si-concert-de-colinde-in-parohia-greco-catolica-sf-ap-petru-si-pavel-beclean-22-12-2024\\\/#primaryimage\",\"url\":\"https:\\\/\\\/www.protopopiatebn.ro\\\/wp-content\\\/uploads\\\/2024\\\/12\\\/IMG_0839-scaled.jpg\",\"contentUrl\":\"https:\\\/\\\/www.protopopiatebn.ro\\\/wp-content\\\/uploads\\\/2024\\\/12\\\/IMG_0839-scaled.jpg\",\"width\":2560,\"height\":1922},{\"@type\":\"BreadcrumbList\",\"@id\":\"https:\\\/\\\/www.protopopiatebn.ro\\\/index.php\\\/2024\\\/12\\\/22\\\/celebrarea-liturgica-si-concert-de-colinde-in-parohia-greco-catolica-sf-ap-petru-si-pavel-beclean-22-12-2024\\\/#breadcrumb\",\"itemListElement\":[{\"@type\":\"ListItem\",\"position\":1,\"name\":\"Home\",\"item\":\"https:\\\/\\\/www.protopopiatebn.ro\\\/\"},{\"@type\":\"ListItem\",\"position\":2,\"name\":\"Celebrarea liturgic\u0103 \u0219i Concert de Colinde \u00een Parohia Greco-Catolic\u0103 \u201dSf. Ap. Petru \u0219i Pavel\u201d Beclean, 22.12.2024\"}]},{\"@type\":\"WebSite\",\"@id\":\"https:\\\/\\\/www.protopopiatebn.ro\\\/#website\",\"url\":\"https:\\\/\\\/www.protopopiatebn.ro\\\/\",\"name\":\"PROTOPOPIATELE GRECO-CATOLICE BECLEAN, BISTRI\u021aA \u0218I RODNA\",\"description\":\"\",\"potentialAction\":[{\"@type\":\"SearchAction\",\"target\":{\"@type\":\"EntryPoint\",\"urlTemplate\":\"https:\\\/\\\/www.protopopiatebn.ro\\\/?s={search_term_string}\"},\"query-input\":{\"@type\":\"PropertyValueSpecification\",\"valueRequired\":true,\"valueName\":\"search_term_string\"}}],\"inLanguage\":\"ro-RO\"},{\"@type\":\"Person\",\"@id\":\"https:\\\/\\\/www.protopopiatebn.ro\\\/#\\\/schema\\\/person\\\/0ae7db3eab56aa840037ed9d33d107b2\",\"name\":\"media\",\"image\":{\"@type\":\"ImageObject\",\"inLanguage\":\"ro-RO\",\"@id\":\"https:\\\/\\\/secure.gravatar.com\\\/avatar\\\/c4950415c2516cf691eae070b68021dad584fc0b242c5c9adcb4afe41f4d7a3d?s=96&d=mm&r=g\",\"url\":\"https:\\\/\\\/secure.gravatar.com\\\/avatar\\\/c4950415c2516cf691eae070b68021dad584fc0b242c5c9adcb4afe41f4d7a3d?s=96&d=mm&r=g\",\"contentUrl\":\"https:\\\/\\\/secure.gravatar.com\\\/avatar\\\/c4950415c2516cf691eae070b68021dad584fc0b242c5c9adcb4afe41f4d7a3d?s=96&d=mm&r=g\",\"caption\":\"media\"},\"sameAs\":[\"http:\\\/\\\/www.protopopiatebn.ro\"],\"url\":\"https:\\\/\\\/www.protopopiatebn.ro\\\/index.php\\\/author\\\/cris\\\/\"}]}<\/script>\n<!-- \/ Yoast SEO plugin. -->","yoast_head_json":{"title":"Celebrarea liturgic\u0103 \u0219i Concert de Colinde \u00een Parohia Greco-Catolic\u0103 \u201dSf. Ap. Petru \u0219i Pavel\u201d Beclean, 22.12.2024 - PROTOPOPIATELE GRECO-CATOLICE BECLEAN, BISTRI\u021aA \u0218I RODNA","robots":{"index":"index","follow":"follow","max-snippet":"max-snippet:-1","max-image-preview":"max-image-preview:large","max-video-preview":"max-video-preview:-1"},"canonical":"https:\/\/www.protopopiatebn.ro\/index.php\/2024\/12\/22\/celebrarea-liturgica-si-concert-de-colinde-in-parohia-greco-catolica-sf-ap-petru-si-pavel-beclean-22-12-2024\/","og_locale":"ro_RO","og_type":"article","og_title":"Celebrarea liturgic\u0103 \u0219i Concert de Colinde \u00een Parohia Greco-Catolic\u0103 \u201dSf. Ap. Petru \u0219i Pavel\u201d Beclean, 22.12.2024 - PROTOPOPIATELE GRECO-CATOLICE BECLEAN, BISTRI\u021aA \u0218I RODNA","og_description":"\u00cen duminica dinaintea Na\u0219terii Domnului,\u00a0\u00a0Pr. protopop Cristian Goia a celebrat Sf. Liturghie \u00een Biserica \u201eSfin\u021bii Apostoli Petru \u0219i Pavel\u201d din Beclean,\u00a0 cu ocazia \u00eencheierii misiunii de trei ani ca vicar parohial a p\u0103rintelui Cosmin Moldovan. Acesta \u0219i-a \u00eenceput misiunea pastoral\u0103 \u00een slujba parohiei din Beclean \u00een 12 septembrie 2021 \u0219i, timp de trei ani, a ... [Read more...]","og_url":"https:\/\/www.protopopiatebn.ro\/index.php\/2024\/12\/22\/celebrarea-liturgica-si-concert-de-colinde-in-parohia-greco-catolica-sf-ap-petru-si-pavel-beclean-22-12-2024\/","og_site_name":"PROTOPOPIATELE GRECO-CATOLICE BECLEAN, BISTRI\u021aA \u0218I RODNA","article_published_time":"2024-12-22T18:18:29+00:00","article_modified_time":"2025-02-24T18:54:43+00:00","og_image":[{"width":2560,"height":1922,"url":"https:\/\/www.protopopiatebn.ro\/wp-content\/uploads\/2024\/12\/IMG_0839-scaled.jpg","type":"image\/jpeg"}],"author":"media","twitter_card":"summary_large_image","twitter_misc":{"Scris de":"media","Timp estimat pentru citire":"2 minute"},"schema":{"@context":"https:\/\/schema.org","@graph":[{"@type":"Article","@id":"https:\/\/www.protopopiatebn.ro\/index.php\/2024\/12\/22\/celebrarea-liturgica-si-concert-de-colinde-in-parohia-greco-catolica-sf-ap-petru-si-pavel-beclean-22-12-2024\/#article","isPartOf":{"@id":"https:\/\/www.protopopiatebn.ro\/index.php\/2024\/12\/22\/celebrarea-liturgica-si-concert-de-colinde-in-parohia-greco-catolica-sf-ap-petru-si-pavel-beclean-22-12-2024\/"},"author":{"name":"media","@id":"https:\/\/www.protopopiatebn.ro\/#\/schema\/person\/0ae7db3eab56aa840037ed9d33d107b2"},"headline":"Celebrarea liturgic\u0103 \u0219i Concert de Colinde \u00een Parohia Greco-Catolic\u0103 \u201dSf. Ap. Petru \u0219i Pavel\u201d Beclean, 22.12.2024","datePublished":"2024-12-22T18:18:29+00:00","dateModified":"2025-02-24T18:54:43+00:00","mainEntityOfPage":{"@id":"https:\/\/www.protopopiatebn.ro\/index.php\/2024\/12\/22\/celebrarea-liturgica-si-concert-de-colinde-in-parohia-greco-catolica-sf-ap-petru-si-pavel-beclean-22-12-2024\/"},"wordCount":316,"commentCount":0,"image":{"@id":"https:\/\/www.protopopiatebn.ro\/index.php\/2024\/12\/22\/celebrarea-liturgica-si-concert-de-colinde-in-parohia-greco-catolica-sf-ap-petru-si-pavel-beclean-22-12-2024\/#primaryimage"},"thumbnailUrl":"https:\/\/www.protopopiatebn.ro\/wp-content\/uploads\/2024\/12\/IMG_0839-1024x769.jpg","articleSection":["Uncategorized"],"inLanguage":"ro-RO","potentialAction":[{"@type":"CommentAction","name":"Comment","target":["https:\/\/www.protopopiatebn.ro\/index.php\/2024\/12\/22\/celebrarea-liturgica-si-concert-de-colinde-in-parohia-greco-catolica-sf-ap-petru-si-pavel-beclean-22-12-2024\/#respond"]}]},{"@type":"WebPage","@id":"https:\/\/www.protopopiatebn.ro\/index.php\/2024\/12\/22\/celebrarea-liturgica-si-concert-de-colinde-in-parohia-greco-catolica-sf-ap-petru-si-pavel-beclean-22-12-2024\/","url":"https:\/\/www.protopopiatebn.ro\/index.php\/2024\/12\/22\/celebrarea-liturgica-si-concert-de-colinde-in-parohia-greco-catolica-sf-ap-petru-si-pavel-beclean-22-12-2024\/","name":"Celebrarea liturgic\u0103 \u0219i Concert de Colinde \u00een Parohia Greco-Catolic\u0103 \u201dSf. Ap. Petru \u0219i Pavel\u201d Beclean, 22.12.2024 - PROTOPOPIATELE GRECO-CATOLICE BECLEAN, BISTRI\u021aA \u0218I RODNA","isPartOf":{"@id":"https:\/\/www.protopopiatebn.ro\/#website"},"primaryImageOfPage":{"@id":"https:\/\/www.protopopiatebn.ro\/index.php\/2024\/12\/22\/celebrarea-liturgica-si-concert-de-colinde-in-parohia-greco-catolica-sf-ap-petru-si-pavel-beclean-22-12-2024\/#primaryimage"},"image":{"@id":"https:\/\/www.protopopiatebn.ro\/index.php\/2024\/12\/22\/celebrarea-liturgica-si-concert-de-colinde-in-parohia-greco-catolica-sf-ap-petru-si-pavel-beclean-22-12-2024\/#primaryimage"},"thumbnailUrl":"https:\/\/www.protopopiatebn.ro\/wp-content\/uploads\/2024\/12\/IMG_0839-1024x769.jpg","datePublished":"2024-12-22T18:18:29+00:00","dateModified":"2025-02-24T18:54:43+00:00","author":{"@id":"https:\/\/www.protopopiatebn.ro\/#\/schema\/person\/0ae7db3eab56aa840037ed9d33d107b2"},"breadcrumb":{"@id":"https:\/\/www.protopopiatebn.ro\/index.php\/2024\/12\/22\/celebrarea-liturgica-si-concert-de-colinde-in-parohia-greco-catolica-sf-ap-petru-si-pavel-beclean-22-12-2024\/#breadcrumb"},"inLanguage":"ro-RO","potentialAction":[{"@type":"ReadAction","target":["https:\/\/www.protopopiatebn.ro\/index.php\/2024\/12\/22\/celebrarea-liturgica-si-concert-de-colinde-in-parohia-greco-catolica-sf-ap-petru-si-pavel-beclean-22-12-2024\/"]}]},{"@type":"ImageObject","inLanguage":"ro-RO","@id":"https:\/\/www.protopopiatebn.ro\/index.php\/2024\/12\/22\/celebrarea-liturgica-si-concert-de-colinde-in-parohia-greco-catolica-sf-ap-petru-si-pavel-beclean-22-12-2024\/#primaryimage","url":"https:\/\/www.protopopiatebn.ro\/wp-content\/uploads\/2024\/12\/IMG_0839-scaled.jpg","contentUrl":"https:\/\/www.protopopiatebn.ro\/wp-content\/uploads\/2024\/12\/IMG_0839-scaled.jpg","width":2560,"height":1922},{"@type":"BreadcrumbList","@id":"https:\/\/www.protopopiatebn.ro\/index.php\/2024\/12\/22\/celebrarea-liturgica-si-concert-de-colinde-in-parohia-greco-catolica-sf-ap-petru-si-pavel-beclean-22-12-2024\/#breadcrumb","itemListElement":[{"@type":"ListItem","position":1,"name":"Home","item":"https:\/\/www.protopopiatebn.ro\/"},{"@type":"ListItem","position":2,"name":"Celebrarea liturgic\u0103 \u0219i Concert de Colinde \u00een Parohia Greco-Catolic\u0103 \u201dSf. Ap. Petru \u0219i Pavel\u201d Beclean, 22.12.2024"}]},{"@type":"WebSite","@id":"https:\/\/www.protopopiatebn.ro\/#website","url":"https:\/\/www.protopopiatebn.ro\/","name":"PROTOPOPIATELE GRECO-CATOLICE BECLEAN, BISTRI\u021aA \u0218I RODNA","description":"","potentialAction":[{"@type":"SearchAction","target":{"@type":"EntryPoint","urlTemplate":"https:\/\/www.protopopiatebn.ro\/?s={search_term_string}"},"query-input":{"@type":"PropertyValueSpecification","valueRequired":true,"valueName":"search_term_string"}}],"inLanguage":"ro-RO"},{"@type":"Person","@id":"https:\/\/www.protopopiatebn.ro\/#\/schema\/person\/0ae7db3eab56aa840037ed9d33d107b2","name":"media","image":{"@type":"ImageObject","inLanguage":"ro-RO","@id":"https:\/\/secure.gravatar.com\/avatar\/c4950415c2516cf691eae070b68021dad584fc0b242c5c9adcb4afe41f4d7a3d?s=96&d=mm&r=g","url":"https:\/\/secure.gravatar.com\/avatar\/c4950415c2516cf691eae070b68021dad584fc0b242c5c9adcb4afe41f4d7a3d?s=96&d=mm&r=g","contentUrl":"https:\/\/secure.gravatar.com\/avatar\/c4950415c2516cf691eae070b68021dad584fc0b242c5c9adcb4afe41f4d7a3d?s=96&d=mm&r=g","caption":"media"},"sameAs":["http:\/\/www.protopopiatebn.ro"],"url":"https:\/\/www.protopopiatebn.ro\/index.php\/author\/cris\/"}]}},"_links":{"self":[{"href":"https:\/\/www.protopopiatebn.ro\/index.php\/wp-json\/wp\/v2\/posts\/1082","targetHints":{"allow":["GET"]}}],"collection":[{"href":"https:\/\/www.protopopiatebn.ro\/index.php\/wp-json\/wp\/v2\/posts"}],"about":[{"href":"https:\/\/www.protopopiatebn.ro\/index.php\/wp-json\/wp\/v2\/types\/post"}],"author":[{"embeddable":true,"href":"https:\/\/www.protopopiatebn.ro\/index.php\/wp-json\/wp\/v2\/users\/5"}],"replies":[{"embeddable":true,"href":"https:\/\/www.protopopiatebn.ro\/index.php\/wp-json\/wp\/v2\/comments?post=1082"}],"version-history":[{"count":11,"href":"https:\/\/www.protopopiatebn.ro\/index.php\/wp-json\/wp\/v2\/posts\/1082\/revisions"}],"predecessor-version":[{"id":1084,"href":"https:\/\/www.protopopiatebn.ro\/index.php\/wp-json\/wp\/v2\/posts\/1082\/revisions\/1084"}],"wp:attachment":[{"href":"https:\/\/www.protopopiatebn.ro\/index.php\/wp-json\/wp\/v2\/media?parent=1082"}],"wp:term":[{"taxonomy":"category","embeddable":true,"href":"https:\/\/www.protopopiatebn.ro\/index.php\/wp-json\/wp\/v2\/categories?post=1082"},{"taxonomy":"post_tag","embeddable":true,"href":"https:\/\/www.protopopiatebn.ro\/index.php\/wp-json\/wp\/v2\/tags?post=1082"}],"curies":[{"name":"wp","href":"https:\/\/api.w.org\/{rel}","templated":true}]}}